{"id":1053,"date":"2025-12-23T18:49:55","date_gmt":"2025-12-23T17:49:55","guid":{"rendered":"https:\/\/ongadesco.org\/fr\/?p=1053"},"modified":"2025-12-23T18:49:56","modified_gmt":"2025-12-23T17:49:56","slug":"adesco-organise-son-assemblee-generale-ordinaire-et-renouvelle-ses-instances-dirigeantes","status":"publish","type":"post","link":"https:\/\/ongadesco.org\/fr\/adesco-organise-son-assemblee-generale-ordinaire-et-renouvelle-ses-instances-dirigeantes\/","title":{"rendered":"ADESCO organise son Assembl\u00e9e G\u00e9n\u00e9rale Ordinaire et renouvelle ses instances dirigeantes."},"content":{"rendered":"\n<p>L\u2019Organisation Appui au D\u00e9veloppement et \u00e0 la Sant\u00e9 Communautaire (ADESCO) a tenu, le samedi 20 d\u00e9cembre 2025, \u00e0 l\u2019H\u00f4tel SOLIM PALACE de Sokod\u00e9 et en et en mode hybride (pr\u00e9sentiel et en ligne), son Assembl\u00e9e G\u00e9n\u00e9rale Ordinaire et \u00c9lective, marquant une \u00e9tape d\u00e9terminante de sa vie institutionnelle.<\/p>\n\n\n\n<p>Cette rencontre statutaire a mobilis\u00e9 49 membres, dont treize (13) femmes, ainsi que plusieurs autorit\u00e9s administratives et partenaires institutionnels, notamment des repr\u00e9sentants de la Pr\u00e9fecture de Tchaoudjo, de la Commune de Tchaoudjo 1, des services techniques de l\u2019Etat et des participants aux programmes de ADESCO.<\/p>\n\n\n<div class=\"wp-block-image\">\n<figure class=\"aligncenter size-large\"><img loading=\"lazy\" decoding=\"async\" width=\"1024\" height=\"669\" src=\"https:\/\/ongadesco.org\/fr\/wp-content\/uploads\/2025\/12\/IMG_0712-1024x669.jpg\" alt=\"\" class=\"wp-image-1056\" srcset=\"https:\/\/ongadesco.org\/fr\/wp-content\/uploads\/2025\/12\/IMG_0712-1024x669.jpg 1024w, https:\/\/ongadesco.org\/fr\/wp-content\/uploads\/2025\/12\/IMG_0712-300x196.jpg 300w, https:\/\/ongadesco.org\/fr\/wp-content\/uploads\/2025\/12\/IMG_0712-768x502.jpg 768w, https:\/\/ongadesco.org\/fr\/wp-content\/uploads\/2025\/12\/IMG_0712-1536x1004.jpg 1536w, https:\/\/ongadesco.org\/fr\/wp-content\/uploads\/2025\/12\/IMG_0712-2048x1338.jpg 2048w\" sizes=\"auto, (max-width: 1024px) 100vw, 1024px\" \/><figcaption class=\"wp-element-caption\"><em><strong>Table des officiels \u00e0 l&rsquo;ouverture de la s\u00e9ance: le PCA de ADESCO \u00e0 gauche suivi du SG de la  Pr\u00e9fecture et SG Commune Tchaoudjo 1 <\/strong><\/em><\/figcaption><\/figure>\n<\/div>\n\n\n<p>La c\u00e9r\u00e9monie d\u2019ouverture a \u00e9t\u00e9 ponctu\u00e9e par des allocutions des autorit\u00e9s locales et du Pr\u00e9sident du Conseil d\u2019Administration (PCA), qui ont salu\u00e9 les 30 ann\u00e9es d\u2019engagement de ADESCO en faveur du d\u00e9veloppement communautaire, particuli\u00e8rement dans les domaines de la sant\u00e9, de l\u2019\u00e9ducation, de l\u2019eau, de l\u2019hygi\u00e8ne et de l\u2019assainissement.<\/p>\n\n\n\n<p>Au cours des travaux, le rapport moral et financier du Conseil d\u2019Administration sortant (2022\u20132025) a \u00e9t\u00e9 pr\u00e9sent\u00e9. Malgr\u00e9 un contexte de raret\u00e9 des financements, ADESCO a mis en \u0153uvre une dizaine de projets dans les r\u00e9gions Centrale et de la Kara, mobilisant plus de 1,5 milliard de FCFA au b\u00e9n\u00e9fice direct des communaut\u00e9s.<\/p>\n\n\n\n<p>En reconnaissance des services rendus, des attestations d\u2019honneur ont \u00e9t\u00e9 remises aux membres sortants du Conseil d\u2019Administration pour leur engagement et leur contribution au rayonnement institutionnel de ADESCO.<\/p>\n\n\n<div class=\"wp-block-image\">\n<figure class=\"aligncenter size-large\"><img loading=\"lazy\" decoding=\"async\" width=\"1024\" height=\"628\" src=\"https:\/\/ongadesco.org\/fr\/wp-content\/uploads\/2025\/12\/IMG_0639-1024x628.jpg\" alt=\"\" class=\"wp-image-1061\" srcset=\"https:\/\/ongadesco.org\/fr\/wp-content\/uploads\/2025\/12\/IMG_0639-1024x628.jpg 1024w, https:\/\/ongadesco.org\/fr\/wp-content\/uploads\/2025\/12\/IMG_0639-300x184.jpg 300w, https:\/\/ongadesco.org\/fr\/wp-content\/uploads\/2025\/12\/IMG_0639-768x471.jpg 768w, https:\/\/ongadesco.org\/fr\/wp-content\/uploads\/2025\/12\/IMG_0639-1536x943.jpg 1536w, https:\/\/ongadesco.org\/fr\/wp-content\/uploads\/2025\/12\/IMG_0639-2048x1257.jpg 2048w\" sizes=\"auto, (max-width: 1024px) 100vw, 1024px\" \/><figcaption class=\"wp-element-caption\"><strong><em>Attestations de reconnaissance remises aux membres du bureau sortan<\/em><\/strong><em><strong>t pour le travail abattu<\/strong><\/em><\/figcaption><\/figure>\n<\/div>\n\n\n<p>Dans un esprit de transparence, d\u00e9mocratie et de bonne gouvernance, un pr\u00e9sidium \u00e9lectoral a \u00e9t\u00e9 mis en place pour conduire le processus \u00e9lectoral. A l\u2019issue des \u00e9lections, un nouveau Conseil d\u2019Administration a \u00e9t\u00e9 \u00e9lu, avec \u00e0 sa t\u00eate Monsieur TCHONDA Tetouehaki en qualit\u00e9 de Pr\u00e9sident.<\/p>\n\n\n<div class=\"wp-block-image\">\n<figure class=\"aligncenter size-large\"><img loading=\"lazy\" decoding=\"async\" width=\"1024\" height=\"585\" src=\"https:\/\/ongadesco.org\/fr\/wp-content\/uploads\/2025\/12\/IMG_0659-1-1024x585.jpg\" alt=\"\" class=\"wp-image-1066\" srcset=\"https:\/\/ongadesco.org\/fr\/wp-content\/uploads\/2025\/12\/IMG_0659-1-1024x585.jpg 1024w, https:\/\/ongadesco.org\/fr\/wp-content\/uploads\/2025\/12\/IMG_0659-1-300x171.jpg 300w, https:\/\/ongadesco.org\/fr\/wp-content\/uploads\/2025\/12\/IMG_0659-1-768x438.jpg 768w, https:\/\/ongadesco.org\/fr\/wp-content\/uploads\/2025\/12\/IMG_0659-1-1536x877.jpg 1536w, https:\/\/ongadesco.org\/fr\/wp-content\/uploads\/2025\/12\/IMG_0659-1-2048x1169.jpg 2048w\" sizes=\"auto, (max-width: 1024px) 100vw, 1024px\" \/><figcaption class=\"wp-element-caption\"><strong><em>Le pr\u00e9sidium<\/em><\/strong><\/figcaption><\/figure>\n<\/div>\n\n\n<p>Le nouveau Conseil d\u2019Administration se compose donc comme suit&nbsp;:<\/p>\n\n\n\n<p>Pr\u00e9sident&nbsp;: Monsieur TCHONDA Tetouehaki<\/p>\n\n\n\n<p>Secr\u00e9taire G\u00e9n\u00e9ral&nbsp;: Madame GBATI Abidah<\/p>\n\n\n\n<p>Tr\u00e9sorier G\u00e9n\u00e9ral&nbsp;:&nbsp; Monsieur SANSANE Dandjima<\/p>\n\n\n\n<p>1er Conseiller&nbsp;: Monsieur ANTHE Jonas<\/p>\n\n\n\n<p>2\u00e8me Conseiller\u00a0: Madame BOYODE Anaobidede.<\/p>\n\n\n<div class=\"wp-block-image\">\n<figure class=\"aligncenter size-large\"><img loading=\"lazy\" decoding=\"async\" width=\"1024\" height=\"654\" src=\"https:\/\/ongadesco.org\/fr\/wp-content\/uploads\/2025\/12\/IMG_0643-2-1024x654.jpg\" alt=\"\" class=\"wp-image-1065\" srcset=\"https:\/\/ongadesco.org\/fr\/wp-content\/uploads\/2025\/12\/IMG_0643-2-1024x654.jpg 1024w, https:\/\/ongadesco.org\/fr\/wp-content\/uploads\/2025\/12\/IMG_0643-2-300x191.jpg 300w, https:\/\/ongadesco.org\/fr\/wp-content\/uploads\/2025\/12\/IMG_0643-2-768x490.jpg 768w, https:\/\/ongadesco.org\/fr\/wp-content\/uploads\/2025\/12\/IMG_0643-2-1536x980.jpg 1536w, https:\/\/ongadesco.org\/fr\/wp-content\/uploads\/2025\/12\/IMG_0643-2-2048x1307.jpg 2048w\" sizes=\"auto, (max-width: 1024px) 100vw, 1024px\" \/><figcaption class=\"wp-element-caption\"><em><strong>Les nouveaux membres du CA \u00e9lus<\/strong><\/em>.<\/figcaption><\/figure>\n<\/div>\n\n\n<p>En cl\u00f4ture des travaux, le nouveau Pr\u00e9sident du Conseil d\u2019Administration a exprim\u00e9 sa profonde gratitude aux membres et aux partenaires pour leur confiance renouvel\u00e9e. &nbsp;Positionnement sa vision strat\u00e9gique, ax\u00e9e sur le renforcement de la gouvernance interne, la diversification des sources de financement, la consolidation de l\u2019ancrage communautaire et le positionnement de ADESCO comme un partenaire cr\u00e9dible et incontournable des pouvoirs publics ainsi que des partenaires techniques et financiers.<\/p>\n\n\n<div class=\"wp-block-image\">\n<figure class=\"aligncenter size-large\"><img loading=\"lazy\" decoding=\"async\" width=\"1024\" height=\"673\" src=\"https:\/\/ongadesco.org\/fr\/wp-content\/uploads\/2025\/12\/IMG_0672-1024x673.jpg\" alt=\"\" class=\"wp-image-1067\" srcset=\"https:\/\/ongadesco.org\/fr\/wp-content\/uploads\/2025\/12\/IMG_0672-1024x673.jpg 1024w, https:\/\/ongadesco.org\/fr\/wp-content\/uploads\/2025\/12\/IMG_0672-300x197.jpg 300w, https:\/\/ongadesco.org\/fr\/wp-content\/uploads\/2025\/12\/IMG_0672-768x505.jpg 768w, https:\/\/ongadesco.org\/fr\/wp-content\/uploads\/2025\/12\/IMG_0672-1536x1009.jpg 1536w, https:\/\/ongadesco.org\/fr\/wp-content\/uploads\/2025\/12\/IMG_0672-2048x1346.jpg 2048w\" sizes=\"auto, (max-width: 1024px) 100vw, 1024px\" \/><figcaption class=\"wp-element-caption\"><strong><em>Les membres du CA  \u00e9lus re\u00e7oivent les f\u00e9licitations et encouragements des membres de ADESCO.<\/em><\/strong><\/figcaption><\/figure>\n<\/div>\n\n\n<p><\/p>\n    <div class=\"related-post grid\">\r\n                <div class=\"headline\">Publications similaires<\/div>\r\n        <div class=\"post-list \">\r\n\r\n                        <div class=\"item\">\r\n                    \r\n    <a class=\"title post_title\"  title=\"CELEBRATION DE LA JOURNEE MONDIALE DU SIDA : Distribution des pr\u00e9servatifs \u00e0 Sokod\u00e9 par l\u2019ONG ADESCO\" href=\"https:\/\/ongadesco.org\/fr\/celebration-de-la-journee-mondiale-du-sida-distribution-des-preservatifs-a-sokode-par-long-adesco\/?related_post_from=162\">\r\n                CELEBRATION DE LA JOURNEE MONDIALE DU SIDA : Distribution des pr\u00e9servatifs \u00e0 Sokod\u00e9 par l\u2019ONG ADESCO    <\/a>\r\n\r\n    <div class=\"thumb post_thumb\">\r\n        <a  title=\"CELEBRATION DE LA JOURNEE MONDIALE DU SIDA : Distribution des pr\u00e9servatifs \u00e0 Sokod\u00e9 par l\u2019ONG ADESCO\" href=\"https:\/\/ongadesco.org\/fr\/celebration-de-la-journee-mondiale-du-sida-distribution-des-preservatifs-a-sokode-par-long-adesco\/?related_post_from=162\">\r\n\r\n            <img loading=\"lazy\" decoding=\"async\" width=\"150\" height=\"150\" src=\"https:\/\/ongadesco.org\/fr\/wp-content\/uploads\/2022\/12\/WhatsApp-Image-2022-07-23-at-09.10.29-1-150x150-1.jpeg\" class=\"attachment-full size-full wp-post-image\" alt=\"\" \/>\r\n\r\n        <\/a>\r\n    <\/div>\r\n    <p class=\"excerpt post_excerpt\">\r\n        A l\u2019occasion de la c\u00e9l\u00e9bration de la journ\u00e9e mondiale du SIDA le 1er&nbsp;d\u00e9cembre 2021, l\u2019ONG&nbsp;ADESCO&nbsp;en collaboration avec la plateforme nationale <a  class=\"read-more\" href=\"https:\/\/ongadesco.org\/fr\/celebration-de-la-journee-mondiale-du-sida-distribution-des-preservatifs-a-sokode-par-long-adesco\/?related_post_from=162\"> Lire la suite<\/a>    <\/p>\r\n                <\/div>\r\n                            <div class=\"item\">\r\n                    \r\n    <a class=\"title post_title\"  title=\"SANTE-TRANSFORMATION-APPRENTISSAGE : Suivi des activit\u00e9s du projet STARS \u00e0 Dankpen par le staff de l\u2019ONG ADESCO\" href=\"https:\/\/ongadesco.org\/fr\/sante-transformation-apprentissage-suivi-des-activites-du-projet-stars-a-dankpen-par-le-staff-de-long-adesco\/?related_post_from=165\">\r\n                SANTE-TRANSFORMATION-APPRENTISSAGE : Suivi des activit\u00e9s du projet STARS \u00e0 Dankpen par le staff de l\u2019ONG ADESCO    <\/a>\r\n\r\n    <div class=\"thumb post_thumb\">\r\n        <a  title=\"SANTE-TRANSFORMATION-APPRENTISSAGE : Suivi des activit\u00e9s du projet STARS \u00e0 Dankpen par le staff de l\u2019ONG ADESCO\" href=\"https:\/\/ongadesco.org\/fr\/sante-transformation-apprentissage-suivi-des-activites-du-projet-stars-a-dankpen-par-le-staff-de-long-adesco\/?related_post_from=165\">\r\n\r\n            <img loading=\"lazy\" decoding=\"async\" width=\"150\" height=\"145\" src=\"https:\/\/ongadesco.org\/fr\/wp-content\/uploads\/2022\/12\/WhatsApp-Image-2021-12-22-at-16.25.11-240x145-1-150x145-1.jpeg\" class=\"attachment-full size-full wp-post-image\" alt=\"\" \/>\r\n\r\n        <\/a>\r\n    <\/div>\r\n    <p class=\"excerpt post_excerpt\">\r\n        Les activit\u00e9s pr\u00e9vues sur le volet \u00e9cole int\u00e9gr\u00e9 du projet Sant\u00e9, Transformation, Apprentissage pour une R\u00e9ussite Scolaire (STARS) incluent entre <a  class=\"read-more\" href=\"https:\/\/ongadesco.org\/fr\/sante-transformation-apprentissage-suivi-des-activites-du-projet-stars-a-dankpen-par-le-staff-de-long-adesco\/?related_post_from=165\"> Lire la suite<\/a>    <\/p>\r\n                <\/div>\r\n                            <div class=\"item\">\r\n                    \r\n    <a class=\"title post_title\"  title=\"SANTE ET NUTRITION : Histoires de succ\u00e8s : CRS et ses partenaires accompagnent les \u00e9coles \u00e0 cantines scolaires STARS dans la r\u00e9alisation des Champs communautaires\" href=\"https:\/\/ongadesco.org\/fr\/sante-et-nutrition-histoires-de-succes-crs-et-ses-partenaires-accompagnent-les-ecoles-a-cantines-scolaires-stars-dans-la-realisation-des-champs-communautaires\/?related_post_from=168\">\r\n                SANTE ET NUTRITION : Histoires de succ\u00e8s : CRS et ses partenaires accompagnent les \u00e9coles \u00e0 cantines scolaires STARS dans la r\u00e9alisation des Champs communautaires    <\/a>\r\n\r\n    <div class=\"thumb post_thumb\">\r\n        <a  title=\"SANTE ET NUTRITION : Histoires de succ\u00e8s : CRS et ses partenaires accompagnent les \u00e9coles \u00e0 cantines scolaires STARS dans la r\u00e9alisation des Champs communautaires\" href=\"https:\/\/ongadesco.org\/fr\/sante-et-nutrition-histoires-de-succes-crs-et-ses-partenaires-accompagnent-les-ecoles-a-cantines-scolaires-stars-dans-la-realisation-des-champs-communautaires\/?related_post_from=168\">\r\n\r\n            <img loading=\"lazy\" decoding=\"async\" width=\"150\" height=\"150\" src=\"https:\/\/ongadesco.org\/fr\/wp-content\/uploads\/2022\/12\/QD-150x150-1.jpg\" class=\"attachment-full size-full wp-post-image\" alt=\"\" \/>\r\n\r\n        <\/a>\r\n    <\/div>\r\n    <p class=\"excerpt post_excerpt\">\r\n        Catholic Relief Services (CRS) a re\u00e7u un financement de la part du d\u00e9partement des USA en charge de l\u2019agriculture (USDA) <a  class=\"read-more\" href=\"https:\/\/ongadesco.org\/fr\/sante-et-nutrition-histoires-de-succes-crs-et-ses-partenaires-accompagnent-les-ecoles-a-cantines-scolaires-stars-dans-la-realisation-des-champs-communautaires\/?related_post_from=168\"> Lire la suite<\/a>    <\/p>\r\n                <\/div>\r\n                            <div class=\"item\">\r\n                    \r\n    <a class=\"title post_title\"  title=\"Apport du CMS Bon-Secours de l\u2019ONG ADESCO dans la pr\u00e9vention et le traitement des maladies non transmissibles\" href=\"https:\/\/ongadesco.org\/fr\/apport-du-cms-bon-secours-de-long-adesco-dans-la-prevention-et-le-traitement-des-maladies-non-transmissibles\/?related_post_from=171\">\r\n                Apport du CMS Bon-Secours de l\u2019ONG ADESCO dans la pr\u00e9vention et le traitement des maladies non transmissibles    <\/a>\r\n\r\n    <div class=\"thumb post_thumb\">\r\n        <a  title=\"Apport du CMS Bon-Secours de l\u2019ONG ADESCO dans la pr\u00e9vention et le traitement des maladies non transmissibles\" href=\"https:\/\/ongadesco.org\/fr\/apport-du-cms-bon-secours-de-long-adesco-dans-la-prevention-et-le-traitement-des-maladies-non-transmissibles\/?related_post_from=171\">\r\n\r\n            <img loading=\"lazy\" decoding=\"async\" width=\"150\" height=\"150\" src=\"https:\/\/ongadesco.org\/fr\/wp-content\/uploads\/2022\/12\/IMG_20220112_082427_5-150x150-1.jpg\" class=\"attachment-full size-full wp-post-image\" alt=\"\" \/>\r\n\r\n        <\/a>\r\n    <\/div>\r\n    <p class=\"excerpt post_excerpt\">\r\n        Une campagne de sensibilisation, d\u00e9pistage et de traitement gratuit de l'hypertension art\u00e9rielle et du diab\u00e8te est organis\u00e9e les 10, 11 <a  class=\"read-more\" href=\"https:\/\/ongadesco.org\/fr\/apport-du-cms-bon-secours-de-long-adesco-dans-la-prevention-et-le-traitement-des-maladies-non-transmissibles\/?related_post_from=171\"> Lire la suite<\/a>    <\/p>\r\n                <\/div>\r\n                            <div class=\"item\">\r\n                    \r\n    <a class=\"title post_title\"  title=\"VIVRE DANS UN ENVIRONNEMENT SAINT : Trois cantons de la pr\u00e9fecture de M\u00f4 s\u2019engagent\" href=\"https:\/\/ongadesco.org\/fr\/vivre-dans-un-environnement-saint-trois-cantons-de-la-prefecture-de-mo-sengagent\/?related_post_from=174\">\r\n                VIVRE DANS UN ENVIRONNEMENT SAINT : Trois cantons de la pr\u00e9fecture de M\u00f4 s\u2019engagent    <\/a>\r\n\r\n    <div class=\"thumb post_thumb\">\r\n        <a  title=\"VIVRE DANS UN ENVIRONNEMENT SAINT : Trois cantons de la pr\u00e9fecture de M\u00f4 s\u2019engagent\" href=\"https:\/\/ongadesco.org\/fr\/vivre-dans-un-environnement-saint-trois-cantons-de-la-prefecture-de-mo-sengagent\/?related_post_from=174\">\r\n\r\n            <img loading=\"lazy\" decoding=\"async\" width=\"150\" height=\"145\" src=\"https:\/\/ongadesco.org\/fr\/wp-content\/uploads\/2022\/12\/D-240x145-1-150x145-1.jpeg\" class=\"attachment-full size-full wp-post-image\" alt=\"\" \/>\r\n\r\n        <\/a>\r\n    <\/div>\r\n    <p class=\"excerpt post_excerpt\">\r\n        Amener les communaut\u00e9s \u00e0 r\u00e9aliser les latrines familiales pour mettre fin \u00e0 la d\u00e9f\u00e9cation \u00e0 l\u2019air libre, tel est l\u2019objectif <a  class=\"read-more\" href=\"https:\/\/ongadesco.org\/fr\/vivre-dans-un-environnement-saint-trois-cantons-de-la-prefecture-de-mo-sengagent\/?related_post_from=174\"> Lire la suite<\/a>    <\/p>\r\n                <\/div>\r\n                            <div class=\"item\">\r\n                    \r\n    <a class=\"title post_title\"  title=\"Rapprochement des services SSR aux jeunes et adolescents \u00e0 travers la clinique mobile\" href=\"https:\/\/ongadesco.org\/fr\/rapprochement-des-services-ssr-aux-jeunes-et-adolescents-a-travers-la-clinique-mobile\/?related_post_from=177\">\r\n                Rapprochement des services SSR aux jeunes et adolescents \u00e0 travers la clinique mobile    <\/a>\r\n\r\n    <div class=\"thumb post_thumb\">\r\n        <a  title=\"Rapprochement des services SSR aux jeunes et adolescents \u00e0 travers la clinique mobile\" href=\"https:\/\/ongadesco.org\/fr\/rapprochement-des-services-ssr-aux-jeunes-et-adolescents-a-travers-la-clinique-mobile\/?related_post_from=177\">\r\n\r\n            <img loading=\"lazy\" decoding=\"async\" width=\"150\" height=\"145\" src=\"https:\/\/ongadesco.org\/fr\/wp-content\/uploads\/2022\/12\/1-240x145-1-150x145-1.jpeg\" class=\"attachment-full size-full wp-post-image\" alt=\"\" \/>\r\n\r\n        <\/a>\r\n    <\/div>\r\n    <p class=\"excerpt post_excerpt\">\r\n        Gratuitement offerts aux jeunes et adolescents \u00e0 travers la clinique mobile de l\u2019ONG ADESCO, ces services sont entre autres la <a  class=\"read-more\" href=\"https:\/\/ongadesco.org\/fr\/rapprochement-des-services-ssr-aux-jeunes-et-adolescents-a-travers-la-clinique-mobile\/?related_post_from=177\"> Lire la suite<\/a>    <\/p>\r\n                <\/div>\r\n                            <div class=\"item\">\r\n                    \r\n    <a class=\"title post_title\"  title=\"Genre Transformateur et l\u2019Inclusion : 160 membres des r\u00e9seaux villageois de groupes d\u2019\u00e9pargne renforc\u00e9s dans la pr\u00e9fecture de Sotouboua\" href=\"https:\/\/ongadesco.org\/fr\/genre-transformateur-et-linclusion-160-membres-des-reseaux-villageois-de-groupes-depargne-renforces-dans-la-prefecture-de-sotouboua\/?related_post_from=180\">\r\n                Genre Transformateur et l\u2019Inclusion : 160 membres des r\u00e9seaux villageois de groupes d\u2019\u00e9pargne renforc\u00e9s dans la pr\u00e9fecture de Sotouboua    <\/a>\r\n\r\n    <div class=\"thumb post_thumb\">\r\n        <a  title=\"Genre Transformateur et l\u2019Inclusion : 160 membres des r\u00e9seaux villageois de groupes d\u2019\u00e9pargne renforc\u00e9s dans la pr\u00e9fecture de Sotouboua\" href=\"https:\/\/ongadesco.org\/fr\/genre-transformateur-et-linclusion-160-membres-des-reseaux-villageois-de-groupes-depargne-renforces-dans-la-prefecture-de-sotouboua\/?related_post_from=180\">\r\n\r\n            <img loading=\"lazy\" decoding=\"async\" width=\"150\" height=\"145\" src=\"https:\/\/ongadesco.org\/fr\/wp-content\/uploads\/2022\/12\/WhatsApp-Image-2022-02-23-at-15.42.55-1-240x145-1-150x145-1.jpeg\" class=\"attachment-full size-full wp-post-image\" alt=\"\" \/>\r\n\r\n        <\/a>\r\n    <\/div>\r\n    <p class=\"excerpt post_excerpt\">\r\n        A travers des questions-r\u00e9ponses, travaux de groupes, simulations\u2026, 160 membres de 80 r\u00e9seaux villageois de groupes d\u2019\u00e9pargne ont \u00e9t\u00e9 renforc\u00e9s <a  class=\"read-more\" href=\"https:\/\/ongadesco.org\/fr\/genre-transformateur-et-linclusion-160-membres-des-reseaux-villageois-de-groupes-depargne-renforces-dans-la-prefecture-de-sotouboua\/?related_post_from=180\"> Lire la suite<\/a>    <\/p>\r\n                <\/div>\r\n                            <div class=\"item\">\r\n                    \r\n    <a class=\"title post_title\"  title=\"POUR UNE MEILLEURE GESTION DE L\u2019HYGIENE MENSTRUELLE CHEZ LA FEMME ET LA JEUNE FILLE, 120 Encadreurs de clubs sont renforc\u00e9s\" href=\"https:\/\/ongadesco.org\/fr\/pour-une-meilleure-gestion-de-lhygiene-menstruelle-chez-la-femme-et-la-jeune-fille-120-encadreurs-de-clubs-sont-renforces\/?related_post_from=183\">\r\n                POUR UNE MEILLEURE GESTION DE L\u2019HYGIENE MENSTRUELLE CHEZ LA FEMME ET LA JEUNE FILLE, 120 Encadreurs de clubs sont renforc\u00e9s    <\/a>\r\n\r\n    <div class=\"thumb post_thumb\">\r\n        <a  title=\"POUR UNE MEILLEURE GESTION DE L\u2019HYGIENE MENSTRUELLE CHEZ LA FEMME ET LA JEUNE FILLE, 120 Encadreurs de clubs sont renforc\u00e9s\" href=\"https:\/\/ongadesco.org\/fr\/pour-une-meilleure-gestion-de-lhygiene-menstruelle-chez-la-femme-et-la-jeune-fille-120-encadreurs-de-clubs-sont-renforces\/?related_post_from=183\">\r\n\r\n            <img loading=\"lazy\" decoding=\"async\" width=\"150\" height=\"145\" src=\"https:\/\/ongadesco.org\/fr\/wp-content\/uploads\/2022\/12\/IMG_20220311_140847_8-6-240x145-1-150x145-1.jpg\" class=\"attachment-full size-full wp-post-image\" alt=\"\" \/>\r\n\r\n        <\/a>\r\n    <\/div>\r\n    <p class=\"excerpt post_excerpt\">\r\n        Ils sont au total 120 Enseignants identifi\u00e9s comme Encadreurs de clubs et les Points Focaux GHM (Gestion de l\u2019Hygi\u00e8ne Menstruelle) <a  class=\"read-more\" href=\"https:\/\/ongadesco.org\/fr\/pour-une-meilleure-gestion-de-lhygiene-menstruelle-chez-la-femme-et-la-jeune-fille-120-encadreurs-de-clubs-sont-renforces\/?related_post_from=183\"> Lire la suite<\/a>    <\/p>\r\n                <\/div>\r\n                            <div class=\"item\">\r\n                    \r\n    <a class=\"title post_title\"  title=\"Rapprochement des services SSR aux jeunes et adolescents \u00e0 travers la clinique mobile\" href=\"https:\/\/ongadesco.org\/fr\/rapprochement-des-services-ssr-aux-jeunes-et-adolescents-a-travers-la-clinique-mobile-2\/?related_post_from=186\">\r\n                Rapprochement des services SSR aux jeunes et adolescents \u00e0 travers la clinique mobile    <\/a>\r\n\r\n    <div class=\"thumb post_thumb\">\r\n        <a  title=\"Rapprochement des services SSR aux jeunes et adolescents \u00e0 travers la clinique mobile\" href=\"https:\/\/ongadesco.org\/fr\/rapprochement-des-services-ssr-aux-jeunes-et-adolescents-a-travers-la-clinique-mobile-2\/?related_post_from=186\">\r\n\r\n            <img loading=\"lazy\" decoding=\"async\" width=\"150\" height=\"145\" src=\"https:\/\/ongadesco.org\/fr\/wp-content\/uploads\/2022\/12\/DSC06707-240x145-1-150x145-1.jpg\" class=\"attachment-full size-full wp-post-image\" alt=\"\" \/>\r\n\r\n        <\/a>\r\n    <\/div>\r\n    <p class=\"excerpt post_excerpt\">\r\n        Apr\u00e8s la pr\u00e9fecture de Sotouboua, c\u2019est le tour de celle de M\u00f4 d\u2019accueillir la clinique mobile. Pour cette tourn\u00e9e de <a  class=\"read-more\" href=\"https:\/\/ongadesco.org\/fr\/rapprochement-des-services-ssr-aux-jeunes-et-adolescents-a-travers-la-clinique-mobile-2\/?related_post_from=186\"> Lire la suite<\/a>    <\/p>\r\n                <\/div>\r\n                            <div class=\"item\">\r\n                    \r\n    <a class=\"title post_title\"  title=\"60 Encadrants de clubs renforc\u00e9s sur les comp\u00e9tences de vie des Adolescents et Jeunes\" href=\"https:\/\/ongadesco.org\/fr\/60-encadrants-de-clubs-renforces-sur-les-competences-de-vie-des-adolescents-et-jeunes\/?related_post_from=192\">\r\n                60 Encadrants de clubs renforc\u00e9s sur les comp\u00e9tences de vie des Adolescents et Jeunes    <\/a>\r\n\r\n    <div class=\"thumb post_thumb\">\r\n        <a  title=\"60 Encadrants de clubs renforc\u00e9s sur les comp\u00e9tences de vie des Adolescents et Jeunes\" href=\"https:\/\/ongadesco.org\/fr\/60-encadrants-de-clubs-renforces-sur-les-competences-de-vie-des-adolescents-et-jeunes\/?related_post_from=192\">\r\n\r\n            <img loading=\"lazy\" decoding=\"async\" width=\"150\" height=\"150\" src=\"https:\/\/ongadesco.org\/fr\/wp-content\/uploads\/2022\/12\/Encadrants-clubs-150x150-1.jpeg\" class=\"attachment-full size-full wp-post-image\" alt=\"\" \/>\r\n\r\n        <\/a>\r\n    <\/div>\r\n    <p class=\"excerpt post_excerpt\">\r\n        Avec pour objectif sp\u00e9cifique de fournir aux encadrants des clubs des informations et des connaissances de base sur les comp\u00e9tences <a  class=\"read-more\" href=\"https:\/\/ongadesco.org\/fr\/60-encadrants-de-clubs-renforces-sur-les-competences-de-vie-des-adolescents-et-jeunes\/?related_post_from=192\"> Lire la suite<\/a>    <\/p>\r\n                <\/div>\r\n            \r\n    <\/div>\r\n\r\n    <script>\r\n            <\/script>\r\n    <style>\r\n        .related-post {}\r\n\r\n        .related-post .post-list {\r\n            text-align: left;\r\n                    }\r\n\r\n        .related-post .post-list .item {\r\n            margin: 10px;\r\n            padding: 0px;\r\n                    }\r\n\r\n        .related-post .headline {\r\n            font-size: 18px !important;\r\n            color: #999999 !important;\r\n                    }\r\n\r\n        .related-post .post-list .item .post_title {\r\n            font-size: 16px;\r\n            color: #dd3333;\r\n            margin: 10px 0px;\r\n            padding: 0px;\r\n            display: block;\r\n            text-decoration: none;\r\n                    }\r\n\r\n        .related-post .post-list .item .post_thumb {\r\n            max-height: 220px;\r\n            margin: 10px 0px;\r\n            padding: 0px;\r\n            display: block;\r\n                    }\r\n\r\n        .related-post .post-list .item .post_excerpt {\r\n            font-size: 13px;\r\n            color: #3f3f3f;\r\n            margin: 10px 0px;\r\n            padding: 0px;\r\n            display: block;\r\n            text-decoration: none;\r\n                    }\r\n\r\n        @media only screen and (min-width: 1024px) {\r\n            .related-post .post-list .item {\r\n                width: 45%;\r\n            }\r\n        }\r\n\r\n        @media only screen and (min-width: 768px) and (max-width: 1023px) {\r\n            .related-post .post-list .item {\r\n                width: 90%;\r\n            }\r\n        }\r\n\r\n        @media only screen and (min-width: 0px) and (max-width: 767px) {\r\n            .related-post .post-list .item {\r\n                width: 90%;\r\n            }\r\n        }\r\n\r\n            <\/style>\r\n        <\/div>\r\n","protected":false},"excerpt":{"rendered":"<p>L\u2019Organisation Appui au D\u00e9veloppement et \u00e0 la Sant\u00e9 Communautaire (ADESCO) a tenu, le samedi 20 d\u00e9cembre 2025, \u00e0 l\u2019H\u00f4tel SOLIM PALACE de Sokod\u00e9 et en et en mode hybride (pr\u00e9sentiel et en ligne), son Assembl\u00e9e G\u00e9n\u00e9rale Ordinaire et \u00c9lective, marquant une \u00e9tape d\u00e9terminante de sa vie institutionnelle. Cette rencontre statutaire a mobilis\u00e9 49 membres, dont [&hellip;]<\/p>\n","protected":false},"author":4,"featured_media":1055,"comment_status":"open","ping_status":"open","sticky":false,"template":"","format":"standard","meta":{"footnotes":""},"categories":[6],"tags":[],"class_list":["post-1053","post","type-post","status-publish","format-standard","has-post-thumbnail","hentry","category-activites_realisees"],"yoast_head":"<!-- This site is optimized with the Yoast SEO plugin v19.14 - https:\/\/yoast.com\/wordpress\/plugins\/seo\/ -->\n<title>ADESCO organise son Assembl\u00e9e G\u00e9n\u00e9rale Ordinaire et renouvelle ses instances dirigeantes. - ONG Adesco<\/title>\n<meta name=\"robots\" content=\"index, follow, max-snippet:-1, max-image-preview:large, max-video-preview:-1\" \/>\n<link rel=\"canonical\" href=\"https:\/\/ongadesco.org\/fr\/adesco-organise-son-assemblee-generale-ordinaire-et-renouvelle-ses-instances-dirigeantes\/\" \/>\n<meta property=\"og:locale\" content=\"fr_FR\" \/>\n<meta property=\"og:type\" content=\"article\" \/>\n<meta property=\"og:title\" content=\"ADESCO organise son Assembl\u00e9e G\u00e9n\u00e9rale Ordinaire et renouvelle ses instances dirigeantes. - ONG Adesco\" \/>\n<meta property=\"og:description\" content=\"L\u2019Organisation Appui au D\u00e9veloppement et \u00e0 la Sant\u00e9 Communautaire (ADESCO) a tenu, le samedi 20 d\u00e9cembre 2025, \u00e0 l\u2019H\u00f4tel SOLIM PALACE de Sokod\u00e9 et en et en mode hybride (pr\u00e9sentiel et en ligne), son Assembl\u00e9e G\u00e9n\u00e9rale Ordinaire et \u00c9lective, marquant une \u00e9tape d\u00e9terminante de sa vie institutionnelle. Cette rencontre statutaire a mobilis\u00e9 49 membres, dont [&hellip;]\" \/>\n<meta property=\"og:url\" content=\"https:\/\/ongadesco.org\/fr\/adesco-organise-son-assemblee-generale-ordinaire-et-renouvelle-ses-instances-dirigeantes\/\" \/>\n<meta property=\"og:site_name\" content=\"ONG Adesco\" \/>\n<meta property=\"article:publisher\" content=\"https:\/\/facebook.com\/adescosantedeveloppement\" \/>\n<meta property=\"article:published_time\" content=\"2025-12-23T17:49:55+00:00\" \/>\n<meta property=\"article:modified_time\" content=\"2025-12-23T17:49:56+00:00\" \/>\n<meta property=\"og:image\" content=\"https:\/\/ongadesco.org\/fr\/wp-content\/uploads\/2025\/12\/IMG_0741-scaled.jpg\" \/>\n\t<meta property=\"og:image:width\" content=\"2560\" \/>\n\t<meta property=\"og:image:height\" content=\"1221\" \/>\n\t<meta property=\"og:image:type\" content=\"image\/jpeg\" \/>\n<meta name=\"author\" content=\"afitz patrick\" \/>\n<meta name=\"twitter:card\" content=\"summary_large_image\" \/>\n<meta name=\"twitter:creator\" content=\"@ongadesco\" \/>\n<meta name=\"twitter:site\" content=\"@ongadesco\" \/>\n<meta name=\"twitter:label1\" content=\"\u00c9crit par\" \/>\n\t<meta name=\"twitter:data1\" content=\"afitz patrick\" \/>\n\t<meta name=\"twitter:label2\" content=\"Dur\u00e9e de lecture estim\u00e9e\" \/>\n\t<meta name=\"twitter:data2\" content=\"4 minutes\" \/>\n<script type=\"application\/ld+json\" class=\"yoast-schema-graph\">{\"@context\":\"https:\/\/schema.org\",\"@graph\":[{\"@type\":\"Article\",\"@id\":\"https:\/\/ongadesco.org\/fr\/adesco-organise-son-assemblee-generale-ordinaire-et-renouvelle-ses-instances-dirigeantes\/#article\",\"isPartOf\":{\"@id\":\"https:\/\/ongadesco.org\/fr\/adesco-organise-son-assemblee-generale-ordinaire-et-renouvelle-ses-instances-dirigeantes\/\"},\"author\":{\"name\":\"afitz patrick\",\"@id\":\"https:\/\/ongadesco.org\/fr\/#\/schema\/person\/17abd2bdd04f4dfea0adadcac83076ca\"},\"headline\":\"ADESCO organise son Assembl\u00e9e G\u00e9n\u00e9rale Ordinaire et renouvelle ses instances dirigeantes.\",\"datePublished\":\"2025-12-23T17:49:55+00:00\",\"dateModified\":\"2025-12-23T17:49:56+00:00\",\"mainEntityOfPage\":{\"@id\":\"https:\/\/ongadesco.org\/fr\/adesco-organise-son-assemblee-generale-ordinaire-et-renouvelle-ses-instances-dirigeantes\/\"},\"wordCount\":502,\"commentCount\":0,\"publisher\":{\"@id\":\"https:\/\/ongadesco.org\/fr\/#organization\"},\"articleSection\":[\"activit\u00e9s r\u00e9alis\u00e9es\"],\"inLanguage\":\"fr-FR\",\"potentialAction\":[{\"@type\":\"CommentAction\",\"name\":\"Comment\",\"target\":[\"https:\/\/ongadesco.org\/fr\/adesco-organise-son-assemblee-generale-ordinaire-et-renouvelle-ses-instances-dirigeantes\/#respond\"]}]},{\"@type\":\"WebPage\",\"@id\":\"https:\/\/ongadesco.org\/fr\/adesco-organise-son-assemblee-generale-ordinaire-et-renouvelle-ses-instances-dirigeantes\/\",\"url\":\"https:\/\/ongadesco.org\/fr\/adesco-organise-son-assemblee-generale-ordinaire-et-renouvelle-ses-instances-dirigeantes\/\",\"name\":\"ADESCO organise son Assembl\u00e9e G\u00e9n\u00e9rale Ordinaire et renouvelle ses instances dirigeantes. - ONG Adesco\",\"isPartOf\":{\"@id\":\"https:\/\/ongadesco.org\/fr\/#website\"},\"datePublished\":\"2025-12-23T17:49:55+00:00\",\"dateModified\":\"2025-12-23T17:49:56+00:00\",\"breadcrumb\":{\"@id\":\"https:\/\/ongadesco.org\/fr\/adesco-organise-son-assemblee-generale-ordinaire-et-renouvelle-ses-instances-dirigeantes\/#breadcrumb\"},\"inLanguage\":\"fr-FR\",\"potentialAction\":[{\"@type\":\"ReadAction\",\"target\":[\"https:\/\/ongadesco.org\/fr\/adesco-organise-son-assemblee-generale-ordinaire-et-renouvelle-ses-instances-dirigeantes\/\"]}]},{\"@type\":\"BreadcrumbList\",\"@id\":\"https:\/\/ongadesco.org\/fr\/adesco-organise-son-assemblee-generale-ordinaire-et-renouvelle-ses-instances-dirigeantes\/#breadcrumb\",\"itemListElement\":[{\"@type\":\"ListItem\",\"position\":1,\"name\":\"Accueil\",\"item\":\"https:\/\/ongadesco.org\/fr\/\"},{\"@type\":\"ListItem\",\"position\":2,\"name\":\"ADESCO organise son Assembl\u00e9e G\u00e9n\u00e9rale Ordinaire et renouvelle ses instances dirigeantes.\"}]},{\"@type\":\"WebSite\",\"@id\":\"https:\/\/ongadesco.org\/fr\/#website\",\"url\":\"https:\/\/ongadesco.org\/fr\/\",\"name\":\"ONG Adesco\",\"description\":\"\",\"publisher\":{\"@id\":\"https:\/\/ongadesco.org\/fr\/#organization\"},\"potentialAction\":[{\"@type\":\"SearchAction\",\"target\":{\"@type\":\"EntryPoint\",\"urlTemplate\":\"https:\/\/ongadesco.org\/fr\/?s={search_term_string}\"},\"query-input\":\"required name=search_term_string\"}],\"inLanguage\":\"fr-FR\"},{\"@type\":\"Organization\",\"@id\":\"https:\/\/ongadesco.org\/fr\/#organization\",\"name\":\"ONG Adesco\",\"url\":\"https:\/\/ongadesco.org\/fr\/\",\"logo\":{\"@type\":\"ImageObject\",\"inLanguage\":\"fr-FR\",\"@id\":\"https:\/\/ongadesco.org\/fr\/#\/schema\/logo\/image\/\",\"url\":\"https:\/\/ongadesco.org\/fr\/wp-content\/uploads\/2022\/12\/logo2.png\",\"contentUrl\":\"https:\/\/ongadesco.org\/fr\/wp-content\/uploads\/2022\/12\/logo2.png\",\"width\":134,\"height\":45,\"caption\":\"ONG Adesco\"},\"image\":{\"@id\":\"https:\/\/ongadesco.org\/fr\/#\/schema\/logo\/image\/\"},\"sameAs\":[\"https:\/\/web.whatsapp.com\/\",\"https:\/\/whatsapp.com\/\",\"https:\/\/facebook.com\/adescosantedeveloppement\",\"https:\/\/twitter.com\/ongadesco\"]},{\"@type\":\"Person\",\"@id\":\"https:\/\/ongadesco.org\/fr\/#\/schema\/person\/17abd2bdd04f4dfea0adadcac83076ca\",\"name\":\"afitz patrick\",\"image\":{\"@type\":\"ImageObject\",\"inLanguage\":\"fr-FR\",\"@id\":\"https:\/\/ongadesco.org\/fr\/#\/schema\/person\/image\/\",\"url\":\"https:\/\/secure.gravatar.com\/avatar\/9bd5e1cde16d6be84ea838abda8b465c992300074f3427e61dbfd295cefded1b?s=96&d=mm&r=g\",\"contentUrl\":\"https:\/\/secure.gravatar.com\/avatar\/9bd5e1cde16d6be84ea838abda8b465c992300074f3427e61dbfd295cefded1b?s=96&d=mm&r=g\",\"caption\":\"afitz patrick\"},\"url\":\"https:\/\/ongadesco.org\/fr\/author\/patrickafitz\/\"}]}<\/script>\n<!-- \/ Yoast SEO plugin. -->","yoast_head_json":{"title":"ADESCO organise son Assembl\u00e9e G\u00e9n\u00e9rale Ordinaire et renouvelle ses instances dirigeantes. - ONG Adesco","robots":{"index":"index","follow":"follow","max-snippet":"max-snippet:-1","max-image-preview":"max-image-preview:large","max-video-preview":"max-video-preview:-1"},"canonical":"https:\/\/ongadesco.org\/fr\/adesco-organise-son-assemblee-generale-ordinaire-et-renouvelle-ses-instances-dirigeantes\/","og_locale":"fr_FR","og_type":"article","og_title":"ADESCO organise son Assembl\u00e9e G\u00e9n\u00e9rale Ordinaire et renouvelle ses instances dirigeantes. - ONG Adesco","og_description":"L\u2019Organisation Appui au D\u00e9veloppement et \u00e0 la Sant\u00e9 Communautaire (ADESCO) a tenu, le samedi 20 d\u00e9cembre 2025, \u00e0 l\u2019H\u00f4tel SOLIM PALACE de Sokod\u00e9 et en et en mode hybride (pr\u00e9sentiel et en ligne), son Assembl\u00e9e G\u00e9n\u00e9rale Ordinaire et \u00c9lective, marquant une \u00e9tape d\u00e9terminante de sa vie institutionnelle. Cette rencontre statutaire a mobilis\u00e9 49 membres, dont [&hellip;]","og_url":"https:\/\/ongadesco.org\/fr\/adesco-organise-son-assemblee-generale-ordinaire-et-renouvelle-ses-instances-dirigeantes\/","og_site_name":"ONG Adesco","article_publisher":"https:\/\/facebook.com\/adescosantedeveloppement","article_published_time":"2025-12-23T17:49:55+00:00","article_modified_time":"2025-12-23T17:49:56+00:00","og_image":[{"width":2560,"height":1221,"url":"https:\/\/ongadesco.org\/fr\/wp-content\/uploads\/2025\/12\/IMG_0741-scaled.jpg","type":"image\/jpeg"}],"author":"afitz patrick","twitter_card":"summary_large_image","twitter_creator":"@ongadesco","twitter_site":"@ongadesco","twitter_misc":{"\u00c9crit par":"afitz patrick","Dur\u00e9e de lecture estim\u00e9e":"4 minutes"},"schema":{"@context":"https:\/\/schema.org","@graph":[{"@type":"Article","@id":"https:\/\/ongadesco.org\/fr\/adesco-organise-son-assemblee-generale-ordinaire-et-renouvelle-ses-instances-dirigeantes\/#article","isPartOf":{"@id":"https:\/\/ongadesco.org\/fr\/adesco-organise-son-assemblee-generale-ordinaire-et-renouvelle-ses-instances-dirigeantes\/"},"author":{"name":"afitz patrick","@id":"https:\/\/ongadesco.org\/fr\/#\/schema\/person\/17abd2bdd04f4dfea0adadcac83076ca"},"headline":"ADESCO organise son Assembl\u00e9e G\u00e9n\u00e9rale Ordinaire et renouvelle ses instances dirigeantes.","datePublished":"2025-12-23T17:49:55+00:00","dateModified":"2025-12-23T17:49:56+00:00","mainEntityOfPage":{"@id":"https:\/\/ongadesco.org\/fr\/adesco-organise-son-assemblee-generale-ordinaire-et-renouvelle-ses-instances-dirigeantes\/"},"wordCount":502,"commentCount":0,"publisher":{"@id":"https:\/\/ongadesco.org\/fr\/#organization"},"articleSection":["activit\u00e9s r\u00e9alis\u00e9es"],"inLanguage":"fr-FR","potentialAction":[{"@type":"CommentAction","name":"Comment","target":["https:\/\/ongadesco.org\/fr\/adesco-organise-son-assemblee-generale-ordinaire-et-renouvelle-ses-instances-dirigeantes\/#respond"]}]},{"@type":"WebPage","@id":"https:\/\/ongadesco.org\/fr\/adesco-organise-son-assemblee-generale-ordinaire-et-renouvelle-ses-instances-dirigeantes\/","url":"https:\/\/ongadesco.org\/fr\/adesco-organise-son-assemblee-generale-ordinaire-et-renouvelle-ses-instances-dirigeantes\/","name":"ADESCO organise son Assembl\u00e9e G\u00e9n\u00e9rale Ordinaire et renouvelle ses instances dirigeantes. - ONG Adesco","isPartOf":{"@id":"https:\/\/ongadesco.org\/fr\/#website"},"datePublished":"2025-12-23T17:49:55+00:00","dateModified":"2025-12-23T17:49:56+00:00","breadcrumb":{"@id":"https:\/\/ongadesco.org\/fr\/adesco-organise-son-assemblee-generale-ordinaire-et-renouvelle-ses-instances-dirigeantes\/#breadcrumb"},"inLanguage":"fr-FR","potentialAction":[{"@type":"ReadAction","target":["https:\/\/ongadesco.org\/fr\/adesco-organise-son-assemblee-generale-ordinaire-et-renouvelle-ses-instances-dirigeantes\/"]}]},{"@type":"BreadcrumbList","@id":"https:\/\/ongadesco.org\/fr\/adesco-organise-son-assemblee-generale-ordinaire-et-renouvelle-ses-instances-dirigeantes\/#breadcrumb","itemListElement":[{"@type":"ListItem","position":1,"name":"Accueil","item":"https:\/\/ongadesco.org\/fr\/"},{"@type":"ListItem","position":2,"name":"ADESCO organise son Assembl\u00e9e G\u00e9n\u00e9rale Ordinaire et renouvelle ses instances dirigeantes."}]},{"@type":"WebSite","@id":"https:\/\/ongadesco.org\/fr\/#website","url":"https:\/\/ongadesco.org\/fr\/","name":"ONG Adesco","description":"","publisher":{"@id":"https:\/\/ongadesco.org\/fr\/#organization"},"potentialAction":[{"@type":"SearchAction","target":{"@type":"EntryPoint","urlTemplate":"https:\/\/ongadesco.org\/fr\/?s={search_term_string}"},"query-input":"required name=search_term_string"}],"inLanguage":"fr-FR"},{"@type":"Organization","@id":"https:\/\/ongadesco.org\/fr\/#organization","name":"ONG Adesco","url":"https:\/\/ongadesco.org\/fr\/","logo":{"@type":"ImageObject","inLanguage":"fr-FR","@id":"https:\/\/ongadesco.org\/fr\/#\/schema\/logo\/image\/","url":"https:\/\/ongadesco.org\/fr\/wp-content\/uploads\/2022\/12\/logo2.png","contentUrl":"https:\/\/ongadesco.org\/fr\/wp-content\/uploads\/2022\/12\/logo2.png","width":134,"height":45,"caption":"ONG Adesco"},"image":{"@id":"https:\/\/ongadesco.org\/fr\/#\/schema\/logo\/image\/"},"sameAs":["https:\/\/web.whatsapp.com\/","https:\/\/whatsapp.com\/","https:\/\/facebook.com\/adescosantedeveloppement","https:\/\/twitter.com\/ongadesco"]},{"@type":"Person","@id":"https:\/\/ongadesco.org\/fr\/#\/schema\/person\/17abd2bdd04f4dfea0adadcac83076ca","name":"afitz patrick","image":{"@type":"ImageObject","inLanguage":"fr-FR","@id":"https:\/\/ongadesco.org\/fr\/#\/schema\/person\/image\/","url":"https:\/\/secure.gravatar.com\/avatar\/9bd5e1cde16d6be84ea838abda8b465c992300074f3427e61dbfd295cefded1b?s=96&d=mm&r=g","contentUrl":"https:\/\/secure.gravatar.com\/avatar\/9bd5e1cde16d6be84ea838abda8b465c992300074f3427e61dbfd295cefded1b?s=96&d=mm&r=g","caption":"afitz patrick"},"url":"https:\/\/ongadesco.org\/fr\/author\/patrickafitz\/"}]}},"_links":{"self":[{"href":"https:\/\/ongadesco.org\/fr\/wp-json\/wp\/v2\/posts\/1053","targetHints":{"allow":["GET"]}}],"collection":[{"href":"https:\/\/ongadesco.org\/fr\/wp-json\/wp\/v2\/posts"}],"about":[{"href":"https:\/\/ongadesco.org\/fr\/wp-json\/wp\/v2\/types\/post"}],"author":[{"embeddable":true,"href":"https:\/\/ongadesco.org\/fr\/wp-json\/wp\/v2\/users\/4"}],"replies":[{"embeddable":true,"href":"https:\/\/ongadesco.org\/fr\/wp-json\/wp\/v2\/comments?post=1053"}],"version-history":[{"count":1,"href":"https:\/\/ongadesco.org\/fr\/wp-json\/wp\/v2\/posts\/1053\/revisions"}],"predecessor-version":[{"id":1068,"href":"https:\/\/ongadesco.org\/fr\/wp-json\/wp\/v2\/posts\/1053\/revisions\/1068"}],"wp:featuredmedia":[{"embeddable":true,"href":"https:\/\/ongadesco.org\/fr\/wp-json\/wp\/v2\/media\/1055"}],"wp:attachment":[{"href":"https:\/\/ongadesco.org\/fr\/wp-json\/wp\/v2\/media?parent=1053"}],"wp:term":[{"taxonomy":"category","embeddable":true,"href":"https:\/\/ongadesco.org\/fr\/wp-json\/wp\/v2\/categories?post=1053"},{"taxonomy":"post_tag","embeddable":true,"href":"https:\/\/ongadesco.org\/fr\/wp-json\/wp\/v2\/tags?post=1053"}],"curies":[{"name":"wp","href":"https:\/\/api.w.org\/{rel}","templated":true}]}}