{"id":1076,"date":"2026-02-07T13:18:10","date_gmt":"2026-02-07T12:18:10","guid":{"rendered":"https:\/\/ongadesco.org\/fr\/?p=1076"},"modified":"2026-02-07T13:21:45","modified_gmt":"2026-02-07T12:21:45","slug":"projet-rasepet-plan-international-togo-et-adesco-evaluent-lavancement-de-la-mise-en-oeuvre-des-actions-pour-la-petite-enfance","status":"publish","type":"post","link":"https:\/\/ongadesco.org\/fr\/projet-rasepet-plan-international-togo-et-adesco-evaluent-lavancement-de-la-mise-en-oeuvre-des-actions-pour-la-petite-enfance\/","title":{"rendered":"Projet RASEPET : Plan International Togo et ADESCO \u00e9valuent l\u2019avancement de la mise en \u0153uvre des actions pour la petite enfance"},"content":{"rendered":"\n<p>Dans le soucis d\u2019assurance la qualit\u00e9 des interventions du projet \u00ab\u00a0<strong><em>Renforcement de l\u2019acc\u00e8s aux soins et \u00e0 l\u2019\u00e9ducation des petits enfants dans la r\u00e9gion centrale au Togo<\/em><\/strong>\u00a0\u00bb (RASEPET), une mission conjointe de Plan International Togo, ADESCO et technique de l\u2019\u00e9tats (Direction r\u00e9gionale de l\u2019\u00e9ducation et la Direction r\u00e9gionale de l\u2019eau et Assainissement) s\u2019est d\u00e9roul\u00e9e le mardi <strong>03 f\u00e9vrier 2026<\/strong> dans les communes de Sotouboua 2 et Tchamba 2.<\/p>\n\n\n\n<p>Conduite par le Head of Program Implementation (HPI) de Plan International Togo,&nbsp;&nbsp;&nbsp;&nbsp;&nbsp;&nbsp;&nbsp;&nbsp;&nbsp;&nbsp;&nbsp;&nbsp;&nbsp;&nbsp;&nbsp;&nbsp;&nbsp;&nbsp;&nbsp;&nbsp; &nbsp;la mission a d\u00e9but\u00e9 \u00e0 K\u00e9riad\u00e8 dans la commune Sotouboua 2 par la participation \u00e0 une s\u00e9ance du groupe LTP \u00ab&nbsp;<strong><em>Learning Through Play<\/em><\/strong>\u00bb (Apprendre en jouant) de Keriad\u00e8, permettant d\u2019appr\u00e9cier la participation communautaire et la qualit\u00e9 de mise en \u0153uvre de cette approche d\u2019\u00e9ducation pr\u00e9coce. L\u2019\u00e9quipe s\u2019est ensuite rendue sur le site de construction du b\u00e2timent scolaire et de r\u00e9alisation du forage au Jardin d\u2019enfant public (JEP) de Adjengr\u00e9 Central pour le suivi de l\u2019\u00e9tat d\u2019avancement des travaux, avec des \u00e9changes impliquant les entreprises, le COGEP, le Comit\u00e9 Eau et les autorit\u00e9s \u00e9ducatives et locales.<\/p>\n\n\n<div class=\"wp-block-image\">\n<figure class=\"aligncenter size-full\"><img loading=\"lazy\" decoding=\"async\" width=\"984\" height=\"432\" src=\"https:\/\/ongadesco.org\/fr\/wp-content\/uploads\/2026\/02\/ANIMATION-DU-GROUPE-LTP-1.jpg\" alt=\"\" class=\"wp-image-1079\" srcset=\"https:\/\/ongadesco.org\/fr\/wp-content\/uploads\/2026\/02\/ANIMATION-DU-GROUPE-LTP-1.jpg 984w, https:\/\/ongadesco.org\/fr\/wp-content\/uploads\/2026\/02\/ANIMATION-DU-GROUPE-LTP-1-300x132.jpg 300w, https:\/\/ongadesco.org\/fr\/wp-content\/uploads\/2026\/02\/ANIMATION-DU-GROUPE-LTP-1-768x337.jpg 768w\" sizes=\"auto, (max-width: 984px) 100vw, 984px\" \/><figcaption class=\"wp-element-caption\"><strong><em>Animation du groupe LTP \u00e0 K\u00e9riad\u00e8<\/em><\/strong><\/figcaption><\/figure>\n<\/div>\n\n\n<p>La mission s\u2019est poursuivie \u00e0 Affossala, dans la commune de Tchamba 2. A Affossala, la mission a proc\u00e8de \u00e0 la r\u00e9ception technique du b\u00e2timent r\u00e9alis\u00e9 au profit du JE Affossala. Cette mission conjointe des partites prenantes de la mise en \u0153uvre du projet a permis de renforcer le dialogue avec la communaut\u00e9 b\u00e9n\u00e9ficiaire, notamment la chefferie traditionnelle, les \u00e9lus locaux, le CVD, le COGEP, le Comit\u00e9 Eau et le corps d\u2019encadrement des apprenants sur la mobilisation communautaire au tour de la r\u00e9alisation des infrastructures et leur entretient et le maintien des<\/p>\n\n\n<div class=\"wp-block-image\">\n<figure class=\"aligncenter size-full\"><img loading=\"lazy\" decoding=\"async\" width=\"1020\" height=\"459\" src=\"https:\/\/ongadesco.org\/fr\/wp-content\/uploads\/2026\/02\/WhatsApp-Image-2026-02-03-at-18.32.25.jpeg\" alt=\"\" class=\"wp-image-1080\" srcset=\"https:\/\/ongadesco.org\/fr\/wp-content\/uploads\/2026\/02\/WhatsApp-Image-2026-02-03-at-18.32.25.jpeg 1020w, https:\/\/ongadesco.org\/fr\/wp-content\/uploads\/2026\/02\/WhatsApp-Image-2026-02-03-at-18.32.25-300x135.jpeg 300w, https:\/\/ongadesco.org\/fr\/wp-content\/uploads\/2026\/02\/WhatsApp-Image-2026-02-03-at-18.32.25-768x346.jpeg 768w\" sizes=\"auto, (max-width: 1020px) 100vw, 1020px\" \/><figcaption class=\"wp-element-caption\"><strong><em>Discussion avec la communaut\u00e9 d\u2019Affossala<\/em><\/strong><\/figcaption><\/figure>\n<\/div>\n\n\n<p>Cette activit\u00e9, qui a mobilis\u00e9 l\u2019ensemble des parties prenantes du projet, t\u00e9moigne de l\u2019engagement de Plan International Togo et de ses partenaires \u00e0 garantir la qualit\u00e9, la durabilit\u00e9 et l\u2019appropriation communautaire des infrastructures et actions mises en \u0153uvre au profit des enfants et des communaut\u00e9s vuln\u00e9rables.<\/p>\n\n\n<div class=\"wp-block-image\">\n<figure class=\"aligncenter size-full\"><img loading=\"lazy\" decoding=\"async\" width=\"810\" height=\"608\" src=\"https:\/\/ongadesco.org\/fr\/wp-content\/uploads\/2026\/02\/JEP-AFFOSSALA-edited.jpg\" alt=\"\" class=\"wp-image-1082\" srcset=\"https:\/\/ongadesco.org\/fr\/wp-content\/uploads\/2026\/02\/JEP-AFFOSSALA-edited.jpg 810w, https:\/\/ongadesco.org\/fr\/wp-content\/uploads\/2026\/02\/JEP-AFFOSSALA-edited-300x225.jpg 300w, https:\/\/ongadesco.org\/fr\/wp-content\/uploads\/2026\/02\/JEP-AFFOSSALA-edited-768x576.jpg 768w\" sizes=\"auto, (max-width: 810px) 100vw, 810px\" \/><figcaption class=\"wp-element-caption\"><strong>JEP d\u2019Affossala<\/strong><\/figcaption><\/figure>\n<\/div>\n\n\n<p>\u00ab <strong><em>Pour nous parents, la construction du b\u00e2timent scolaire et la r\u00e9alisation du forage r\u00e9pondent \u00e0 des besoins essentiels de notre communaut\u00e9 et vont am\u00e9liorer les conditions d\u2019apprentissage et le bien-\u00eatre de nos enfants.<\/em><\/strong> <strong><em>Au nom du COGEP et de toute la communaut\u00e9, je remercie sinc\u00e8rement les partenaires, notamment Plan International Togo et ADESCO, pour leur appui et leur engagement. Nous nous engageons \u00e0 assurer la bonne gestion et l\u2019entretien de ces ouvrages pour leur durabilit\u00e9.<\/em><\/strong> \u00bb<strong>Edith, Pr\u00e9sidente COGEP du JEP Affossala, canton de Bago, commune Tchamba 2, pr\u00e9fecture de Tchamba<\/strong><\/p>\n\n\n\n<h1 class=\"wp-block-heading\">#PartenariatDurable<\/h1>\n\n\n\n<h1 class=\"wp-block-heading\">#Sauvegarde<\/h1>\n\n\n\n<h1 class=\"wp-block-heading\">#ProtectionDeLEnfance<\/h1>\n\n\n\n<h1 class=\"wp-block-heading\">#ImpactCommunautaire<\/h1>\n\n\n\n<h1 class=\"wp-block-heading\">#MobilisationDesRessources<\/h1>\n\n\n\n<p>#JEP #COGEP #PETITEENFANCE #RASEPET<\/p>\n\n\n\n<h1 class=\"wp-block-heading\">#ConfiancePartenaires<\/h1>\n\n\n\n<h1 class=\"wp-block-heading\">#ADESCO<\/h1>\n\n\n\n<h1 class=\"wp-block-heading\">#PlanInternationalTogo<\/h1>\n    <div class=\"related-post grid\">\r\n                <div class=\"headline\">Publications similaires<\/div>\r\n        <div class=\"post-list \">\r\n\r\n                        <div class=\"item\">\r\n                    \r\n    <a class=\"title post_title\"  title=\"CELEBRATION DE LA JOURNEE MONDIALE DU SIDA : Distribution des pr\u00e9servatifs \u00e0 Sokod\u00e9 par l\u2019ONG ADESCO\" href=\"https:\/\/ongadesco.org\/fr\/celebration-de-la-journee-mondiale-du-sida-distribution-des-preservatifs-a-sokode-par-long-adesco\/?related_post_from=162\">\r\n                CELEBRATION DE LA JOURNEE MONDIALE DU SIDA : Distribution des pr\u00e9servatifs \u00e0 Sokod\u00e9 par l\u2019ONG ADESCO    <\/a>\r\n\r\n    <div class=\"thumb post_thumb\">\r\n        <a  title=\"CELEBRATION DE LA JOURNEE MONDIALE DU SIDA : Distribution des pr\u00e9servatifs \u00e0 Sokod\u00e9 par l\u2019ONG ADESCO\" href=\"https:\/\/ongadesco.org\/fr\/celebration-de-la-journee-mondiale-du-sida-distribution-des-preservatifs-a-sokode-par-long-adesco\/?related_post_from=162\">\r\n\r\n            <img loading=\"lazy\" decoding=\"async\" width=\"150\" height=\"150\" src=\"https:\/\/ongadesco.org\/fr\/wp-content\/uploads\/2022\/12\/WhatsApp-Image-2022-07-23-at-09.10.29-1-150x150-1.jpeg\" class=\"attachment-full size-full wp-post-image\" alt=\"\" \/>\r\n\r\n        <\/a>\r\n    <\/div>\r\n    <p class=\"excerpt post_excerpt\">\r\n        A l\u2019occasion de la c\u00e9l\u00e9bration de la journ\u00e9e mondiale du SIDA le 1er&nbsp;d\u00e9cembre 2021, l\u2019ONG&nbsp;ADESCO&nbsp;en collaboration avec la plateforme nationale <a  class=\"read-more\" href=\"https:\/\/ongadesco.org\/fr\/celebration-de-la-journee-mondiale-du-sida-distribution-des-preservatifs-a-sokode-par-long-adesco\/?related_post_from=162\"> Lire la suite<\/a>    <\/p>\r\n                <\/div>\r\n                            <div class=\"item\">\r\n                    \r\n    <a class=\"title post_title\"  title=\"SANTE-TRANSFORMATION-APPRENTISSAGE : Suivi des activit\u00e9s du projet STARS \u00e0 Dankpen par le staff de l\u2019ONG ADESCO\" href=\"https:\/\/ongadesco.org\/fr\/sante-transformation-apprentissage-suivi-des-activites-du-projet-stars-a-dankpen-par-le-staff-de-long-adesco\/?related_post_from=165\">\r\n                SANTE-TRANSFORMATION-APPRENTISSAGE : Suivi des activit\u00e9s du projet STARS \u00e0 Dankpen par le staff de l\u2019ONG ADESCO    <\/a>\r\n\r\n    <div class=\"thumb post_thumb\">\r\n        <a  title=\"SANTE-TRANSFORMATION-APPRENTISSAGE : Suivi des activit\u00e9s du projet STARS \u00e0 Dankpen par le staff de l\u2019ONG ADESCO\" href=\"https:\/\/ongadesco.org\/fr\/sante-transformation-apprentissage-suivi-des-activites-du-projet-stars-a-dankpen-par-le-staff-de-long-adesco\/?related_post_from=165\">\r\n\r\n            <img loading=\"lazy\" decoding=\"async\" width=\"150\" height=\"145\" src=\"https:\/\/ongadesco.org\/fr\/wp-content\/uploads\/2022\/12\/WhatsApp-Image-2021-12-22-at-16.25.11-240x145-1-150x145-1.jpeg\" class=\"attachment-full size-full wp-post-image\" alt=\"\" \/>\r\n\r\n        <\/a>\r\n    <\/div>\r\n    <p class=\"excerpt post_excerpt\">\r\n        Les activit\u00e9s pr\u00e9vues sur le volet \u00e9cole int\u00e9gr\u00e9 du projet Sant\u00e9, Transformation, Apprentissage pour une R\u00e9ussite Scolaire (STARS) incluent entre <a  class=\"read-more\" href=\"https:\/\/ongadesco.org\/fr\/sante-transformation-apprentissage-suivi-des-activites-du-projet-stars-a-dankpen-par-le-staff-de-long-adesco\/?related_post_from=165\"> Lire la suite<\/a>    <\/p>\r\n                <\/div>\r\n                            <div class=\"item\">\r\n                    \r\n    <a class=\"title post_title\"  title=\"SANTE ET NUTRITION : Histoires de succ\u00e8s : CRS et ses partenaires accompagnent les \u00e9coles \u00e0 cantines scolaires STARS dans la r\u00e9alisation des Champs communautaires\" href=\"https:\/\/ongadesco.org\/fr\/sante-et-nutrition-histoires-de-succes-crs-et-ses-partenaires-accompagnent-les-ecoles-a-cantines-scolaires-stars-dans-la-realisation-des-champs-communautaires\/?related_post_from=168\">\r\n                SANTE ET NUTRITION : Histoires de succ\u00e8s : CRS et ses partenaires accompagnent les \u00e9coles \u00e0 cantines scolaires STARS dans la r\u00e9alisation des Champs communautaires    <\/a>\r\n\r\n    <div class=\"thumb post_thumb\">\r\n        <a  title=\"SANTE ET NUTRITION : Histoires de succ\u00e8s : CRS et ses partenaires accompagnent les \u00e9coles \u00e0 cantines scolaires STARS dans la r\u00e9alisation des Champs communautaires\" href=\"https:\/\/ongadesco.org\/fr\/sante-et-nutrition-histoires-de-succes-crs-et-ses-partenaires-accompagnent-les-ecoles-a-cantines-scolaires-stars-dans-la-realisation-des-champs-communautaires\/?related_post_from=168\">\r\n\r\n            <img loading=\"lazy\" decoding=\"async\" width=\"150\" height=\"150\" src=\"https:\/\/ongadesco.org\/fr\/wp-content\/uploads\/2022\/12\/QD-150x150-1.jpg\" class=\"attachment-full size-full wp-post-image\" alt=\"\" \/>\r\n\r\n        <\/a>\r\n    <\/div>\r\n    <p class=\"excerpt post_excerpt\">\r\n        Catholic Relief Services (CRS) a re\u00e7u un financement de la part du d\u00e9partement des USA en charge de l\u2019agriculture (USDA) <a  class=\"read-more\" href=\"https:\/\/ongadesco.org\/fr\/sante-et-nutrition-histoires-de-succes-crs-et-ses-partenaires-accompagnent-les-ecoles-a-cantines-scolaires-stars-dans-la-realisation-des-champs-communautaires\/?related_post_from=168\"> Lire la suite<\/a>    <\/p>\r\n                <\/div>\r\n                            <div class=\"item\">\r\n                    \r\n    <a class=\"title post_title\"  title=\"Apport du CMS Bon-Secours de l\u2019ONG ADESCO dans la pr\u00e9vention et le traitement des maladies non transmissibles\" href=\"https:\/\/ongadesco.org\/fr\/apport-du-cms-bon-secours-de-long-adesco-dans-la-prevention-et-le-traitement-des-maladies-non-transmissibles\/?related_post_from=171\">\r\n                Apport du CMS Bon-Secours de l\u2019ONG ADESCO dans la pr\u00e9vention et le traitement des maladies non transmissibles    <\/a>\r\n\r\n    <div class=\"thumb post_thumb\">\r\n        <a  title=\"Apport du CMS Bon-Secours de l\u2019ONG ADESCO dans la pr\u00e9vention et le traitement des maladies non transmissibles\" href=\"https:\/\/ongadesco.org\/fr\/apport-du-cms-bon-secours-de-long-adesco-dans-la-prevention-et-le-traitement-des-maladies-non-transmissibles\/?related_post_from=171\">\r\n\r\n            <img loading=\"lazy\" decoding=\"async\" width=\"150\" height=\"150\" src=\"https:\/\/ongadesco.org\/fr\/wp-content\/uploads\/2022\/12\/IMG_20220112_082427_5-150x150-1.jpg\" class=\"attachment-full size-full wp-post-image\" alt=\"\" \/>\r\n\r\n        <\/a>\r\n    <\/div>\r\n    <p class=\"excerpt post_excerpt\">\r\n        Une campagne de sensibilisation, d\u00e9pistage et de traitement gratuit de l'hypertension art\u00e9rielle et du diab\u00e8te est organis\u00e9e les 10, 11 <a  class=\"read-more\" href=\"https:\/\/ongadesco.org\/fr\/apport-du-cms-bon-secours-de-long-adesco-dans-la-prevention-et-le-traitement-des-maladies-non-transmissibles\/?related_post_from=171\"> Lire la suite<\/a>    <\/p>\r\n                <\/div>\r\n                            <div class=\"item\">\r\n                    \r\n    <a class=\"title post_title\"  title=\"VIVRE DANS UN ENVIRONNEMENT SAINT : Trois cantons de la pr\u00e9fecture de M\u00f4 s\u2019engagent\" href=\"https:\/\/ongadesco.org\/fr\/vivre-dans-un-environnement-saint-trois-cantons-de-la-prefecture-de-mo-sengagent\/?related_post_from=174\">\r\n                VIVRE DANS UN ENVIRONNEMENT SAINT : Trois cantons de la pr\u00e9fecture de M\u00f4 s\u2019engagent    <\/a>\r\n\r\n    <div class=\"thumb post_thumb\">\r\n        <a  title=\"VIVRE DANS UN ENVIRONNEMENT SAINT : Trois cantons de la pr\u00e9fecture de M\u00f4 s\u2019engagent\" href=\"https:\/\/ongadesco.org\/fr\/vivre-dans-un-environnement-saint-trois-cantons-de-la-prefecture-de-mo-sengagent\/?related_post_from=174\">\r\n\r\n            <img loading=\"lazy\" decoding=\"async\" width=\"150\" height=\"145\" src=\"https:\/\/ongadesco.org\/fr\/wp-content\/uploads\/2022\/12\/D-240x145-1-150x145-1.jpeg\" class=\"attachment-full size-full wp-post-image\" alt=\"\" \/>\r\n\r\n        <\/a>\r\n    <\/div>\r\n    <p class=\"excerpt post_excerpt\">\r\n        Amener les communaut\u00e9s \u00e0 r\u00e9aliser les latrines familiales pour mettre fin \u00e0 la d\u00e9f\u00e9cation \u00e0 l\u2019air libre, tel est l\u2019objectif <a  class=\"read-more\" href=\"https:\/\/ongadesco.org\/fr\/vivre-dans-un-environnement-saint-trois-cantons-de-la-prefecture-de-mo-sengagent\/?related_post_from=174\"> Lire la suite<\/a>    <\/p>\r\n                <\/div>\r\n                            <div class=\"item\">\r\n                    \r\n    <a class=\"title post_title\"  title=\"Rapprochement des services SSR aux jeunes et adolescents \u00e0 travers la clinique mobile\" href=\"https:\/\/ongadesco.org\/fr\/rapprochement-des-services-ssr-aux-jeunes-et-adolescents-a-travers-la-clinique-mobile\/?related_post_from=177\">\r\n                Rapprochement des services SSR aux jeunes et adolescents \u00e0 travers la clinique mobile    <\/a>\r\n\r\n    <div class=\"thumb post_thumb\">\r\n        <a  title=\"Rapprochement des services SSR aux jeunes et adolescents \u00e0 travers la clinique mobile\" href=\"https:\/\/ongadesco.org\/fr\/rapprochement-des-services-ssr-aux-jeunes-et-adolescents-a-travers-la-clinique-mobile\/?related_post_from=177\">\r\n\r\n            <img loading=\"lazy\" decoding=\"async\" width=\"150\" height=\"145\" src=\"https:\/\/ongadesco.org\/fr\/wp-content\/uploads\/2022\/12\/1-240x145-1-150x145-1.jpeg\" class=\"attachment-full size-full wp-post-image\" alt=\"\" \/>\r\n\r\n        <\/a>\r\n    <\/div>\r\n    <p class=\"excerpt post_excerpt\">\r\n        Gratuitement offerts aux jeunes et adolescents \u00e0 travers la clinique mobile de l\u2019ONG ADESCO, ces services sont entre autres la <a  class=\"read-more\" href=\"https:\/\/ongadesco.org\/fr\/rapprochement-des-services-ssr-aux-jeunes-et-adolescents-a-travers-la-clinique-mobile\/?related_post_from=177\"> Lire la suite<\/a>    <\/p>\r\n                <\/div>\r\n                            <div class=\"item\">\r\n                    \r\n    <a class=\"title post_title\"  title=\"Genre Transformateur et l\u2019Inclusion : 160 membres des r\u00e9seaux villageois de groupes d\u2019\u00e9pargne renforc\u00e9s dans la pr\u00e9fecture de Sotouboua\" href=\"https:\/\/ongadesco.org\/fr\/genre-transformateur-et-linclusion-160-membres-des-reseaux-villageois-de-groupes-depargne-renforces-dans-la-prefecture-de-sotouboua\/?related_post_from=180\">\r\n                Genre Transformateur et l\u2019Inclusion : 160 membres des r\u00e9seaux villageois de groupes d\u2019\u00e9pargne renforc\u00e9s dans la pr\u00e9fecture de Sotouboua    <\/a>\r\n\r\n    <div class=\"thumb post_thumb\">\r\n        <a  title=\"Genre Transformateur et l\u2019Inclusion : 160 membres des r\u00e9seaux villageois de groupes d\u2019\u00e9pargne renforc\u00e9s dans la pr\u00e9fecture de Sotouboua\" href=\"https:\/\/ongadesco.org\/fr\/genre-transformateur-et-linclusion-160-membres-des-reseaux-villageois-de-groupes-depargne-renforces-dans-la-prefecture-de-sotouboua\/?related_post_from=180\">\r\n\r\n            <img loading=\"lazy\" decoding=\"async\" width=\"150\" height=\"145\" src=\"https:\/\/ongadesco.org\/fr\/wp-content\/uploads\/2022\/12\/WhatsApp-Image-2022-02-23-at-15.42.55-1-240x145-1-150x145-1.jpeg\" class=\"attachment-full size-full wp-post-image\" alt=\"\" \/>\r\n\r\n        <\/a>\r\n    <\/div>\r\n    <p class=\"excerpt post_excerpt\">\r\n        A travers des questions-r\u00e9ponses, travaux de groupes, simulations\u2026, 160 membres de 80 r\u00e9seaux villageois de groupes d\u2019\u00e9pargne ont \u00e9t\u00e9 renforc\u00e9s <a  class=\"read-more\" href=\"https:\/\/ongadesco.org\/fr\/genre-transformateur-et-linclusion-160-membres-des-reseaux-villageois-de-groupes-depargne-renforces-dans-la-prefecture-de-sotouboua\/?related_post_from=180\"> Lire la suite<\/a>    <\/p>\r\n                <\/div>\r\n                            <div class=\"item\">\r\n                    \r\n    <a class=\"title post_title\"  title=\"POUR UNE MEILLEURE GESTION DE L\u2019HYGIENE MENSTRUELLE CHEZ LA FEMME ET LA JEUNE FILLE, 120 Encadreurs de clubs sont renforc\u00e9s\" href=\"https:\/\/ongadesco.org\/fr\/pour-une-meilleure-gestion-de-lhygiene-menstruelle-chez-la-femme-et-la-jeune-fille-120-encadreurs-de-clubs-sont-renforces\/?related_post_from=183\">\r\n                POUR UNE MEILLEURE GESTION DE L\u2019HYGIENE MENSTRUELLE CHEZ LA FEMME ET LA JEUNE FILLE, 120 Encadreurs de clubs sont renforc\u00e9s    <\/a>\r\n\r\n    <div class=\"thumb post_thumb\">\r\n        <a  title=\"POUR UNE MEILLEURE GESTION DE L\u2019HYGIENE MENSTRUELLE CHEZ LA FEMME ET LA JEUNE FILLE, 120 Encadreurs de clubs sont renforc\u00e9s\" href=\"https:\/\/ongadesco.org\/fr\/pour-une-meilleure-gestion-de-lhygiene-menstruelle-chez-la-femme-et-la-jeune-fille-120-encadreurs-de-clubs-sont-renforces\/?related_post_from=183\">\r\n\r\n            <img loading=\"lazy\" decoding=\"async\" width=\"150\" height=\"145\" src=\"https:\/\/ongadesco.org\/fr\/wp-content\/uploads\/2022\/12\/IMG_20220311_140847_8-6-240x145-1-150x145-1.jpg\" class=\"attachment-full size-full wp-post-image\" alt=\"\" \/>\r\n\r\n        <\/a>\r\n    <\/div>\r\n    <p class=\"excerpt post_excerpt\">\r\n        Ils sont au total 120 Enseignants identifi\u00e9s comme Encadreurs de clubs et les Points Focaux GHM (Gestion de l\u2019Hygi\u00e8ne Menstruelle) <a  class=\"read-more\" href=\"https:\/\/ongadesco.org\/fr\/pour-une-meilleure-gestion-de-lhygiene-menstruelle-chez-la-femme-et-la-jeune-fille-120-encadreurs-de-clubs-sont-renforces\/?related_post_from=183\"> Lire la suite<\/a>    <\/p>\r\n                <\/div>\r\n                            <div class=\"item\">\r\n                    \r\n    <a class=\"title post_title\"  title=\"Rapprochement des services SSR aux jeunes et adolescents \u00e0 travers la clinique mobile\" href=\"https:\/\/ongadesco.org\/fr\/rapprochement-des-services-ssr-aux-jeunes-et-adolescents-a-travers-la-clinique-mobile-2\/?related_post_from=186\">\r\n                Rapprochement des services SSR aux jeunes et adolescents \u00e0 travers la clinique mobile    <\/a>\r\n\r\n    <div class=\"thumb post_thumb\">\r\n        <a  title=\"Rapprochement des services SSR aux jeunes et adolescents \u00e0 travers la clinique mobile\" href=\"https:\/\/ongadesco.org\/fr\/rapprochement-des-services-ssr-aux-jeunes-et-adolescents-a-travers-la-clinique-mobile-2\/?related_post_from=186\">\r\n\r\n            <img loading=\"lazy\" decoding=\"async\" width=\"150\" height=\"145\" src=\"https:\/\/ongadesco.org\/fr\/wp-content\/uploads\/2022\/12\/DSC06707-240x145-1-150x145-1.jpg\" class=\"attachment-full size-full wp-post-image\" alt=\"\" \/>\r\n\r\n        <\/a>\r\n    <\/div>\r\n    <p class=\"excerpt post_excerpt\">\r\n        Apr\u00e8s la pr\u00e9fecture de Sotouboua, c\u2019est le tour de celle de M\u00f4 d\u2019accueillir la clinique mobile. Pour cette tourn\u00e9e de <a  class=\"read-more\" href=\"https:\/\/ongadesco.org\/fr\/rapprochement-des-services-ssr-aux-jeunes-et-adolescents-a-travers-la-clinique-mobile-2\/?related_post_from=186\"> Lire la suite<\/a>    <\/p>\r\n                <\/div>\r\n                            <div class=\"item\">\r\n                    \r\n    <a class=\"title post_title\"  title=\"60 Encadrants de clubs renforc\u00e9s sur les comp\u00e9tences de vie des Adolescents et Jeunes\" href=\"https:\/\/ongadesco.org\/fr\/60-encadrants-de-clubs-renforces-sur-les-competences-de-vie-des-adolescents-et-jeunes\/?related_post_from=192\">\r\n                60 Encadrants de clubs renforc\u00e9s sur les comp\u00e9tences de vie des Adolescents et Jeunes    <\/a>\r\n\r\n    <div class=\"thumb post_thumb\">\r\n        <a  title=\"60 Encadrants de clubs renforc\u00e9s sur les comp\u00e9tences de vie des Adolescents et Jeunes\" href=\"https:\/\/ongadesco.org\/fr\/60-encadrants-de-clubs-renforces-sur-les-competences-de-vie-des-adolescents-et-jeunes\/?related_post_from=192\">\r\n\r\n            <img loading=\"lazy\" decoding=\"async\" width=\"150\" height=\"150\" src=\"https:\/\/ongadesco.org\/fr\/wp-content\/uploads\/2022\/12\/Encadrants-clubs-150x150-1.jpeg\" class=\"attachment-full size-full wp-post-image\" alt=\"\" \/>\r\n\r\n        <\/a>\r\n    <\/div>\r\n    <p class=\"excerpt post_excerpt\">\r\n        Avec pour objectif sp\u00e9cifique de fournir aux encadrants des clubs des informations et des connaissances de base sur les comp\u00e9tences <a  class=\"read-more\" href=\"https:\/\/ongadesco.org\/fr\/60-encadrants-de-clubs-renforces-sur-les-competences-de-vie-des-adolescents-et-jeunes\/?related_post_from=192\"> Lire la suite<\/a>    <\/p>\r\n                <\/div>\r\n            \r\n    <\/div>\r\n\r\n    <script>\r\n            <\/script>\r\n    <style>\r\n        .related-post {}\r\n\r\n        .related-post .post-list {\r\n            text-align: left;\r\n                    }\r\n\r\n        .related-post .post-list .item {\r\n            margin: 10px;\r\n            padding: 0px;\r\n                    }\r\n\r\n        .related-post .headline {\r\n            font-size: 18px !important;\r\n            color: #999999 !important;\r\n                    }\r\n\r\n        .related-post .post-list .item .post_title {\r\n            font-size: 16px;\r\n            color: #dd3333;\r\n            margin: 10px 0px;\r\n            padding: 0px;\r\n            display: block;\r\n            text-decoration: none;\r\n                    }\r\n\r\n        .related-post .post-list .item .post_thumb {\r\n            max-height: 220px;\r\n            margin: 10px 0px;\r\n            padding: 0px;\r\n            display: block;\r\n                    }\r\n\r\n        .related-post .post-list .item .post_excerpt {\r\n            font-size: 13px;\r\n            color: #3f3f3f;\r\n            margin: 10px 0px;\r\n            padding: 0px;\r\n            display: block;\r\n            text-decoration: none;\r\n                    }\r\n\r\n        @media only screen and (min-width: 1024px) {\r\n            .related-post .post-list .item {\r\n                width: 45%;\r\n            }\r\n        }\r\n\r\n        @media only screen and (min-width: 768px) and (max-width: 1023px) {\r\n            .related-post .post-list .item {\r\n                width: 90%;\r\n            }\r\n        }\r\n\r\n        @media only screen and (min-width: 0px) and (max-width: 767px) {\r\n            .related-post .post-list .item {\r\n                width: 90%;\r\n            }\r\n        }\r\n\r\n            <\/style>\r\n        <\/div>\r\n","protected":false},"excerpt":{"rendered":"<p>Dans le soucis d\u2019assurance la qualit\u00e9 des interventions du projet \u00ab\u00a0Renforcement de l\u2019acc\u00e8s aux soins et \u00e0 l\u2019\u00e9ducation des petits enfants dans la r\u00e9gion centrale au Togo\u00a0\u00bb (RASEPET), une mission conjointe de Plan International Togo, ADESCO et technique de l\u2019\u00e9tats (Direction r\u00e9gionale de l\u2019\u00e9ducation et la Direction r\u00e9gionale de l\u2019eau et Assainissement) s\u2019est d\u00e9roul\u00e9e le [&hellip;]<\/p>\n","protected":false},"author":4,"featured_media":1077,"comment_status":"open","ping_status":"open","sticky":false,"template":"","format":"standard","meta":{"footnotes":""},"categories":[6],"tags":[],"class_list":["post-1076","post","type-post","status-publish","format-standard","has-post-thumbnail","hentry","category-activites_realisees"],"yoast_head":"<!-- This site is optimized with the Yoast SEO plugin v19.14 - https:\/\/yoast.com\/wordpress\/plugins\/seo\/ -->\n<title>Projet RASEPET : Plan International Togo et ADESCO \u00e9valuent l\u2019avancement de la mise en \u0153uvre des actions pour la petite enfance - ONG Adesco<\/title>\n<meta name=\"robots\" content=\"index, follow, max-snippet:-1, max-image-preview:large, max-video-preview:-1\" \/>\n<link rel=\"canonical\" href=\"https:\/\/ongadesco.org\/fr\/projet-rasepet-plan-international-togo-et-adesco-evaluent-lavancement-de-la-mise-en-oeuvre-des-actions-pour-la-petite-enfance\/\" \/>\n<meta property=\"og:locale\" content=\"fr_FR\" \/>\n<meta property=\"og:type\" content=\"article\" \/>\n<meta property=\"og:title\" content=\"Projet RASEPET : Plan International Togo et ADESCO \u00e9valuent l\u2019avancement de la mise en \u0153uvre des actions pour la petite enfance - ONG Adesco\" \/>\n<meta property=\"og:description\" content=\"Dans le soucis d\u2019assurance la qualit\u00e9 des interventions du projet \u00ab\u00a0Renforcement de l\u2019acc\u00e8s aux soins et \u00e0 l\u2019\u00e9ducation des petits enfants dans la r\u00e9gion centrale au Togo\u00a0\u00bb (RASEPET), une mission conjointe de Plan International Togo, ADESCO et technique de l\u2019\u00e9tats (Direction r\u00e9gionale de l\u2019\u00e9ducation et la Direction r\u00e9gionale de l\u2019eau et Assainissement) s\u2019est d\u00e9roul\u00e9e le [&hellip;]\" \/>\n<meta property=\"og:url\" content=\"https:\/\/ongadesco.org\/fr\/projet-rasepet-plan-international-togo-et-adesco-evaluent-lavancement-de-la-mise-en-oeuvre-des-actions-pour-la-petite-enfance\/\" \/>\n<meta property=\"og:site_name\" content=\"ONG Adesco\" \/>\n<meta property=\"article:publisher\" content=\"https:\/\/facebook.com\/adescosantedeveloppement\" \/>\n<meta property=\"article:published_time\" content=\"2026-02-07T12:18:10+00:00\" \/>\n<meta property=\"article:modified_time\" content=\"2026-02-07T12:21:45+00:00\" \/>\n<meta property=\"og:image\" content=\"https:\/\/ongadesco.org\/fr\/wp-content\/uploads\/2026\/02\/WhatsApp-Image-2026-02-03-at-18.32.27.jpeg\" \/>\n\t<meta property=\"og:image:width\" content=\"1020\" \/>\n\t<meta property=\"og:image:height\" content=\"459\" \/>\n\t<meta property=\"og:image:type\" content=\"image\/jpeg\" \/>\n<meta name=\"author\" content=\"afitz patrick\" \/>\n<meta name=\"twitter:card\" content=\"summary_large_image\" \/>\n<meta name=\"twitter:creator\" content=\"@ongadesco\" \/>\n<meta name=\"twitter:site\" content=\"@ongadesco\" \/>\n<meta name=\"twitter:label1\" content=\"\u00c9crit par\" \/>\n\t<meta name=\"twitter:data1\" content=\"afitz patrick\" \/>\n\t<meta name=\"twitter:label2\" content=\"Dur\u00e9e de lecture estim\u00e9e\" \/>\n\t<meta name=\"twitter:data2\" content=\"3 minutes\" \/>\n<script type=\"application\/ld+json\" class=\"yoast-schema-graph\">{\"@context\":\"https:\/\/schema.org\",\"@graph\":[{\"@type\":\"Article\",\"@id\":\"https:\/\/ongadesco.org\/fr\/projet-rasepet-plan-international-togo-et-adesco-evaluent-lavancement-de-la-mise-en-oeuvre-des-actions-pour-la-petite-enfance\/#article\",\"isPartOf\":{\"@id\":\"https:\/\/ongadesco.org\/fr\/projet-rasepet-plan-international-togo-et-adesco-evaluent-lavancement-de-la-mise-en-oeuvre-des-actions-pour-la-petite-enfance\/\"},\"author\":{\"name\":\"afitz patrick\",\"@id\":\"https:\/\/ongadesco.org\/fr\/#\/schema\/person\/17abd2bdd04f4dfea0adadcac83076ca\"},\"headline\":\"Projet RASEPET : Plan International Togo et ADESCO \u00e9valuent l\u2019avancement de la mise en \u0153uvre des actions pour la petite enfance\",\"datePublished\":\"2026-02-07T12:18:10+00:00\",\"dateModified\":\"2026-02-07T12:21:45+00:00\",\"mainEntityOfPage\":{\"@id\":\"https:\/\/ongadesco.org\/fr\/projet-rasepet-plan-international-togo-et-adesco-evaluent-lavancement-de-la-mise-en-oeuvre-des-actions-pour-la-petite-enfance\/\"},\"wordCount\":511,\"commentCount\":0,\"publisher\":{\"@id\":\"https:\/\/ongadesco.org\/fr\/#organization\"},\"articleSection\":[\"activit\u00e9s r\u00e9alis\u00e9es\"],\"inLanguage\":\"fr-FR\",\"potentialAction\":[{\"@type\":\"CommentAction\",\"name\":\"Comment\",\"target\":[\"https:\/\/ongadesco.org\/fr\/projet-rasepet-plan-international-togo-et-adesco-evaluent-lavancement-de-la-mise-en-oeuvre-des-actions-pour-la-petite-enfance\/#respond\"]}]},{\"@type\":\"WebPage\",\"@id\":\"https:\/\/ongadesco.org\/fr\/projet-rasepet-plan-international-togo-et-adesco-evaluent-lavancement-de-la-mise-en-oeuvre-des-actions-pour-la-petite-enfance\/\",\"url\":\"https:\/\/ongadesco.org\/fr\/projet-rasepet-plan-international-togo-et-adesco-evaluent-lavancement-de-la-mise-en-oeuvre-des-actions-pour-la-petite-enfance\/\",\"name\":\"Projet RASEPET : Plan International Togo et ADESCO \u00e9valuent l\u2019avancement de la mise en \u0153uvre des actions pour la petite enfance - ONG Adesco\",\"isPartOf\":{\"@id\":\"https:\/\/ongadesco.org\/fr\/#website\"},\"datePublished\":\"2026-02-07T12:18:10+00:00\",\"dateModified\":\"2026-02-07T12:21:45+00:00\",\"breadcrumb\":{\"@id\":\"https:\/\/ongadesco.org\/fr\/projet-rasepet-plan-international-togo-et-adesco-evaluent-lavancement-de-la-mise-en-oeuvre-des-actions-pour-la-petite-enfance\/#breadcrumb\"},\"inLanguage\":\"fr-FR\",\"potentialAction\":[{\"@type\":\"ReadAction\",\"target\":[\"https:\/\/ongadesco.org\/fr\/projet-rasepet-plan-international-togo-et-adesco-evaluent-lavancement-de-la-mise-en-oeuvre-des-actions-pour-la-petite-enfance\/\"]}]},{\"@type\":\"BreadcrumbList\",\"@id\":\"https:\/\/ongadesco.org\/fr\/projet-rasepet-plan-international-togo-et-adesco-evaluent-lavancement-de-la-mise-en-oeuvre-des-actions-pour-la-petite-enfance\/#breadcrumb\",\"itemListElement\":[{\"@type\":\"ListItem\",\"position\":1,\"name\":\"Accueil\",\"item\":\"https:\/\/ongadesco.org\/fr\/\"},{\"@type\":\"ListItem\",\"position\":2,\"name\":\"Projet RASEPET : Plan International Togo et ADESCO \u00e9valuent l\u2019avancement de la mise en \u0153uvre des actions pour la petite enfance\"}]},{\"@type\":\"WebSite\",\"@id\":\"https:\/\/ongadesco.org\/fr\/#website\",\"url\":\"https:\/\/ongadesco.org\/fr\/\",\"name\":\"ONG Adesco\",\"description\":\"\",\"publisher\":{\"@id\":\"https:\/\/ongadesco.org\/fr\/#organization\"},\"potentialAction\":[{\"@type\":\"SearchAction\",\"target\":{\"@type\":\"EntryPoint\",\"urlTemplate\":\"https:\/\/ongadesco.org\/fr\/?s={search_term_string}\"},\"query-input\":\"required name=search_term_string\"}],\"inLanguage\":\"fr-FR\"},{\"@type\":\"Organization\",\"@id\":\"https:\/\/ongadesco.org\/fr\/#organization\",\"name\":\"ONG Adesco\",\"url\":\"https:\/\/ongadesco.org\/fr\/\",\"logo\":{\"@type\":\"ImageObject\",\"inLanguage\":\"fr-FR\",\"@id\":\"https:\/\/ongadesco.org\/fr\/#\/schema\/logo\/image\/\",\"url\":\"https:\/\/ongadesco.org\/fr\/wp-content\/uploads\/2022\/12\/logo2.png\",\"contentUrl\":\"https:\/\/ongadesco.org\/fr\/wp-content\/uploads\/2022\/12\/logo2.png\",\"width\":134,\"height\":45,\"caption\":\"ONG Adesco\"},\"image\":{\"@id\":\"https:\/\/ongadesco.org\/fr\/#\/schema\/logo\/image\/\"},\"sameAs\":[\"https:\/\/web.whatsapp.com\/\",\"https:\/\/whatsapp.com\/\",\"https:\/\/facebook.com\/adescosantedeveloppement\",\"https:\/\/twitter.com\/ongadesco\"]},{\"@type\":\"Person\",\"@id\":\"https:\/\/ongadesco.org\/fr\/#\/schema\/person\/17abd2bdd04f4dfea0adadcac83076ca\",\"name\":\"afitz patrick\",\"image\":{\"@type\":\"ImageObject\",\"inLanguage\":\"fr-FR\",\"@id\":\"https:\/\/ongadesco.org\/fr\/#\/schema\/person\/image\/\",\"url\":\"https:\/\/secure.gravatar.com\/avatar\/9bd5e1cde16d6be84ea838abda8b465c992300074f3427e61dbfd295cefded1b?s=96&d=mm&r=g\",\"contentUrl\":\"https:\/\/secure.gravatar.com\/avatar\/9bd5e1cde16d6be84ea838abda8b465c992300074f3427e61dbfd295cefded1b?s=96&d=mm&r=g\",\"caption\":\"afitz patrick\"},\"url\":\"https:\/\/ongadesco.org\/fr\/author\/patrickafitz\/\"}]}<\/script>\n<!-- \/ Yoast SEO plugin. -->","yoast_head_json":{"title":"Projet RASEPET : Plan International Togo et ADESCO \u00e9valuent l\u2019avancement de la mise en \u0153uvre des actions pour la petite enfance - ONG Adesco","robots":{"index":"index","follow":"follow","max-snippet":"max-snippet:-1","max-image-preview":"max-image-preview:large","max-video-preview":"max-video-preview:-1"},"canonical":"https:\/\/ongadesco.org\/fr\/projet-rasepet-plan-international-togo-et-adesco-evaluent-lavancement-de-la-mise-en-oeuvre-des-actions-pour-la-petite-enfance\/","og_locale":"fr_FR","og_type":"article","og_title":"Projet RASEPET : Plan International Togo et ADESCO \u00e9valuent l\u2019avancement de la mise en \u0153uvre des actions pour la petite enfance - ONG Adesco","og_description":"Dans le soucis d\u2019assurance la qualit\u00e9 des interventions du projet \u00ab\u00a0Renforcement de l\u2019acc\u00e8s aux soins et \u00e0 l\u2019\u00e9ducation des petits enfants dans la r\u00e9gion centrale au Togo\u00a0\u00bb (RASEPET), une mission conjointe de Plan International Togo, ADESCO et technique de l\u2019\u00e9tats (Direction r\u00e9gionale de l\u2019\u00e9ducation et la Direction r\u00e9gionale de l\u2019eau et Assainissement) s\u2019est d\u00e9roul\u00e9e le [&hellip;]","og_url":"https:\/\/ongadesco.org\/fr\/projet-rasepet-plan-international-togo-et-adesco-evaluent-lavancement-de-la-mise-en-oeuvre-des-actions-pour-la-petite-enfance\/","og_site_name":"ONG Adesco","article_publisher":"https:\/\/facebook.com\/adescosantedeveloppement","article_published_time":"2026-02-07T12:18:10+00:00","article_modified_time":"2026-02-07T12:21:45+00:00","og_image":[{"width":1020,"height":459,"url":"https:\/\/ongadesco.org\/fr\/wp-content\/uploads\/2026\/02\/WhatsApp-Image-2026-02-03-at-18.32.27.jpeg","type":"image\/jpeg"}],"author":"afitz patrick","twitter_card":"summary_large_image","twitter_creator":"@ongadesco","twitter_site":"@ongadesco","twitter_misc":{"\u00c9crit par":"afitz patrick","Dur\u00e9e de lecture estim\u00e9e":"3 minutes"},"schema":{"@context":"https:\/\/schema.org","@graph":[{"@type":"Article","@id":"https:\/\/ongadesco.org\/fr\/projet-rasepet-plan-international-togo-et-adesco-evaluent-lavancement-de-la-mise-en-oeuvre-des-actions-pour-la-petite-enfance\/#article","isPartOf":{"@id":"https:\/\/ongadesco.org\/fr\/projet-rasepet-plan-international-togo-et-adesco-evaluent-lavancement-de-la-mise-en-oeuvre-des-actions-pour-la-petite-enfance\/"},"author":{"name":"afitz patrick","@id":"https:\/\/ongadesco.org\/fr\/#\/schema\/person\/17abd2bdd04f4dfea0adadcac83076ca"},"headline":"Projet RASEPET : Plan International Togo et ADESCO \u00e9valuent l\u2019avancement de la mise en \u0153uvre des actions pour la petite enfance","datePublished":"2026-02-07T12:18:10+00:00","dateModified":"2026-02-07T12:21:45+00:00","mainEntityOfPage":{"@id":"https:\/\/ongadesco.org\/fr\/projet-rasepet-plan-international-togo-et-adesco-evaluent-lavancement-de-la-mise-en-oeuvre-des-actions-pour-la-petite-enfance\/"},"wordCount":511,"commentCount":0,"publisher":{"@id":"https:\/\/ongadesco.org\/fr\/#organization"},"articleSection":["activit\u00e9s r\u00e9alis\u00e9es"],"inLanguage":"fr-FR","potentialAction":[{"@type":"CommentAction","name":"Comment","target":["https:\/\/ongadesco.org\/fr\/projet-rasepet-plan-international-togo-et-adesco-evaluent-lavancement-de-la-mise-en-oeuvre-des-actions-pour-la-petite-enfance\/#respond"]}]},{"@type":"WebPage","@id":"https:\/\/ongadesco.org\/fr\/projet-rasepet-plan-international-togo-et-adesco-evaluent-lavancement-de-la-mise-en-oeuvre-des-actions-pour-la-petite-enfance\/","url":"https:\/\/ongadesco.org\/fr\/projet-rasepet-plan-international-togo-et-adesco-evaluent-lavancement-de-la-mise-en-oeuvre-des-actions-pour-la-petite-enfance\/","name":"Projet RASEPET : Plan International Togo et ADESCO \u00e9valuent l\u2019avancement de la mise en \u0153uvre des actions pour la petite enfance - ONG Adesco","isPartOf":{"@id":"https:\/\/ongadesco.org\/fr\/#website"},"datePublished":"2026-02-07T12:18:10+00:00","dateModified":"2026-02-07T12:21:45+00:00","breadcrumb":{"@id":"https:\/\/ongadesco.org\/fr\/projet-rasepet-plan-international-togo-et-adesco-evaluent-lavancement-de-la-mise-en-oeuvre-des-actions-pour-la-petite-enfance\/#breadcrumb"},"inLanguage":"fr-FR","potentialAction":[{"@type":"ReadAction","target":["https:\/\/ongadesco.org\/fr\/projet-rasepet-plan-international-togo-et-adesco-evaluent-lavancement-de-la-mise-en-oeuvre-des-actions-pour-la-petite-enfance\/"]}]},{"@type":"BreadcrumbList","@id":"https:\/\/ongadesco.org\/fr\/projet-rasepet-plan-international-togo-et-adesco-evaluent-lavancement-de-la-mise-en-oeuvre-des-actions-pour-la-petite-enfance\/#breadcrumb","itemListElement":[{"@type":"ListItem","position":1,"name":"Accueil","item":"https:\/\/ongadesco.org\/fr\/"},{"@type":"ListItem","position":2,"name":"Projet RASEPET : Plan International Togo et ADESCO \u00e9valuent l\u2019avancement de la mise en \u0153uvre des actions pour la petite enfance"}]},{"@type":"WebSite","@id":"https:\/\/ongadesco.org\/fr\/#website","url":"https:\/\/ongadesco.org\/fr\/","name":"ONG Adesco","description":"","publisher":{"@id":"https:\/\/ongadesco.org\/fr\/#organization"},"potentialAction":[{"@type":"SearchAction","target":{"@type":"EntryPoint","urlTemplate":"https:\/\/ongadesco.org\/fr\/?s={search_term_string}"},"query-input":"required name=search_term_string"}],"inLanguage":"fr-FR"},{"@type":"Organization","@id":"https:\/\/ongadesco.org\/fr\/#organization","name":"ONG Adesco","url":"https:\/\/ongadesco.org\/fr\/","logo":{"@type":"ImageObject","inLanguage":"fr-FR","@id":"https:\/\/ongadesco.org\/fr\/#\/schema\/logo\/image\/","url":"https:\/\/ongadesco.org\/fr\/wp-content\/uploads\/2022\/12\/logo2.png","contentUrl":"https:\/\/ongadesco.org\/fr\/wp-content\/uploads\/2022\/12\/logo2.png","width":134,"height":45,"caption":"ONG Adesco"},"image":{"@id":"https:\/\/ongadesco.org\/fr\/#\/schema\/logo\/image\/"},"sameAs":["https:\/\/web.whatsapp.com\/","https:\/\/whatsapp.com\/","https:\/\/facebook.com\/adescosantedeveloppement","https:\/\/twitter.com\/ongadesco"]},{"@type":"Person","@id":"https:\/\/ongadesco.org\/fr\/#\/schema\/person\/17abd2bdd04f4dfea0adadcac83076ca","name":"afitz patrick","image":{"@type":"ImageObject","inLanguage":"fr-FR","@id":"https:\/\/ongadesco.org\/fr\/#\/schema\/person\/image\/","url":"https:\/\/secure.gravatar.com\/avatar\/9bd5e1cde16d6be84ea838abda8b465c992300074f3427e61dbfd295cefded1b?s=96&d=mm&r=g","contentUrl":"https:\/\/secure.gravatar.com\/avatar\/9bd5e1cde16d6be84ea838abda8b465c992300074f3427e61dbfd295cefded1b?s=96&d=mm&r=g","caption":"afitz patrick"},"url":"https:\/\/ongadesco.org\/fr\/author\/patrickafitz\/"}]}},"_links":{"self":[{"href":"https:\/\/ongadesco.org\/fr\/wp-json\/wp\/v2\/posts\/1076","targetHints":{"allow":["GET"]}}],"collection":[{"href":"https:\/\/ongadesco.org\/fr\/wp-json\/wp\/v2\/posts"}],"about":[{"href":"https:\/\/ongadesco.org\/fr\/wp-json\/wp\/v2\/types\/post"}],"author":[{"embeddable":true,"href":"https:\/\/ongadesco.org\/fr\/wp-json\/wp\/v2\/users\/4"}],"replies":[{"embeddable":true,"href":"https:\/\/ongadesco.org\/fr\/wp-json\/wp\/v2\/comments?post=1076"}],"version-history":[{"count":2,"href":"https:\/\/ongadesco.org\/fr\/wp-json\/wp\/v2\/posts\/1076\/revisions"}],"predecessor-version":[{"id":1084,"href":"https:\/\/ongadesco.org\/fr\/wp-json\/wp\/v2\/posts\/1076\/revisions\/1084"}],"wp:featuredmedia":[{"embeddable":true,"href":"https:\/\/ongadesco.org\/fr\/wp-json\/wp\/v2\/media\/1077"}],"wp:attachment":[{"href":"https:\/\/ongadesco.org\/fr\/wp-json\/wp\/v2\/media?parent=1076"}],"wp:term":[{"taxonomy":"category","embeddable":true,"href":"https:\/\/ongadesco.org\/fr\/wp-json\/wp\/v2\/categories?post=1076"},{"taxonomy":"post_tag","embeddable":true,"href":"https:\/\/ongadesco.org\/fr\/wp-json\/wp\/v2\/tags?post=1076"}],"curies":[{"name":"wp","href":"https:\/\/api.w.org\/{rel}","templated":true}]}}