{"id":1085,"date":"2026-02-20T20:43:21","date_gmt":"2026-02-20T19:43:21","guid":{"rendered":"https:\/\/ongadesco.org\/fr\/?p=1085"},"modified":"2026-02-20T20:43:22","modified_gmt":"2026-02-20T19:43:22","slug":"bia-laafia-adesco-aux-cotes-de-crs-pour-assurer-la-durabilite-des-acquis-du-projet","status":"publish","type":"post","link":"https:\/\/ongadesco.org\/fr\/bia-laafia-adesco-aux-cotes-de-crs-pour-assurer-la-durabilite-des-acquis-du-projet\/","title":{"rendered":"Bia-Laafia : ADESCO aux c\u00f4t\u00e9s de CRS pour assurer la durabilit\u00e9 des acquis du projet"},"content":{"rendered":"\n<p>Le 10 f\u00e9vrier 2026, ADESCO a pris part, aux c\u00f4t\u00e9s de Catholic Relief Services (CRS), \u00e0 un atelier de partage du plan de durabilit\u00e9 du projet <strong>Bia-Laafia<\/strong>, organis\u00e9 \u00e0 l\u2019H\u00f4tel Concorde de Kara au Togo. Cette rencontre strat\u00e9gique a r\u00e9uni les principales parties prenantes afin de poser les bases solides de la p\u00e9rennisation des acquis du projet.<\/p>\n\n\n\n<p>Cet atelier s\u2019inscrit dans la dynamique de mise en \u0153uvre du plan de durabilit\u00e9, avec pour objectif de permettre \u00e0 tous les acteurs \u2013 autorit\u00e9s \u00e9ducatives, collectivit\u00e9s territoriales, services techniques et communaut\u00e9s \u2013 de s\u2019approprier les m\u00e9canismes garantissant la continuit\u00e9 des actions engag\u00e9es.<\/p>\n\n\n\n<p>Le projet <strong>Bia-Laafia<\/strong>, financ\u00e9 par le <em>Foreign Agricultural Service McGovern Dole Food for Education and Child Nutrition Program<\/em> du minist\u00e8re de l&rsquo;Agriculture des \u00c9tats-Unis (USDA), est mis en \u0153uvre sur une p\u00e9riode de cinq ans (octobre 2023 \u2013 septembre 2028) par CRS en partenariat avec ADESCO.<\/p>\n\n\n\n<p>Il intervient dans <strong>202 \u00e9coles primaires publiques<\/strong> des pr\u00e9fectures de Dankpen et K\u00e9ran (r\u00e9gion de la Kara) ainsi que dans l\u2019Oti-Sud (r\u00e9gion des Savanes). Le projet cible notamment les enfants d\u2019\u00e2ge scolaire, les femmes enceintes et allaitantes, les enfants de moins de deux ans, les enseignants et responsables d\u2019\u00e9tablissements scolaires.<\/p>\n\n\n\n<p>A travers des actions int\u00e9gr\u00e9es, notamment la mise en place et le renforcement des cantines scolaires, le projet contribue \u00e0 am\u00e9liorer la fr\u00e9quentation scolaire, la performance acad\u00e9mique et le maintien des \u00e9l\u00e8ves \u00e0 l\u2019\u00e9cole.<\/p>\n\n\n\n<p>A l\u2019entame, l&rsquo;atelier a connu trois interventions majeures notamment celles du Directeur Adjoint du projet Bia-Laafia de CRS, du point focal national de la cantine scolaire et du Directeur R\u00e9gional de l\u2019\u00c9ducation .<\/p>\n\n\n<div class=\"wp-block-image\">\n<figure class=\"aligncenter size-large\"><img loading=\"lazy\" decoding=\"async\" width=\"1024\" height=\"768\" src=\"https:\/\/ongadesco.org\/fr\/wp-content\/uploads\/2026\/02\/IMG-20260210-WA0175.jpg-1024x768.jpeg\" alt=\"\" class=\"wp-image-1087\" srcset=\"https:\/\/ongadesco.org\/fr\/wp-content\/uploads\/2026\/02\/IMG-20260210-WA0175.jpg-1024x768.jpeg 1024w, https:\/\/ongadesco.org\/fr\/wp-content\/uploads\/2026\/02\/IMG-20260210-WA0175.jpg-300x225.jpeg 300w, https:\/\/ongadesco.org\/fr\/wp-content\/uploads\/2026\/02\/IMG-20260210-WA0175.jpg-768x576.jpeg 768w, https:\/\/ongadesco.org\/fr\/wp-content\/uploads\/2026\/02\/IMG-20260210-WA0175.jpg.jpeg 1280w\" sizes=\"auto, (max-width: 1024px) 100vw, 1024px\" \/><figcaption class=\"wp-element-caption\"><em><strong>Discours du point focal national de la cantine scolaire au Togo<\/strong><\/em><\/figcaption><\/figure>\n<\/div>\n\n\n<p>Tous ont salu\u00e9 les impacts significatifs du projet, en particulier l\u2019am\u00e9lioration des performances scolaires et le maintien des \u00e9l\u00e8ves gr\u00e2ce \u00e0 la cantine scolaire. Ils ont insist\u00e9 sur la n\u00e9cessit\u00e9 de consolider ces acquis dans une logique de durabilit\u00e9.<\/p>\n\n\n\n<p>Le point culminant de la rencontre a \u00e9t\u00e9 l\u2019identification des actions concr\u00e8tes de p\u00e9rennisation et l\u2019engagement formel des communes \u00e0 accompagner le processus. La remise des guides de recettes de la cantine scolaire aux maires constitue \u00e9galement une \u00e9tape cl\u00e9 pour renforcer la qualit\u00e9 des repas et la redevabilit\u00e9 des acteurs communautaires.<\/p>\n\n\n\n<p>A l\u2019issue des discussions, l\u2019ensemble des parties prenantes, en particulier les collectivit\u00e9s locales, ont r\u00e9it\u00e9r\u00e9 avec fermet\u00e9 leur engagement \u00e0 soutenir la mise en \u0153uvre des actions de p\u00e9rennisation, dans le but de garantir la continuit\u00e9 et la durabilit\u00e9 des acquis du projet Bia-Laafia.<\/p>\n\n\n<div class=\"wp-block-image\">\n<figure class=\"aligncenter size-large\"><img loading=\"lazy\" decoding=\"async\" width=\"1024\" height=\"768\" src=\"https:\/\/ongadesco.org\/fr\/wp-content\/uploads\/2026\/02\/IMG-20260210-WA0171.jpg-1024x768.jpeg\" alt=\"\" class=\"wp-image-1088\" srcset=\"https:\/\/ongadesco.org\/fr\/wp-content\/uploads\/2026\/02\/IMG-20260210-WA0171.jpg-1024x768.jpeg 1024w, https:\/\/ongadesco.org\/fr\/wp-content\/uploads\/2026\/02\/IMG-20260210-WA0171.jpg-300x225.jpeg 300w, https:\/\/ongadesco.org\/fr\/wp-content\/uploads\/2026\/02\/IMG-20260210-WA0171.jpg-768x576.jpeg 768w, https:\/\/ongadesco.org\/fr\/wp-content\/uploads\/2026\/02\/IMG-20260210-WA0171.jpg.jpeg 1280w\" sizes=\"auto, (max-width: 1024px) 100vw, 1024px\" \/><figcaption class=\"wp-element-caption\"><strong><em>Remise de guide recette de la cantine par le gestionnaire de projet de ADESCO \u00e0 Madame le maire           de l&rsquo;Oti-Sud<\/em><\/strong><\/figcaption><\/figure>\n<\/div>\n\n\n<p>Le Maire de Dankpen 2, Nicolas KAMPO, s\u2019est exprim\u00e9 en ces termes :<\/p>\n\n\n\n<p>\u00ab Nous sortons pleinement satisfaits de cet atelier, qui nous pr\u00e9pare \u00e0 assurer progressivement la gestion des cantines scolaires que le gouvernement nous confie. Les orientations partag\u00e9es nous offrent des pistes concr\u00e8tes pour relever les d\u00e9fis \u00e0 venir. Nous nous engageons \u00e0 accompagner le projet Bia-Laafia, pendant et au-del\u00e0 de son financement, afin de pr\u00e9server et consolider ses r\u00e9sultats. Nous adressons nos sinc\u00e8res remerciements au gouvernement togolais, \u00e0 l\u2019USDA, \u00e0 CRS ainsi qu\u2019\u00e0 ses partenaires ADESCO et 3 ASC. \u00bb<\/p>\n\n\n\n<p>A travers cette participation active, ADESCO r\u00e9affirme son engagement aux c\u00f4t\u00e9s de CRS pour garantir que les r\u00e9sultats du projet Bia-Laafia continuent d\u2019impacter durablement les communaut\u00e9s bien au-del\u00e0 de la p\u00e9riode de financement.<\/p>\n    <div class=\"related-post grid\">\r\n                <div class=\"headline\">Publications similaires<\/div>\r\n        <div class=\"post-list \">\r\n\r\n                        <div class=\"item\">\r\n                    \r\n    <a class=\"title post_title\"  title=\"CELEBRATION DE LA JOURNEE MONDIALE DU SIDA : Distribution des pr\u00e9servatifs \u00e0 Sokod\u00e9 par l\u2019ONG ADESCO\" href=\"https:\/\/ongadesco.org\/fr\/celebration-de-la-journee-mondiale-du-sida-distribution-des-preservatifs-a-sokode-par-long-adesco\/?related_post_from=162\">\r\n                CELEBRATION DE LA JOURNEE MONDIALE DU SIDA : Distribution des pr\u00e9servatifs \u00e0 Sokod\u00e9 par l\u2019ONG ADESCO    <\/a>\r\n\r\n    <div class=\"thumb post_thumb\">\r\n        <a  title=\"CELEBRATION DE LA JOURNEE MONDIALE DU SIDA : Distribution des pr\u00e9servatifs \u00e0 Sokod\u00e9 par l\u2019ONG ADESCO\" href=\"https:\/\/ongadesco.org\/fr\/celebration-de-la-journee-mondiale-du-sida-distribution-des-preservatifs-a-sokode-par-long-adesco\/?related_post_from=162\">\r\n\r\n            <img loading=\"lazy\" decoding=\"async\" width=\"150\" height=\"150\" src=\"https:\/\/ongadesco.org\/fr\/wp-content\/uploads\/2022\/12\/WhatsApp-Image-2022-07-23-at-09.10.29-1-150x150-1.jpeg\" class=\"attachment-full size-full wp-post-image\" alt=\"\" \/>\r\n\r\n        <\/a>\r\n    <\/div>\r\n    <p class=\"excerpt post_excerpt\">\r\n        A l\u2019occasion de la c\u00e9l\u00e9bration de la journ\u00e9e mondiale du SIDA le 1er&nbsp;d\u00e9cembre 2021, l\u2019ONG&nbsp;ADESCO&nbsp;en collaboration avec la plateforme nationale <a  class=\"read-more\" href=\"https:\/\/ongadesco.org\/fr\/celebration-de-la-journee-mondiale-du-sida-distribution-des-preservatifs-a-sokode-par-long-adesco\/?related_post_from=162\"> Lire la suite<\/a>    <\/p>\r\n                <\/div>\r\n                            <div class=\"item\">\r\n                    \r\n    <a class=\"title post_title\"  title=\"SANTE-TRANSFORMATION-APPRENTISSAGE : Suivi des activit\u00e9s du projet STARS \u00e0 Dankpen par le staff de l\u2019ONG ADESCO\" href=\"https:\/\/ongadesco.org\/fr\/sante-transformation-apprentissage-suivi-des-activites-du-projet-stars-a-dankpen-par-le-staff-de-long-adesco\/?related_post_from=165\">\r\n                SANTE-TRANSFORMATION-APPRENTISSAGE : Suivi des activit\u00e9s du projet STARS \u00e0 Dankpen par le staff de l\u2019ONG ADESCO    <\/a>\r\n\r\n    <div class=\"thumb post_thumb\">\r\n        <a  title=\"SANTE-TRANSFORMATION-APPRENTISSAGE : Suivi des activit\u00e9s du projet STARS \u00e0 Dankpen par le staff de l\u2019ONG ADESCO\" href=\"https:\/\/ongadesco.org\/fr\/sante-transformation-apprentissage-suivi-des-activites-du-projet-stars-a-dankpen-par-le-staff-de-long-adesco\/?related_post_from=165\">\r\n\r\n            <img loading=\"lazy\" decoding=\"async\" width=\"150\" height=\"145\" src=\"https:\/\/ongadesco.org\/fr\/wp-content\/uploads\/2022\/12\/WhatsApp-Image-2021-12-22-at-16.25.11-240x145-1-150x145-1.jpeg\" class=\"attachment-full size-full wp-post-image\" alt=\"\" \/>\r\n\r\n        <\/a>\r\n    <\/div>\r\n    <p class=\"excerpt post_excerpt\">\r\n        Les activit\u00e9s pr\u00e9vues sur le volet \u00e9cole int\u00e9gr\u00e9 du projet Sant\u00e9, Transformation, Apprentissage pour une R\u00e9ussite Scolaire (STARS) incluent entre <a  class=\"read-more\" href=\"https:\/\/ongadesco.org\/fr\/sante-transformation-apprentissage-suivi-des-activites-du-projet-stars-a-dankpen-par-le-staff-de-long-adesco\/?related_post_from=165\"> Lire la suite<\/a>    <\/p>\r\n                <\/div>\r\n                            <div class=\"item\">\r\n                    \r\n    <a class=\"title post_title\"  title=\"SANTE ET NUTRITION : Histoires de succ\u00e8s : CRS et ses partenaires accompagnent les \u00e9coles \u00e0 cantines scolaires STARS dans la r\u00e9alisation des Champs communautaires\" href=\"https:\/\/ongadesco.org\/fr\/sante-et-nutrition-histoires-de-succes-crs-et-ses-partenaires-accompagnent-les-ecoles-a-cantines-scolaires-stars-dans-la-realisation-des-champs-communautaires\/?related_post_from=168\">\r\n                SANTE ET NUTRITION : Histoires de succ\u00e8s : CRS et ses partenaires accompagnent les \u00e9coles \u00e0 cantines scolaires STARS dans la r\u00e9alisation des Champs communautaires    <\/a>\r\n\r\n    <div class=\"thumb post_thumb\">\r\n        <a  title=\"SANTE ET NUTRITION : Histoires de succ\u00e8s : CRS et ses partenaires accompagnent les \u00e9coles \u00e0 cantines scolaires STARS dans la r\u00e9alisation des Champs communautaires\" href=\"https:\/\/ongadesco.org\/fr\/sante-et-nutrition-histoires-de-succes-crs-et-ses-partenaires-accompagnent-les-ecoles-a-cantines-scolaires-stars-dans-la-realisation-des-champs-communautaires\/?related_post_from=168\">\r\n\r\n            <img loading=\"lazy\" decoding=\"async\" width=\"150\" height=\"150\" src=\"https:\/\/ongadesco.org\/fr\/wp-content\/uploads\/2022\/12\/QD-150x150-1.jpg\" class=\"attachment-full size-full wp-post-image\" alt=\"\" \/>\r\n\r\n        <\/a>\r\n    <\/div>\r\n    <p class=\"excerpt post_excerpt\">\r\n        Catholic Relief Services (CRS) a re\u00e7u un financement de la part du d\u00e9partement des USA en charge de l\u2019agriculture (USDA) <a  class=\"read-more\" href=\"https:\/\/ongadesco.org\/fr\/sante-et-nutrition-histoires-de-succes-crs-et-ses-partenaires-accompagnent-les-ecoles-a-cantines-scolaires-stars-dans-la-realisation-des-champs-communautaires\/?related_post_from=168\"> Lire la suite<\/a>    <\/p>\r\n                <\/div>\r\n                            <div class=\"item\">\r\n                    \r\n    <a class=\"title post_title\"  title=\"Apport du CMS Bon-Secours de l\u2019ONG ADESCO dans la pr\u00e9vention et le traitement des maladies non transmissibles\" href=\"https:\/\/ongadesco.org\/fr\/apport-du-cms-bon-secours-de-long-adesco-dans-la-prevention-et-le-traitement-des-maladies-non-transmissibles\/?related_post_from=171\">\r\n                Apport du CMS Bon-Secours de l\u2019ONG ADESCO dans la pr\u00e9vention et le traitement des maladies non transmissibles    <\/a>\r\n\r\n    <div class=\"thumb post_thumb\">\r\n        <a  title=\"Apport du CMS Bon-Secours de l\u2019ONG ADESCO dans la pr\u00e9vention et le traitement des maladies non transmissibles\" href=\"https:\/\/ongadesco.org\/fr\/apport-du-cms-bon-secours-de-long-adesco-dans-la-prevention-et-le-traitement-des-maladies-non-transmissibles\/?related_post_from=171\">\r\n\r\n            <img loading=\"lazy\" decoding=\"async\" width=\"150\" height=\"150\" src=\"https:\/\/ongadesco.org\/fr\/wp-content\/uploads\/2022\/12\/IMG_20220112_082427_5-150x150-1.jpg\" class=\"attachment-full size-full wp-post-image\" alt=\"\" \/>\r\n\r\n        <\/a>\r\n    <\/div>\r\n    <p class=\"excerpt post_excerpt\">\r\n        Une campagne de sensibilisation, d\u00e9pistage et de traitement gratuit de l'hypertension art\u00e9rielle et du diab\u00e8te est organis\u00e9e les 10, 11 <a  class=\"read-more\" href=\"https:\/\/ongadesco.org\/fr\/apport-du-cms-bon-secours-de-long-adesco-dans-la-prevention-et-le-traitement-des-maladies-non-transmissibles\/?related_post_from=171\"> Lire la suite<\/a>    <\/p>\r\n                <\/div>\r\n                            <div class=\"item\">\r\n                    \r\n    <a class=\"title post_title\"  title=\"VIVRE DANS UN ENVIRONNEMENT SAINT : Trois cantons de la pr\u00e9fecture de M\u00f4 s\u2019engagent\" href=\"https:\/\/ongadesco.org\/fr\/vivre-dans-un-environnement-saint-trois-cantons-de-la-prefecture-de-mo-sengagent\/?related_post_from=174\">\r\n                VIVRE DANS UN ENVIRONNEMENT SAINT : Trois cantons de la pr\u00e9fecture de M\u00f4 s\u2019engagent    <\/a>\r\n\r\n    <div class=\"thumb post_thumb\">\r\n        <a  title=\"VIVRE DANS UN ENVIRONNEMENT SAINT : Trois cantons de la pr\u00e9fecture de M\u00f4 s\u2019engagent\" href=\"https:\/\/ongadesco.org\/fr\/vivre-dans-un-environnement-saint-trois-cantons-de-la-prefecture-de-mo-sengagent\/?related_post_from=174\">\r\n\r\n            <img loading=\"lazy\" decoding=\"async\" width=\"150\" height=\"145\" src=\"https:\/\/ongadesco.org\/fr\/wp-content\/uploads\/2022\/12\/D-240x145-1-150x145-1.jpeg\" class=\"attachment-full size-full wp-post-image\" alt=\"\" \/>\r\n\r\n        <\/a>\r\n    <\/div>\r\n    <p class=\"excerpt post_excerpt\">\r\n        Amener les communaut\u00e9s \u00e0 r\u00e9aliser les latrines familiales pour mettre fin \u00e0 la d\u00e9f\u00e9cation \u00e0 l\u2019air libre, tel est l\u2019objectif <a  class=\"read-more\" href=\"https:\/\/ongadesco.org\/fr\/vivre-dans-un-environnement-saint-trois-cantons-de-la-prefecture-de-mo-sengagent\/?related_post_from=174\"> Lire la suite<\/a>    <\/p>\r\n                <\/div>\r\n                            <div class=\"item\">\r\n                    \r\n    <a class=\"title post_title\"  title=\"Rapprochement des services SSR aux jeunes et adolescents \u00e0 travers la clinique mobile\" href=\"https:\/\/ongadesco.org\/fr\/rapprochement-des-services-ssr-aux-jeunes-et-adolescents-a-travers-la-clinique-mobile\/?related_post_from=177\">\r\n                Rapprochement des services SSR aux jeunes et adolescents \u00e0 travers la clinique mobile    <\/a>\r\n\r\n    <div class=\"thumb post_thumb\">\r\n        <a  title=\"Rapprochement des services SSR aux jeunes et adolescents \u00e0 travers la clinique mobile\" href=\"https:\/\/ongadesco.org\/fr\/rapprochement-des-services-ssr-aux-jeunes-et-adolescents-a-travers-la-clinique-mobile\/?related_post_from=177\">\r\n\r\n            <img loading=\"lazy\" decoding=\"async\" width=\"150\" height=\"145\" src=\"https:\/\/ongadesco.org\/fr\/wp-content\/uploads\/2022\/12\/1-240x145-1-150x145-1.jpeg\" class=\"attachment-full size-full wp-post-image\" alt=\"\" \/>\r\n\r\n        <\/a>\r\n    <\/div>\r\n    <p class=\"excerpt post_excerpt\">\r\n        Gratuitement offerts aux jeunes et adolescents \u00e0 travers la clinique mobile de l\u2019ONG ADESCO, ces services sont entre autres la <a  class=\"read-more\" href=\"https:\/\/ongadesco.org\/fr\/rapprochement-des-services-ssr-aux-jeunes-et-adolescents-a-travers-la-clinique-mobile\/?related_post_from=177\"> Lire la suite<\/a>    <\/p>\r\n                <\/div>\r\n                            <div class=\"item\">\r\n                    \r\n    <a class=\"title post_title\"  title=\"Genre Transformateur et l\u2019Inclusion : 160 membres des r\u00e9seaux villageois de groupes d\u2019\u00e9pargne renforc\u00e9s dans la pr\u00e9fecture de Sotouboua\" href=\"https:\/\/ongadesco.org\/fr\/genre-transformateur-et-linclusion-160-membres-des-reseaux-villageois-de-groupes-depargne-renforces-dans-la-prefecture-de-sotouboua\/?related_post_from=180\">\r\n                Genre Transformateur et l\u2019Inclusion : 160 membres des r\u00e9seaux villageois de groupes d\u2019\u00e9pargne renforc\u00e9s dans la pr\u00e9fecture de Sotouboua    <\/a>\r\n\r\n    <div class=\"thumb post_thumb\">\r\n        <a  title=\"Genre Transformateur et l\u2019Inclusion : 160 membres des r\u00e9seaux villageois de groupes d\u2019\u00e9pargne renforc\u00e9s dans la pr\u00e9fecture de Sotouboua\" href=\"https:\/\/ongadesco.org\/fr\/genre-transformateur-et-linclusion-160-membres-des-reseaux-villageois-de-groupes-depargne-renforces-dans-la-prefecture-de-sotouboua\/?related_post_from=180\">\r\n\r\n            <img loading=\"lazy\" decoding=\"async\" width=\"150\" height=\"145\" src=\"https:\/\/ongadesco.org\/fr\/wp-content\/uploads\/2022\/12\/WhatsApp-Image-2022-02-23-at-15.42.55-1-240x145-1-150x145-1.jpeg\" class=\"attachment-full size-full wp-post-image\" alt=\"\" \/>\r\n\r\n        <\/a>\r\n    <\/div>\r\n    <p class=\"excerpt post_excerpt\">\r\n        A travers des questions-r\u00e9ponses, travaux de groupes, simulations\u2026, 160 membres de 80 r\u00e9seaux villageois de groupes d\u2019\u00e9pargne ont \u00e9t\u00e9 renforc\u00e9s <a  class=\"read-more\" href=\"https:\/\/ongadesco.org\/fr\/genre-transformateur-et-linclusion-160-membres-des-reseaux-villageois-de-groupes-depargne-renforces-dans-la-prefecture-de-sotouboua\/?related_post_from=180\"> Lire la suite<\/a>    <\/p>\r\n                <\/div>\r\n                            <div class=\"item\">\r\n                    \r\n    <a class=\"title post_title\"  title=\"POUR UNE MEILLEURE GESTION DE L\u2019HYGIENE MENSTRUELLE CHEZ LA FEMME ET LA JEUNE FILLE, 120 Encadreurs de clubs sont renforc\u00e9s\" href=\"https:\/\/ongadesco.org\/fr\/pour-une-meilleure-gestion-de-lhygiene-menstruelle-chez-la-femme-et-la-jeune-fille-120-encadreurs-de-clubs-sont-renforces\/?related_post_from=183\">\r\n                POUR UNE MEILLEURE GESTION DE L\u2019HYGIENE MENSTRUELLE CHEZ LA FEMME ET LA JEUNE FILLE, 120 Encadreurs de clubs sont renforc\u00e9s    <\/a>\r\n\r\n    <div class=\"thumb post_thumb\">\r\n        <a  title=\"POUR UNE MEILLEURE GESTION DE L\u2019HYGIENE MENSTRUELLE CHEZ LA FEMME ET LA JEUNE FILLE, 120 Encadreurs de clubs sont renforc\u00e9s\" href=\"https:\/\/ongadesco.org\/fr\/pour-une-meilleure-gestion-de-lhygiene-menstruelle-chez-la-femme-et-la-jeune-fille-120-encadreurs-de-clubs-sont-renforces\/?related_post_from=183\">\r\n\r\n            <img loading=\"lazy\" decoding=\"async\" width=\"150\" height=\"145\" src=\"https:\/\/ongadesco.org\/fr\/wp-content\/uploads\/2022\/12\/IMG_20220311_140847_8-6-240x145-1-150x145-1.jpg\" class=\"attachment-full size-full wp-post-image\" alt=\"\" \/>\r\n\r\n        <\/a>\r\n    <\/div>\r\n    <p class=\"excerpt post_excerpt\">\r\n        Ils sont au total 120 Enseignants identifi\u00e9s comme Encadreurs de clubs et les Points Focaux GHM (Gestion de l\u2019Hygi\u00e8ne Menstruelle) <a  class=\"read-more\" href=\"https:\/\/ongadesco.org\/fr\/pour-une-meilleure-gestion-de-lhygiene-menstruelle-chez-la-femme-et-la-jeune-fille-120-encadreurs-de-clubs-sont-renforces\/?related_post_from=183\"> Lire la suite<\/a>    <\/p>\r\n                <\/div>\r\n                            <div class=\"item\">\r\n                    \r\n    <a class=\"title post_title\"  title=\"Rapprochement des services SSR aux jeunes et adolescents \u00e0 travers la clinique mobile\" href=\"https:\/\/ongadesco.org\/fr\/rapprochement-des-services-ssr-aux-jeunes-et-adolescents-a-travers-la-clinique-mobile-2\/?related_post_from=186\">\r\n                Rapprochement des services SSR aux jeunes et adolescents \u00e0 travers la clinique mobile    <\/a>\r\n\r\n    <div class=\"thumb post_thumb\">\r\n        <a  title=\"Rapprochement des services SSR aux jeunes et adolescents \u00e0 travers la clinique mobile\" href=\"https:\/\/ongadesco.org\/fr\/rapprochement-des-services-ssr-aux-jeunes-et-adolescents-a-travers-la-clinique-mobile-2\/?related_post_from=186\">\r\n\r\n            <img loading=\"lazy\" decoding=\"async\" width=\"150\" height=\"145\" src=\"https:\/\/ongadesco.org\/fr\/wp-content\/uploads\/2022\/12\/DSC06707-240x145-1-150x145-1.jpg\" class=\"attachment-full size-full wp-post-image\" alt=\"\" \/>\r\n\r\n        <\/a>\r\n    <\/div>\r\n    <p class=\"excerpt post_excerpt\">\r\n        Apr\u00e8s la pr\u00e9fecture de Sotouboua, c\u2019est le tour de celle de M\u00f4 d\u2019accueillir la clinique mobile. Pour cette tourn\u00e9e de <a  class=\"read-more\" href=\"https:\/\/ongadesco.org\/fr\/rapprochement-des-services-ssr-aux-jeunes-et-adolescents-a-travers-la-clinique-mobile-2\/?related_post_from=186\"> Lire la suite<\/a>    <\/p>\r\n                <\/div>\r\n                            <div class=\"item\">\r\n                    \r\n    <a class=\"title post_title\"  title=\"60 Encadrants de clubs renforc\u00e9s sur les comp\u00e9tences de vie des Adolescents et Jeunes\" href=\"https:\/\/ongadesco.org\/fr\/60-encadrants-de-clubs-renforces-sur-les-competences-de-vie-des-adolescents-et-jeunes\/?related_post_from=192\">\r\n                60 Encadrants de clubs renforc\u00e9s sur les comp\u00e9tences de vie des Adolescents et Jeunes    <\/a>\r\n\r\n    <div class=\"thumb post_thumb\">\r\n        <a  title=\"60 Encadrants de clubs renforc\u00e9s sur les comp\u00e9tences de vie des Adolescents et Jeunes\" href=\"https:\/\/ongadesco.org\/fr\/60-encadrants-de-clubs-renforces-sur-les-competences-de-vie-des-adolescents-et-jeunes\/?related_post_from=192\">\r\n\r\n            <img loading=\"lazy\" decoding=\"async\" width=\"150\" height=\"150\" src=\"https:\/\/ongadesco.org\/fr\/wp-content\/uploads\/2022\/12\/Encadrants-clubs-150x150-1.jpeg\" class=\"attachment-full size-full wp-post-image\" alt=\"\" \/>\r\n\r\n        <\/a>\r\n    <\/div>\r\n    <p class=\"excerpt post_excerpt\">\r\n        Avec pour objectif sp\u00e9cifique de fournir aux encadrants des clubs des informations et des connaissances de base sur les comp\u00e9tences <a  class=\"read-more\" href=\"https:\/\/ongadesco.org\/fr\/60-encadrants-de-clubs-renforces-sur-les-competences-de-vie-des-adolescents-et-jeunes\/?related_post_from=192\"> Lire la suite<\/a>    <\/p>\r\n                <\/div>\r\n            \r\n    <\/div>\r\n\r\n    <script>\r\n            <\/script>\r\n    <style>\r\n        .related-post {}\r\n\r\n        .related-post .post-list {\r\n            text-align: left;\r\n                    }\r\n\r\n        .related-post .post-list .item {\r\n            margin: 10px;\r\n            padding: 0px;\r\n                    }\r\n\r\n        .related-post .headline {\r\n            font-size: 18px !important;\r\n            color: #999999 !important;\r\n                    }\r\n\r\n        .related-post .post-list .item .post_title {\r\n            font-size: 16px;\r\n            color: #dd3333;\r\n            margin: 10px 0px;\r\n            padding: 0px;\r\n            display: block;\r\n            text-decoration: none;\r\n                    }\r\n\r\n        .related-post .post-list .item .post_thumb {\r\n            max-height: 220px;\r\n            margin: 10px 0px;\r\n            padding: 0px;\r\n            display: block;\r\n                    }\r\n\r\n        .related-post .post-list .item .post_excerpt {\r\n            font-size: 13px;\r\n            color: #3f3f3f;\r\n            margin: 10px 0px;\r\n            padding: 0px;\r\n            display: block;\r\n            text-decoration: none;\r\n                    }\r\n\r\n        @media only screen and (min-width: 1024px) {\r\n            .related-post .post-list .item {\r\n                width: 45%;\r\n            }\r\n        }\r\n\r\n        @media only screen and (min-width: 768px) and (max-width: 1023px) {\r\n            .related-post .post-list .item {\r\n                width: 90%;\r\n            }\r\n        }\r\n\r\n        @media only screen and (min-width: 0px) and (max-width: 767px) {\r\n            .related-post .post-list .item {\r\n                width: 90%;\r\n            }\r\n        }\r\n\r\n            <\/style>\r\n        <\/div>\r\n","protected":false},"excerpt":{"rendered":"<p>Le 10 f\u00e9vrier 2026, ADESCO a pris part, aux c\u00f4t\u00e9s de Catholic Relief Services (CRS), \u00e0 un atelier de partage du plan de durabilit\u00e9 du projet Bia-Laafia, organis\u00e9 \u00e0 l\u2019H\u00f4tel Concorde de Kara au Togo. Cette rencontre strat\u00e9gique a r\u00e9uni les principales parties prenantes afin de poser les bases solides de la p\u00e9rennisation des acquis [&hellip;]<\/p>\n","protected":false},"author":4,"featured_media":1086,"comment_status":"open","ping_status":"open","sticky":false,"template":"","format":"standard","meta":{"footnotes":""},"categories":[6],"tags":[],"class_list":["post-1085","post","type-post","status-publish","format-standard","has-post-thumbnail","hentry","category-activites_realisees"],"yoast_head":"<!-- This site is optimized with the Yoast SEO plugin v19.14 - https:\/\/yoast.com\/wordpress\/plugins\/seo\/ -->\n<title>Bia-Laafia : ADESCO aux c\u00f4t\u00e9s de CRS pour assurer la durabilit\u00e9 des acquis du projet - ONG Adesco<\/title>\n<meta name=\"robots\" content=\"index, follow, max-snippet:-1, max-image-preview:large, max-video-preview:-1\" \/>\n<link rel=\"canonical\" href=\"https:\/\/ongadesco.org\/fr\/bia-laafia-adesco-aux-cotes-de-crs-pour-assurer-la-durabilite-des-acquis-du-projet\/\" \/>\n<meta property=\"og:locale\" content=\"fr_FR\" \/>\n<meta property=\"og:type\" content=\"article\" \/>\n<meta property=\"og:title\" content=\"Bia-Laafia : ADESCO aux c\u00f4t\u00e9s de CRS pour assurer la durabilit\u00e9 des acquis du projet - ONG Adesco\" \/>\n<meta property=\"og:description\" content=\"Le 10 f\u00e9vrier 2026, ADESCO a pris part, aux c\u00f4t\u00e9s de Catholic Relief Services (CRS), \u00e0 un atelier de partage du plan de durabilit\u00e9 du projet Bia-Laafia, organis\u00e9 \u00e0 l\u2019H\u00f4tel Concorde de Kara au Togo. Cette rencontre strat\u00e9gique a r\u00e9uni les principales parties prenantes afin de poser les bases solides de la p\u00e9rennisation des acquis [&hellip;]\" \/>\n<meta property=\"og:url\" content=\"https:\/\/ongadesco.org\/fr\/bia-laafia-adesco-aux-cotes-de-crs-pour-assurer-la-durabilite-des-acquis-du-projet\/\" \/>\n<meta property=\"og:site_name\" content=\"ONG Adesco\" \/>\n<meta property=\"article:publisher\" content=\"https:\/\/facebook.com\/adescosantedeveloppement\" \/>\n<meta property=\"article:published_time\" content=\"2026-02-20T19:43:21+00:00\" \/>\n<meta property=\"article:modified_time\" content=\"2026-02-20T19:43:22+00:00\" \/>\n<meta property=\"og:image\" content=\"https:\/\/ongadesco.org\/fr\/wp-content\/uploads\/2026\/02\/IMG-20260210-WA0166.jpg.jpeg\" \/>\n\t<meta property=\"og:image:width\" content=\"1280\" \/>\n\t<meta property=\"og:image:height\" content=\"960\" \/>\n\t<meta property=\"og:image:type\" content=\"image\/jpeg\" \/>\n<meta name=\"author\" content=\"afitz patrick\" \/>\n<meta name=\"twitter:card\" content=\"summary_large_image\" \/>\n<meta name=\"twitter:creator\" content=\"@ongadesco\" \/>\n<meta name=\"twitter:site\" content=\"@ongadesco\" \/>\n<meta name=\"twitter:label1\" content=\"\u00c9crit par\" \/>\n\t<meta name=\"twitter:data1\" content=\"afitz patrick\" \/>\n\t<meta name=\"twitter:label2\" content=\"Dur\u00e9e de lecture estim\u00e9e\" \/>\n\t<meta name=\"twitter:data2\" content=\"4 minutes\" \/>\n<script type=\"application\/ld+json\" class=\"yoast-schema-graph\">{\"@context\":\"https:\/\/schema.org\",\"@graph\":[{\"@type\":\"Article\",\"@id\":\"https:\/\/ongadesco.org\/fr\/bia-laafia-adesco-aux-cotes-de-crs-pour-assurer-la-durabilite-des-acquis-du-projet\/#article\",\"isPartOf\":{\"@id\":\"https:\/\/ongadesco.org\/fr\/bia-laafia-adesco-aux-cotes-de-crs-pour-assurer-la-durabilite-des-acquis-du-projet\/\"},\"author\":{\"name\":\"afitz patrick\",\"@id\":\"https:\/\/ongadesco.org\/fr\/#\/schema\/person\/17abd2bdd04f4dfea0adadcac83076ca\"},\"headline\":\"Bia-Laafia : ADESCO aux c\u00f4t\u00e9s de CRS pour assurer la durabilit\u00e9 des acquis du projet\",\"datePublished\":\"2026-02-20T19:43:21+00:00\",\"dateModified\":\"2026-02-20T19:43:22+00:00\",\"mainEntityOfPage\":{\"@id\":\"https:\/\/ongadesco.org\/fr\/bia-laafia-adesco-aux-cotes-de-crs-pour-assurer-la-durabilite-des-acquis-du-projet\/\"},\"wordCount\":611,\"commentCount\":0,\"publisher\":{\"@id\":\"https:\/\/ongadesco.org\/fr\/#organization\"},\"articleSection\":[\"activit\u00e9s r\u00e9alis\u00e9es\"],\"inLanguage\":\"fr-FR\",\"potentialAction\":[{\"@type\":\"CommentAction\",\"name\":\"Comment\",\"target\":[\"https:\/\/ongadesco.org\/fr\/bia-laafia-adesco-aux-cotes-de-crs-pour-assurer-la-durabilite-des-acquis-du-projet\/#respond\"]}]},{\"@type\":\"WebPage\",\"@id\":\"https:\/\/ongadesco.org\/fr\/bia-laafia-adesco-aux-cotes-de-crs-pour-assurer-la-durabilite-des-acquis-du-projet\/\",\"url\":\"https:\/\/ongadesco.org\/fr\/bia-laafia-adesco-aux-cotes-de-crs-pour-assurer-la-durabilite-des-acquis-du-projet\/\",\"name\":\"Bia-Laafia : ADESCO aux c\u00f4t\u00e9s de CRS pour assurer la durabilit\u00e9 des acquis du projet - ONG Adesco\",\"isPartOf\":{\"@id\":\"https:\/\/ongadesco.org\/fr\/#website\"},\"datePublished\":\"2026-02-20T19:43:21+00:00\",\"dateModified\":\"2026-02-20T19:43:22+00:00\",\"breadcrumb\":{\"@id\":\"https:\/\/ongadesco.org\/fr\/bia-laafia-adesco-aux-cotes-de-crs-pour-assurer-la-durabilite-des-acquis-du-projet\/#breadcrumb\"},\"inLanguage\":\"fr-FR\",\"potentialAction\":[{\"@type\":\"ReadAction\",\"target\":[\"https:\/\/ongadesco.org\/fr\/bia-laafia-adesco-aux-cotes-de-crs-pour-assurer-la-durabilite-des-acquis-du-projet\/\"]}]},{\"@type\":\"BreadcrumbList\",\"@id\":\"https:\/\/ongadesco.org\/fr\/bia-laafia-adesco-aux-cotes-de-crs-pour-assurer-la-durabilite-des-acquis-du-projet\/#breadcrumb\",\"itemListElement\":[{\"@type\":\"ListItem\",\"position\":1,\"name\":\"Accueil\",\"item\":\"https:\/\/ongadesco.org\/fr\/\"},{\"@type\":\"ListItem\",\"position\":2,\"name\":\"Bia-Laafia : ADESCO aux c\u00f4t\u00e9s de CRS pour assurer la durabilit\u00e9 des acquis du projet\"}]},{\"@type\":\"WebSite\",\"@id\":\"https:\/\/ongadesco.org\/fr\/#website\",\"url\":\"https:\/\/ongadesco.org\/fr\/\",\"name\":\"ONG Adesco\",\"description\":\"\",\"publisher\":{\"@id\":\"https:\/\/ongadesco.org\/fr\/#organization\"},\"potentialAction\":[{\"@type\":\"SearchAction\",\"target\":{\"@type\":\"EntryPoint\",\"urlTemplate\":\"https:\/\/ongadesco.org\/fr\/?s={search_term_string}\"},\"query-input\":\"required name=search_term_string\"}],\"inLanguage\":\"fr-FR\"},{\"@type\":\"Organization\",\"@id\":\"https:\/\/ongadesco.org\/fr\/#organization\",\"name\":\"ONG Adesco\",\"url\":\"https:\/\/ongadesco.org\/fr\/\",\"logo\":{\"@type\":\"ImageObject\",\"inLanguage\":\"fr-FR\",\"@id\":\"https:\/\/ongadesco.org\/fr\/#\/schema\/logo\/image\/\",\"url\":\"https:\/\/ongadesco.org\/fr\/wp-content\/uploads\/2022\/12\/logo2.png\",\"contentUrl\":\"https:\/\/ongadesco.org\/fr\/wp-content\/uploads\/2022\/12\/logo2.png\",\"width\":134,\"height\":45,\"caption\":\"ONG Adesco\"},\"image\":{\"@id\":\"https:\/\/ongadesco.org\/fr\/#\/schema\/logo\/image\/\"},\"sameAs\":[\"https:\/\/web.whatsapp.com\/\",\"https:\/\/whatsapp.com\/\",\"https:\/\/facebook.com\/adescosantedeveloppement\",\"https:\/\/twitter.com\/ongadesco\"]},{\"@type\":\"Person\",\"@id\":\"https:\/\/ongadesco.org\/fr\/#\/schema\/person\/17abd2bdd04f4dfea0adadcac83076ca\",\"name\":\"afitz patrick\",\"image\":{\"@type\":\"ImageObject\",\"inLanguage\":\"fr-FR\",\"@id\":\"https:\/\/ongadesco.org\/fr\/#\/schema\/person\/image\/\",\"url\":\"https:\/\/secure.gravatar.com\/avatar\/9bd5e1cde16d6be84ea838abda8b465c992300074f3427e61dbfd295cefded1b?s=96&d=mm&r=g\",\"contentUrl\":\"https:\/\/secure.gravatar.com\/avatar\/9bd5e1cde16d6be84ea838abda8b465c992300074f3427e61dbfd295cefded1b?s=96&d=mm&r=g\",\"caption\":\"afitz patrick\"},\"url\":\"https:\/\/ongadesco.org\/fr\/author\/patrickafitz\/\"}]}<\/script>\n<!-- \/ Yoast SEO plugin. -->","yoast_head_json":{"title":"Bia-Laafia : ADESCO aux c\u00f4t\u00e9s de CRS pour assurer la durabilit\u00e9 des acquis du projet - ONG Adesco","robots":{"index":"index","follow":"follow","max-snippet":"max-snippet:-1","max-image-preview":"max-image-preview:large","max-video-preview":"max-video-preview:-1"},"canonical":"https:\/\/ongadesco.org\/fr\/bia-laafia-adesco-aux-cotes-de-crs-pour-assurer-la-durabilite-des-acquis-du-projet\/","og_locale":"fr_FR","og_type":"article","og_title":"Bia-Laafia : ADESCO aux c\u00f4t\u00e9s de CRS pour assurer la durabilit\u00e9 des acquis du projet - ONG Adesco","og_description":"Le 10 f\u00e9vrier 2026, ADESCO a pris part, aux c\u00f4t\u00e9s de Catholic Relief Services (CRS), \u00e0 un atelier de partage du plan de durabilit\u00e9 du projet Bia-Laafia, organis\u00e9 \u00e0 l\u2019H\u00f4tel Concorde de Kara au Togo. Cette rencontre strat\u00e9gique a r\u00e9uni les principales parties prenantes afin de poser les bases solides de la p\u00e9rennisation des acquis [&hellip;]","og_url":"https:\/\/ongadesco.org\/fr\/bia-laafia-adesco-aux-cotes-de-crs-pour-assurer-la-durabilite-des-acquis-du-projet\/","og_site_name":"ONG Adesco","article_publisher":"https:\/\/facebook.com\/adescosantedeveloppement","article_published_time":"2026-02-20T19:43:21+00:00","article_modified_time":"2026-02-20T19:43:22+00:00","og_image":[{"width":1280,"height":960,"url":"https:\/\/ongadesco.org\/fr\/wp-content\/uploads\/2026\/02\/IMG-20260210-WA0166.jpg.jpeg","type":"image\/jpeg"}],"author":"afitz patrick","twitter_card":"summary_large_image","twitter_creator":"@ongadesco","twitter_site":"@ongadesco","twitter_misc":{"\u00c9crit par":"afitz patrick","Dur\u00e9e de lecture estim\u00e9e":"4 minutes"},"schema":{"@context":"https:\/\/schema.org","@graph":[{"@type":"Article","@id":"https:\/\/ongadesco.org\/fr\/bia-laafia-adesco-aux-cotes-de-crs-pour-assurer-la-durabilite-des-acquis-du-projet\/#article","isPartOf":{"@id":"https:\/\/ongadesco.org\/fr\/bia-laafia-adesco-aux-cotes-de-crs-pour-assurer-la-durabilite-des-acquis-du-projet\/"},"author":{"name":"afitz patrick","@id":"https:\/\/ongadesco.org\/fr\/#\/schema\/person\/17abd2bdd04f4dfea0adadcac83076ca"},"headline":"Bia-Laafia : ADESCO aux c\u00f4t\u00e9s de CRS pour assurer la durabilit\u00e9 des acquis du projet","datePublished":"2026-02-20T19:43:21+00:00","dateModified":"2026-02-20T19:43:22+00:00","mainEntityOfPage":{"@id":"https:\/\/ongadesco.org\/fr\/bia-laafia-adesco-aux-cotes-de-crs-pour-assurer-la-durabilite-des-acquis-du-projet\/"},"wordCount":611,"commentCount":0,"publisher":{"@id":"https:\/\/ongadesco.org\/fr\/#organization"},"articleSection":["activit\u00e9s r\u00e9alis\u00e9es"],"inLanguage":"fr-FR","potentialAction":[{"@type":"CommentAction","name":"Comment","target":["https:\/\/ongadesco.org\/fr\/bia-laafia-adesco-aux-cotes-de-crs-pour-assurer-la-durabilite-des-acquis-du-projet\/#respond"]}]},{"@type":"WebPage","@id":"https:\/\/ongadesco.org\/fr\/bia-laafia-adesco-aux-cotes-de-crs-pour-assurer-la-durabilite-des-acquis-du-projet\/","url":"https:\/\/ongadesco.org\/fr\/bia-laafia-adesco-aux-cotes-de-crs-pour-assurer-la-durabilite-des-acquis-du-projet\/","name":"Bia-Laafia : ADESCO aux c\u00f4t\u00e9s de CRS pour assurer la durabilit\u00e9 des acquis du projet - ONG Adesco","isPartOf":{"@id":"https:\/\/ongadesco.org\/fr\/#website"},"datePublished":"2026-02-20T19:43:21+00:00","dateModified":"2026-02-20T19:43:22+00:00","breadcrumb":{"@id":"https:\/\/ongadesco.org\/fr\/bia-laafia-adesco-aux-cotes-de-crs-pour-assurer-la-durabilite-des-acquis-du-projet\/#breadcrumb"},"inLanguage":"fr-FR","potentialAction":[{"@type":"ReadAction","target":["https:\/\/ongadesco.org\/fr\/bia-laafia-adesco-aux-cotes-de-crs-pour-assurer-la-durabilite-des-acquis-du-projet\/"]}]},{"@type":"BreadcrumbList","@id":"https:\/\/ongadesco.org\/fr\/bia-laafia-adesco-aux-cotes-de-crs-pour-assurer-la-durabilite-des-acquis-du-projet\/#breadcrumb","itemListElement":[{"@type":"ListItem","position":1,"name":"Accueil","item":"https:\/\/ongadesco.org\/fr\/"},{"@type":"ListItem","position":2,"name":"Bia-Laafia : ADESCO aux c\u00f4t\u00e9s de CRS pour assurer la durabilit\u00e9 des acquis du projet"}]},{"@type":"WebSite","@id":"https:\/\/ongadesco.org\/fr\/#website","url":"https:\/\/ongadesco.org\/fr\/","name":"ONG Adesco","description":"","publisher":{"@id":"https:\/\/ongadesco.org\/fr\/#organization"},"potentialAction":[{"@type":"SearchAction","target":{"@type":"EntryPoint","urlTemplate":"https:\/\/ongadesco.org\/fr\/?s={search_term_string}"},"query-input":"required name=search_term_string"}],"inLanguage":"fr-FR"},{"@type":"Organization","@id":"https:\/\/ongadesco.org\/fr\/#organization","name":"ONG Adesco","url":"https:\/\/ongadesco.org\/fr\/","logo":{"@type":"ImageObject","inLanguage":"fr-FR","@id":"https:\/\/ongadesco.org\/fr\/#\/schema\/logo\/image\/","url":"https:\/\/ongadesco.org\/fr\/wp-content\/uploads\/2022\/12\/logo2.png","contentUrl":"https:\/\/ongadesco.org\/fr\/wp-content\/uploads\/2022\/12\/logo2.png","width":134,"height":45,"caption":"ONG Adesco"},"image":{"@id":"https:\/\/ongadesco.org\/fr\/#\/schema\/logo\/image\/"},"sameAs":["https:\/\/web.whatsapp.com\/","https:\/\/whatsapp.com\/","https:\/\/facebook.com\/adescosantedeveloppement","https:\/\/twitter.com\/ongadesco"]},{"@type":"Person","@id":"https:\/\/ongadesco.org\/fr\/#\/schema\/person\/17abd2bdd04f4dfea0adadcac83076ca","name":"afitz patrick","image":{"@type":"ImageObject","inLanguage":"fr-FR","@id":"https:\/\/ongadesco.org\/fr\/#\/schema\/person\/image\/","url":"https:\/\/secure.gravatar.com\/avatar\/9bd5e1cde16d6be84ea838abda8b465c992300074f3427e61dbfd295cefded1b?s=96&d=mm&r=g","contentUrl":"https:\/\/secure.gravatar.com\/avatar\/9bd5e1cde16d6be84ea838abda8b465c992300074f3427e61dbfd295cefded1b?s=96&d=mm&r=g","caption":"afitz patrick"},"url":"https:\/\/ongadesco.org\/fr\/author\/patrickafitz\/"}]}},"_links":{"self":[{"href":"https:\/\/ongadesco.org\/fr\/wp-json\/wp\/v2\/posts\/1085","targetHints":{"allow":["GET"]}}],"collection":[{"href":"https:\/\/ongadesco.org\/fr\/wp-json\/wp\/v2\/posts"}],"about":[{"href":"https:\/\/ongadesco.org\/fr\/wp-json\/wp\/v2\/types\/post"}],"author":[{"embeddable":true,"href":"https:\/\/ongadesco.org\/fr\/wp-json\/wp\/v2\/users\/4"}],"replies":[{"embeddable":true,"href":"https:\/\/ongadesco.org\/fr\/wp-json\/wp\/v2\/comments?post=1085"}],"version-history":[{"count":1,"href":"https:\/\/ongadesco.org\/fr\/wp-json\/wp\/v2\/posts\/1085\/revisions"}],"predecessor-version":[{"id":1089,"href":"https:\/\/ongadesco.org\/fr\/wp-json\/wp\/v2\/posts\/1085\/revisions\/1089"}],"wp:featuredmedia":[{"embeddable":true,"href":"https:\/\/ongadesco.org\/fr\/wp-json\/wp\/v2\/media\/1086"}],"wp:attachment":[{"href":"https:\/\/ongadesco.org\/fr\/wp-json\/wp\/v2\/media?parent=1085"}],"wp:term":[{"taxonomy":"category","embeddable":true,"href":"https:\/\/ongadesco.org\/fr\/wp-json\/wp\/v2\/categories?post=1085"},{"taxonomy":"post_tag","embeddable":true,"href":"https:\/\/ongadesco.org\/fr\/wp-json\/wp\/v2\/tags?post=1085"}],"curies":[{"name":"wp","href":"https:\/\/api.w.org\/{rel}","templated":true}]}}