{"id":1096,"date":"2026-04-10T17:27:28","date_gmt":"2026-04-10T15:27:28","guid":{"rendered":"https:\/\/ongadesco.org\/fr\/?p=1096"},"modified":"2026-04-10T17:27:29","modified_gmt":"2026-04-10T15:27:29","slug":"visite-de-la-delegation-de-plan-allemagne-un-engagement-renforce-aux-cotes-de-adesco-et-des-communautes-de-la-region-centrale","status":"publish","type":"post","link":"https:\/\/ongadesco.org\/fr\/visite-de-la-delegation-de-plan-allemagne-un-engagement-renforce-aux-cotes-de-adesco-et-des-communautes-de-la-region-centrale\/","title":{"rendered":"Visite de la d\u00e9l\u00e9gation de Plan Allemagne : un engagement renforc\u00e9 aux c\u00f4t\u00e9s de ADESCO et des communaut\u00e9s de la r\u00e9gion centrale"},"content":{"rendered":"\n<p>Le jeudi 9 avril 2026, ADESCO a eu l\u2019honneur d\u2019accueillir une importante d\u00e9l\u00e9gation de Plan Allemagne, dans le cadre d\u2019une visite de terrain visant \u00e0 appr\u00e9cier les actions mises en \u0153uvre au profit des communaut\u00e9s.<\/p>\n\n\n\n<p>La d\u00e9l\u00e9gation, compos\u00e9e notamment de la Directrice de Plan Allemagne, de la repr\u00e9sentante du Repr\u00e9sentant R\u00e9sident de Plan International Togo et de la Directrice de Plan Central, a entam\u00e9 sa visite par le bureau de ADESCO. A cette occasion, des \u00e9changes enrichissants ont eu lieu avec l\u2019\u00e9quipe dirigeante autour du fonctionnement de la clinique mobile, un dispositif essentiel pour l\u2019acc\u00e8s aux soins des populations vuln\u00e9rables. La d\u00e9l\u00e9gation a \u00e9galement visit\u00e9 la maternit\u00e9 du CMS Bon Secours, o\u00f9 elle a pu constater de visu les efforts fournis en mati\u00e8re de sant\u00e9 maternelle et infantile.<\/p>\n\n\n<div class=\"wp-block-image\">\n<figure class=\"aligncenter size-large\"><img loading=\"lazy\" decoding=\"async\" width=\"1024\" height=\"585\" src=\"https:\/\/ongadesco.org\/fr\/wp-content\/uploads\/2026\/04\/IMG_1815d-1024x585.jpg\" alt=\"\" class=\"wp-image-1097\" srcset=\"https:\/\/ongadesco.org\/fr\/wp-content\/uploads\/2026\/04\/IMG_1815d-1024x585.jpg 1024w, https:\/\/ongadesco.org\/fr\/wp-content\/uploads\/2026\/04\/IMG_1815d-300x171.jpg 300w, https:\/\/ongadesco.org\/fr\/wp-content\/uploads\/2026\/04\/IMG_1815d-768x439.jpg 768w, https:\/\/ongadesco.org\/fr\/wp-content\/uploads\/2026\/04\/IMG_1815d-1536x877.jpg 1536w, https:\/\/ongadesco.org\/fr\/wp-content\/uploads\/2026\/04\/IMG_1815d-2048x1170.jpg 2048w\" sizes=\"auto, (max-width: 1024px) 100vw, 1024px\" \/><figcaption class=\"wp-element-caption\"><strong><em>Echanges entre la d\u00e9l\u00e9gation et la direction de ADESCO autour du fonctionnement de la clinique mobile.<\/em><\/strong><\/figcaption><\/figure>\n<\/div>\n\n\n<p>Apr\u00e8s cette premi\u00e8re \u00e9tape, la d\u00e9l\u00e9gation s\u2019est rendue sur le site de construction du b\u00e2timent du Jardin d\u2019Enfants Public (JEP) d\u2019Adjengr\u00e9. Cette visite a permis de faire le point sur l\u2019\u00e9volution des travaux et de mesurer l\u2019impact concret du projet sur l\u2019am\u00e9lioration des infrastructures \u00e9ducatives dans la commune de Sotouboua 2.<\/p>\n\n\n<div class=\"wp-block-image\">\n<figure class=\"aligncenter size-full\"><img loading=\"lazy\" decoding=\"async\" width=\"1020\" height=\"666\" src=\"https:\/\/ongadesco.org\/fr\/wp-content\/uploads\/2026\/04\/WhatsApp-Image-2026-04-10-at-09.57.43dl.jpeg\" alt=\"\" class=\"wp-image-1098\" srcset=\"https:\/\/ongadesco.org\/fr\/wp-content\/uploads\/2026\/04\/WhatsApp-Image-2026-04-10-at-09.57.43dl.jpeg 1020w, https:\/\/ongadesco.org\/fr\/wp-content\/uploads\/2026\/04\/WhatsApp-Image-2026-04-10-at-09.57.43dl-300x196.jpeg 300w, https:\/\/ongadesco.org\/fr\/wp-content\/uploads\/2026\/04\/WhatsApp-Image-2026-04-10-at-09.57.43dl-768x501.jpeg 768w\" sizes=\"auto, (max-width: 1020px) 100vw, 1020px\" \/><figcaption class=\"wp-element-caption\"><strong><em>Visite du site de construction du b\u00e2timent du Jardin d\u2019Enfants Public (JEP) d\u2019Adjengr\u00e9.<\/em><\/strong><\/figcaption><\/figure>\n<\/div>\n\n\n<p>A leur arriv\u00e9e \u00e0 Adjengr\u00e9, les membres de la d\u00e9l\u00e9gation ont \u00e9t\u00e9 chaleureusement accueillis par les autorit\u00e9s locales et les populations. Le Maire adjoint, repr\u00e9sentant le maire de la commune de Sotouboua 2, a souhait\u00e9 la bienvenue aux visiteurs, saluant leur engagement en faveur du d\u00e9veloppement local. Le repr\u00e9sentant de l\u2019Inspecteur de l\u2019IEPP Sotouboua Nord a, pour sa part, exprim\u00e9 sa profonde gratitude \u00e0 Plan Allemagne et \u00e0 ses partenaires de mise en \u0153uvre pour la r\u00e9alisation de ce b\u00e2timent, ainsi que pour les nombreuses actions men\u00e9es dans le domaine de l\u2019\u00e9ducation. Il a \u00e9galement rassur\u00e9 quant \u00e0 l\u2019utilisation judicieuse de ces infrastructures au b\u00e9n\u00e9fice des enfants.<\/p>\n\n\n<div class=\"wp-block-image\">\n<figure class=\"aligncenter size-large\"><img loading=\"lazy\" decoding=\"async\" width=\"1024\" height=\"449\" src=\"https:\/\/ongadesco.org\/fr\/wp-content\/uploads\/2026\/04\/WhatsApp-Image-2026-04-10-at-09.57.42-1h-1024x449.jpeg\" alt=\"\" class=\"wp-image-1099\" srcset=\"https:\/\/ongadesco.org\/fr\/wp-content\/uploads\/2026\/04\/WhatsApp-Image-2026-04-10-at-09.57.42-1h-1024x449.jpeg 1024w, https:\/\/ongadesco.org\/fr\/wp-content\/uploads\/2026\/04\/WhatsApp-Image-2026-04-10-at-09.57.42-1h-300x131.jpeg 300w, https:\/\/ongadesco.org\/fr\/wp-content\/uploads\/2026\/04\/WhatsApp-Image-2026-04-10-at-09.57.42-1h-768x337.jpeg 768w, https:\/\/ongadesco.org\/fr\/wp-content\/uploads\/2026\/04\/WhatsApp-Image-2026-04-10-at-09.57.42-1h.jpeg 1280w\" sizes=\"auto, (max-width: 1024px) 100vw, 1024px\" \/><figcaption class=\"wp-element-caption\"><em><strong>Mot de bienvevue du maire adjoint, repr\u00e9sentant le maire de la commune de Sotouboua 2<\/strong><\/em><\/figcaption><\/figure>\n<\/div>\n\n\n<p>Les t\u00e9moignages des acteurs communautaires ont ensuite mis en lumi\u00e8re l\u2019impact positif du projet sur la vie des populations. Tous ont unanimement exprim\u00e9 leur reconnaissance envers le bailleur et ses partenaires, soulignant non seulement la qualit\u00e9 de l\u2019ouvrage r\u00e9alis\u00e9, mais aussi les renforcements de capacit\u00e9s dont ils ont b\u00e9n\u00e9fici\u00e9. Ces initiatives contribuent significativement au d\u00e9veloppement harmonieux et int\u00e9gral des jeunes enfants de la commune.<\/p>\n\n\n<div class=\"wp-block-image\">\n<figure class=\"aligncenter size-full\"><img loading=\"lazy\" decoding=\"async\" width=\"1020\" height=\"768\" src=\"https:\/\/ongadesco.org\/fr\/wp-content\/uploads\/2026\/04\/WhatsApp-Image-2026-04-10-at-09.57.42.jpeg\" alt=\"\" class=\"wp-image-1100\" srcset=\"https:\/\/ongadesco.org\/fr\/wp-content\/uploads\/2026\/04\/WhatsApp-Image-2026-04-10-at-09.57.42.jpeg 1020w, https:\/\/ongadesco.org\/fr\/wp-content\/uploads\/2026\/04\/WhatsApp-Image-2026-04-10-at-09.57.42-300x226.jpeg 300w, https:\/\/ongadesco.org\/fr\/wp-content\/uploads\/2026\/04\/WhatsApp-Image-2026-04-10-at-09.57.42-768x578.jpeg 768w\" sizes=\"auto, (max-width: 1020px) 100vw, 1020px\" \/><figcaption class=\"wp-element-caption\"><strong><em>Mot de remerciement de la Directrice de Plan Allemagne \u00e0 la population d\u2019Adjengr\u00e9<\/em><\/strong><\/figcaption><\/figure>\n<\/div>\n\n\n<p>Prenant la parole \u00e0 son tour, la Directrice de Plan Allemagne a remerci\u00e9 la population d\u2019Adjengr\u00e9 pour l\u2019accueil chaleureux qui leur a \u00e9t\u00e9 r\u00e9serv\u00e9. Elle a encourag\u00e9 l\u2019ensemble des acteurs \u00e0 poursuivre leurs efforts pour la r\u00e9ussite du projet RASEPET et a r\u00e9affirm\u00e9 l\u2019engagement de Plan Allemagne \u00e0 continuer d\u2019\u0153uvrer pour le bien-\u00eatre des populations togolaises.<\/p>\n\n\n<div class=\"wp-block-image\">\n<figure class=\"aligncenter size-full\"><img loading=\"lazy\" decoding=\"async\" width=\"1020\" height=\"768\" src=\"https:\/\/ongadesco.org\/fr\/wp-content\/uploads\/2026\/04\/WhatsApp-Image-2026-04-10-at-09.57.44.jpeg\" alt=\"\" class=\"wp-image-1101\" srcset=\"https:\/\/ongadesco.org\/fr\/wp-content\/uploads\/2026\/04\/WhatsApp-Image-2026-04-10-at-09.57.44.jpeg 1020w, https:\/\/ongadesco.org\/fr\/wp-content\/uploads\/2026\/04\/WhatsApp-Image-2026-04-10-at-09.57.44-300x226.jpeg 300w, https:\/\/ongadesco.org\/fr\/wp-content\/uploads\/2026\/04\/WhatsApp-Image-2026-04-10-at-09.57.44-768x578.jpeg 768w\" sizes=\"auto, (max-width: 1020px) 100vw, 1020px\" \/><figcaption class=\"wp-element-caption\"><strong><em>La population d\u2019Adjengr\u00e9 met en valeur sa culture \u00e0 travers la danse Taka\u00ef.<\/em><\/strong><\/figcaption><\/figure>\n<\/div>\n\n\n<p>La visite s\u2019est achev\u00e9e dans une ambiance conviviale et festive, marqu\u00e9e par des pas de danse, symboles de joie, de reconnaissance et d\u2019espoir partag\u00e9 pour un avenir meilleur.<\/p>\n\n\n\n<p><\/p>\n    <div class=\"related-post grid\">\r\n                <div class=\"headline\">Publications similaires<\/div>\r\n        <div class=\"post-list \">\r\n\r\n                        <div class=\"item\">\r\n                    \r\n    <a class=\"title post_title\"  title=\"CELEBRATION DE LA JOURNEE MONDIALE DU SIDA : Distribution des pr\u00e9servatifs \u00e0 Sokod\u00e9 par l\u2019ONG ADESCO\" href=\"https:\/\/ongadesco.org\/fr\/celebration-de-la-journee-mondiale-du-sida-distribution-des-preservatifs-a-sokode-par-long-adesco\/?related_post_from=162\">\r\n                CELEBRATION DE LA JOURNEE MONDIALE DU SIDA : Distribution des pr\u00e9servatifs \u00e0 Sokod\u00e9 par l\u2019ONG ADESCO    <\/a>\r\n\r\n    <div class=\"thumb post_thumb\">\r\n        <a  title=\"CELEBRATION DE LA JOURNEE MONDIALE DU SIDA : Distribution des pr\u00e9servatifs \u00e0 Sokod\u00e9 par l\u2019ONG ADESCO\" href=\"https:\/\/ongadesco.org\/fr\/celebration-de-la-journee-mondiale-du-sida-distribution-des-preservatifs-a-sokode-par-long-adesco\/?related_post_from=162\">\r\n\r\n            <img loading=\"lazy\" decoding=\"async\" width=\"150\" height=\"150\" src=\"https:\/\/ongadesco.org\/fr\/wp-content\/uploads\/2022\/12\/WhatsApp-Image-2022-07-23-at-09.10.29-1-150x150-1.jpeg\" class=\"attachment-full size-full wp-post-image\" alt=\"\" \/>\r\n\r\n        <\/a>\r\n    <\/div>\r\n    <p class=\"excerpt post_excerpt\">\r\n        A l\u2019occasion de la c\u00e9l\u00e9bration de la journ\u00e9e mondiale du SIDA le 1er&nbsp;d\u00e9cembre 2021, l\u2019ONG&nbsp;ADESCO&nbsp;en collaboration avec la plateforme nationale <a  class=\"read-more\" href=\"https:\/\/ongadesco.org\/fr\/celebration-de-la-journee-mondiale-du-sida-distribution-des-preservatifs-a-sokode-par-long-adesco\/?related_post_from=162\"> Lire la suite<\/a>    <\/p>\r\n                <\/div>\r\n                            <div class=\"item\">\r\n                    \r\n    <a class=\"title post_title\"  title=\"SANTE-TRANSFORMATION-APPRENTISSAGE : Suivi des activit\u00e9s du projet STARS \u00e0 Dankpen par le staff de l\u2019ONG ADESCO\" href=\"https:\/\/ongadesco.org\/fr\/sante-transformation-apprentissage-suivi-des-activites-du-projet-stars-a-dankpen-par-le-staff-de-long-adesco\/?related_post_from=165\">\r\n                SANTE-TRANSFORMATION-APPRENTISSAGE : Suivi des activit\u00e9s du projet STARS \u00e0 Dankpen par le staff de l\u2019ONG ADESCO    <\/a>\r\n\r\n    <div class=\"thumb post_thumb\">\r\n        <a  title=\"SANTE-TRANSFORMATION-APPRENTISSAGE : Suivi des activit\u00e9s du projet STARS \u00e0 Dankpen par le staff de l\u2019ONG ADESCO\" href=\"https:\/\/ongadesco.org\/fr\/sante-transformation-apprentissage-suivi-des-activites-du-projet-stars-a-dankpen-par-le-staff-de-long-adesco\/?related_post_from=165\">\r\n\r\n            <img loading=\"lazy\" decoding=\"async\" width=\"150\" height=\"145\" src=\"https:\/\/ongadesco.org\/fr\/wp-content\/uploads\/2022\/12\/WhatsApp-Image-2021-12-22-at-16.25.11-240x145-1-150x145-1.jpeg\" class=\"attachment-full size-full wp-post-image\" alt=\"\" \/>\r\n\r\n        <\/a>\r\n    <\/div>\r\n    <p class=\"excerpt post_excerpt\">\r\n        Les activit\u00e9s pr\u00e9vues sur le volet \u00e9cole int\u00e9gr\u00e9 du projet Sant\u00e9, Transformation, Apprentissage pour une R\u00e9ussite Scolaire (STARS) incluent entre <a  class=\"read-more\" href=\"https:\/\/ongadesco.org\/fr\/sante-transformation-apprentissage-suivi-des-activites-du-projet-stars-a-dankpen-par-le-staff-de-long-adesco\/?related_post_from=165\"> Lire la suite<\/a>    <\/p>\r\n                <\/div>\r\n                            <div class=\"item\">\r\n                    \r\n    <a class=\"title post_title\"  title=\"SANTE ET NUTRITION : Histoires de succ\u00e8s : CRS et ses partenaires accompagnent les \u00e9coles \u00e0 cantines scolaires STARS dans la r\u00e9alisation des Champs communautaires\" href=\"https:\/\/ongadesco.org\/fr\/sante-et-nutrition-histoires-de-succes-crs-et-ses-partenaires-accompagnent-les-ecoles-a-cantines-scolaires-stars-dans-la-realisation-des-champs-communautaires\/?related_post_from=168\">\r\n                SANTE ET NUTRITION : Histoires de succ\u00e8s : CRS et ses partenaires accompagnent les \u00e9coles \u00e0 cantines scolaires STARS dans la r\u00e9alisation des Champs communautaires    <\/a>\r\n\r\n    <div class=\"thumb post_thumb\">\r\n        <a  title=\"SANTE ET NUTRITION : Histoires de succ\u00e8s : CRS et ses partenaires accompagnent les \u00e9coles \u00e0 cantines scolaires STARS dans la r\u00e9alisation des Champs communautaires\" href=\"https:\/\/ongadesco.org\/fr\/sante-et-nutrition-histoires-de-succes-crs-et-ses-partenaires-accompagnent-les-ecoles-a-cantines-scolaires-stars-dans-la-realisation-des-champs-communautaires\/?related_post_from=168\">\r\n\r\n            <img loading=\"lazy\" decoding=\"async\" width=\"150\" height=\"150\" src=\"https:\/\/ongadesco.org\/fr\/wp-content\/uploads\/2022\/12\/QD-150x150-1.jpg\" class=\"attachment-full size-full wp-post-image\" alt=\"\" \/>\r\n\r\n        <\/a>\r\n    <\/div>\r\n    <p class=\"excerpt post_excerpt\">\r\n        Catholic Relief Services (CRS) a re\u00e7u un financement de la part du d\u00e9partement des USA en charge de l\u2019agriculture (USDA) <a  class=\"read-more\" href=\"https:\/\/ongadesco.org\/fr\/sante-et-nutrition-histoires-de-succes-crs-et-ses-partenaires-accompagnent-les-ecoles-a-cantines-scolaires-stars-dans-la-realisation-des-champs-communautaires\/?related_post_from=168\"> Lire la suite<\/a>    <\/p>\r\n                <\/div>\r\n                            <div class=\"item\">\r\n                    \r\n    <a class=\"title post_title\"  title=\"Apport du CMS Bon-Secours de l\u2019ONG ADESCO dans la pr\u00e9vention et le traitement des maladies non transmissibles\" href=\"https:\/\/ongadesco.org\/fr\/apport-du-cms-bon-secours-de-long-adesco-dans-la-prevention-et-le-traitement-des-maladies-non-transmissibles\/?related_post_from=171\">\r\n                Apport du CMS Bon-Secours de l\u2019ONG ADESCO dans la pr\u00e9vention et le traitement des maladies non transmissibles    <\/a>\r\n\r\n    <div class=\"thumb post_thumb\">\r\n        <a  title=\"Apport du CMS Bon-Secours de l\u2019ONG ADESCO dans la pr\u00e9vention et le traitement des maladies non transmissibles\" href=\"https:\/\/ongadesco.org\/fr\/apport-du-cms-bon-secours-de-long-adesco-dans-la-prevention-et-le-traitement-des-maladies-non-transmissibles\/?related_post_from=171\">\r\n\r\n            <img loading=\"lazy\" decoding=\"async\" width=\"150\" height=\"150\" src=\"https:\/\/ongadesco.org\/fr\/wp-content\/uploads\/2022\/12\/IMG_20220112_082427_5-150x150-1.jpg\" class=\"attachment-full size-full wp-post-image\" alt=\"\" \/>\r\n\r\n        <\/a>\r\n    <\/div>\r\n    <p class=\"excerpt post_excerpt\">\r\n        Une campagne de sensibilisation, d\u00e9pistage et de traitement gratuit de l'hypertension art\u00e9rielle et du diab\u00e8te est organis\u00e9e les 10, 11 <a  class=\"read-more\" href=\"https:\/\/ongadesco.org\/fr\/apport-du-cms-bon-secours-de-long-adesco-dans-la-prevention-et-le-traitement-des-maladies-non-transmissibles\/?related_post_from=171\"> Lire la suite<\/a>    <\/p>\r\n                <\/div>\r\n                            <div class=\"item\">\r\n                    \r\n    <a class=\"title post_title\"  title=\"VIVRE DANS UN ENVIRONNEMENT SAINT : Trois cantons de la pr\u00e9fecture de M\u00f4 s\u2019engagent\" href=\"https:\/\/ongadesco.org\/fr\/vivre-dans-un-environnement-saint-trois-cantons-de-la-prefecture-de-mo-sengagent\/?related_post_from=174\">\r\n                VIVRE DANS UN ENVIRONNEMENT SAINT : Trois cantons de la pr\u00e9fecture de M\u00f4 s\u2019engagent    <\/a>\r\n\r\n    <div class=\"thumb post_thumb\">\r\n        <a  title=\"VIVRE DANS UN ENVIRONNEMENT SAINT : Trois cantons de la pr\u00e9fecture de M\u00f4 s\u2019engagent\" href=\"https:\/\/ongadesco.org\/fr\/vivre-dans-un-environnement-saint-trois-cantons-de-la-prefecture-de-mo-sengagent\/?related_post_from=174\">\r\n\r\n            <img loading=\"lazy\" decoding=\"async\" width=\"150\" height=\"145\" src=\"https:\/\/ongadesco.org\/fr\/wp-content\/uploads\/2022\/12\/D-240x145-1-150x145-1.jpeg\" class=\"attachment-full size-full wp-post-image\" alt=\"\" \/>\r\n\r\n        <\/a>\r\n    <\/div>\r\n    <p class=\"excerpt post_excerpt\">\r\n        Amener les communaut\u00e9s \u00e0 r\u00e9aliser les latrines familiales pour mettre fin \u00e0 la d\u00e9f\u00e9cation \u00e0 l\u2019air libre, tel est l\u2019objectif <a  class=\"read-more\" href=\"https:\/\/ongadesco.org\/fr\/vivre-dans-un-environnement-saint-trois-cantons-de-la-prefecture-de-mo-sengagent\/?related_post_from=174\"> Lire la suite<\/a>    <\/p>\r\n                <\/div>\r\n                            <div class=\"item\">\r\n                    \r\n    <a class=\"title post_title\"  title=\"Rapprochement des services SSR aux jeunes et adolescents \u00e0 travers la clinique mobile\" href=\"https:\/\/ongadesco.org\/fr\/rapprochement-des-services-ssr-aux-jeunes-et-adolescents-a-travers-la-clinique-mobile\/?related_post_from=177\">\r\n                Rapprochement des services SSR aux jeunes et adolescents \u00e0 travers la clinique mobile    <\/a>\r\n\r\n    <div class=\"thumb post_thumb\">\r\n        <a  title=\"Rapprochement des services SSR aux jeunes et adolescents \u00e0 travers la clinique mobile\" href=\"https:\/\/ongadesco.org\/fr\/rapprochement-des-services-ssr-aux-jeunes-et-adolescents-a-travers-la-clinique-mobile\/?related_post_from=177\">\r\n\r\n            <img loading=\"lazy\" decoding=\"async\" width=\"150\" height=\"145\" src=\"https:\/\/ongadesco.org\/fr\/wp-content\/uploads\/2022\/12\/1-240x145-1-150x145-1.jpeg\" class=\"attachment-full size-full wp-post-image\" alt=\"\" \/>\r\n\r\n        <\/a>\r\n    <\/div>\r\n    <p class=\"excerpt post_excerpt\">\r\n        Gratuitement offerts aux jeunes et adolescents \u00e0 travers la clinique mobile de l\u2019ONG ADESCO, ces services sont entre autres la <a  class=\"read-more\" href=\"https:\/\/ongadesco.org\/fr\/rapprochement-des-services-ssr-aux-jeunes-et-adolescents-a-travers-la-clinique-mobile\/?related_post_from=177\"> Lire la suite<\/a>    <\/p>\r\n                <\/div>\r\n                            <div class=\"item\">\r\n                    \r\n    <a class=\"title post_title\"  title=\"Genre Transformateur et l\u2019Inclusion : 160 membres des r\u00e9seaux villageois de groupes d\u2019\u00e9pargne renforc\u00e9s dans la pr\u00e9fecture de Sotouboua\" href=\"https:\/\/ongadesco.org\/fr\/genre-transformateur-et-linclusion-160-membres-des-reseaux-villageois-de-groupes-depargne-renforces-dans-la-prefecture-de-sotouboua\/?related_post_from=180\">\r\n                Genre Transformateur et l\u2019Inclusion : 160 membres des r\u00e9seaux villageois de groupes d\u2019\u00e9pargne renforc\u00e9s dans la pr\u00e9fecture de Sotouboua    <\/a>\r\n\r\n    <div class=\"thumb post_thumb\">\r\n        <a  title=\"Genre Transformateur et l\u2019Inclusion : 160 membres des r\u00e9seaux villageois de groupes d\u2019\u00e9pargne renforc\u00e9s dans la pr\u00e9fecture de Sotouboua\" href=\"https:\/\/ongadesco.org\/fr\/genre-transformateur-et-linclusion-160-membres-des-reseaux-villageois-de-groupes-depargne-renforces-dans-la-prefecture-de-sotouboua\/?related_post_from=180\">\r\n\r\n            <img loading=\"lazy\" decoding=\"async\" width=\"150\" height=\"145\" src=\"https:\/\/ongadesco.org\/fr\/wp-content\/uploads\/2022\/12\/WhatsApp-Image-2022-02-23-at-15.42.55-1-240x145-1-150x145-1.jpeg\" class=\"attachment-full size-full wp-post-image\" alt=\"\" \/>\r\n\r\n        <\/a>\r\n    <\/div>\r\n    <p class=\"excerpt post_excerpt\">\r\n        A travers des questions-r\u00e9ponses, travaux de groupes, simulations\u2026, 160 membres de 80 r\u00e9seaux villageois de groupes d\u2019\u00e9pargne ont \u00e9t\u00e9 renforc\u00e9s <a  class=\"read-more\" href=\"https:\/\/ongadesco.org\/fr\/genre-transformateur-et-linclusion-160-membres-des-reseaux-villageois-de-groupes-depargne-renforces-dans-la-prefecture-de-sotouboua\/?related_post_from=180\"> Lire la suite<\/a>    <\/p>\r\n                <\/div>\r\n                            <div class=\"item\">\r\n                    \r\n    <a class=\"title post_title\"  title=\"POUR UNE MEILLEURE GESTION DE L\u2019HYGIENE MENSTRUELLE CHEZ LA FEMME ET LA JEUNE FILLE, 120 Encadreurs de clubs sont renforc\u00e9s\" href=\"https:\/\/ongadesco.org\/fr\/pour-une-meilleure-gestion-de-lhygiene-menstruelle-chez-la-femme-et-la-jeune-fille-120-encadreurs-de-clubs-sont-renforces\/?related_post_from=183\">\r\n                POUR UNE MEILLEURE GESTION DE L\u2019HYGIENE MENSTRUELLE CHEZ LA FEMME ET LA JEUNE FILLE, 120 Encadreurs de clubs sont renforc\u00e9s    <\/a>\r\n\r\n    <div class=\"thumb post_thumb\">\r\n        <a  title=\"POUR UNE MEILLEURE GESTION DE L\u2019HYGIENE MENSTRUELLE CHEZ LA FEMME ET LA JEUNE FILLE, 120 Encadreurs de clubs sont renforc\u00e9s\" href=\"https:\/\/ongadesco.org\/fr\/pour-une-meilleure-gestion-de-lhygiene-menstruelle-chez-la-femme-et-la-jeune-fille-120-encadreurs-de-clubs-sont-renforces\/?related_post_from=183\">\r\n\r\n            <img loading=\"lazy\" decoding=\"async\" width=\"150\" height=\"145\" src=\"https:\/\/ongadesco.org\/fr\/wp-content\/uploads\/2022\/12\/IMG_20220311_140847_8-6-240x145-1-150x145-1.jpg\" class=\"attachment-full size-full wp-post-image\" alt=\"\" \/>\r\n\r\n        <\/a>\r\n    <\/div>\r\n    <p class=\"excerpt post_excerpt\">\r\n        Ils sont au total 120 Enseignants identifi\u00e9s comme Encadreurs de clubs et les Points Focaux GHM (Gestion de l\u2019Hygi\u00e8ne Menstruelle) <a  class=\"read-more\" href=\"https:\/\/ongadesco.org\/fr\/pour-une-meilleure-gestion-de-lhygiene-menstruelle-chez-la-femme-et-la-jeune-fille-120-encadreurs-de-clubs-sont-renforces\/?related_post_from=183\"> Lire la suite<\/a>    <\/p>\r\n                <\/div>\r\n                            <div class=\"item\">\r\n                    \r\n    <a class=\"title post_title\"  title=\"Rapprochement des services SSR aux jeunes et adolescents \u00e0 travers la clinique mobile\" href=\"https:\/\/ongadesco.org\/fr\/rapprochement-des-services-ssr-aux-jeunes-et-adolescents-a-travers-la-clinique-mobile-2\/?related_post_from=186\">\r\n                Rapprochement des services SSR aux jeunes et adolescents \u00e0 travers la clinique mobile    <\/a>\r\n\r\n    <div class=\"thumb post_thumb\">\r\n        <a  title=\"Rapprochement des services SSR aux jeunes et adolescents \u00e0 travers la clinique mobile\" href=\"https:\/\/ongadesco.org\/fr\/rapprochement-des-services-ssr-aux-jeunes-et-adolescents-a-travers-la-clinique-mobile-2\/?related_post_from=186\">\r\n\r\n            <img loading=\"lazy\" decoding=\"async\" width=\"150\" height=\"145\" src=\"https:\/\/ongadesco.org\/fr\/wp-content\/uploads\/2022\/12\/DSC06707-240x145-1-150x145-1.jpg\" class=\"attachment-full size-full wp-post-image\" alt=\"\" \/>\r\n\r\n        <\/a>\r\n    <\/div>\r\n    <p class=\"excerpt post_excerpt\">\r\n        Apr\u00e8s la pr\u00e9fecture de Sotouboua, c\u2019est le tour de celle de M\u00f4 d\u2019accueillir la clinique mobile. Pour cette tourn\u00e9e de <a  class=\"read-more\" href=\"https:\/\/ongadesco.org\/fr\/rapprochement-des-services-ssr-aux-jeunes-et-adolescents-a-travers-la-clinique-mobile-2\/?related_post_from=186\"> Lire la suite<\/a>    <\/p>\r\n                <\/div>\r\n                            <div class=\"item\">\r\n                    \r\n    <a class=\"title post_title\"  title=\"60 Encadrants de clubs renforc\u00e9s sur les comp\u00e9tences de vie des Adolescents et Jeunes\" href=\"https:\/\/ongadesco.org\/fr\/60-encadrants-de-clubs-renforces-sur-les-competences-de-vie-des-adolescents-et-jeunes\/?related_post_from=192\">\r\n                60 Encadrants de clubs renforc\u00e9s sur les comp\u00e9tences de vie des Adolescents et Jeunes    <\/a>\r\n\r\n    <div class=\"thumb post_thumb\">\r\n        <a  title=\"60 Encadrants de clubs renforc\u00e9s sur les comp\u00e9tences de vie des Adolescents et Jeunes\" href=\"https:\/\/ongadesco.org\/fr\/60-encadrants-de-clubs-renforces-sur-les-competences-de-vie-des-adolescents-et-jeunes\/?related_post_from=192\">\r\n\r\n            <img loading=\"lazy\" decoding=\"async\" width=\"150\" height=\"150\" src=\"https:\/\/ongadesco.org\/fr\/wp-content\/uploads\/2022\/12\/Encadrants-clubs-150x150-1.jpeg\" class=\"attachment-full size-full wp-post-image\" alt=\"\" \/>\r\n\r\n        <\/a>\r\n    <\/div>\r\n    <p class=\"excerpt post_excerpt\">\r\n        Avec pour objectif sp\u00e9cifique de fournir aux encadrants des clubs des informations et des connaissances de base sur les comp\u00e9tences <a  class=\"read-more\" href=\"https:\/\/ongadesco.org\/fr\/60-encadrants-de-clubs-renforces-sur-les-competences-de-vie-des-adolescents-et-jeunes\/?related_post_from=192\"> Lire la suite<\/a>    <\/p>\r\n                <\/div>\r\n            \r\n    <\/div>\r\n\r\n    <script>\r\n            <\/script>\r\n    <style>\r\n        .related-post {}\r\n\r\n        .related-post .post-list {\r\n            text-align: left;\r\n                    }\r\n\r\n        .related-post .post-list .item {\r\n            margin: 10px;\r\n            padding: 0px;\r\n                    }\r\n\r\n        .related-post .headline {\r\n            font-size: 18px !important;\r\n            color: #999999 !important;\r\n                    }\r\n\r\n        .related-post .post-list .item .post_title {\r\n            font-size: 16px;\r\n            color: #dd3333;\r\n            margin: 10px 0px;\r\n            padding: 0px;\r\n            display: block;\r\n            text-decoration: none;\r\n                    }\r\n\r\n        .related-post .post-list .item .post_thumb {\r\n            max-height: 220px;\r\n            margin: 10px 0px;\r\n            padding: 0px;\r\n            display: block;\r\n                    }\r\n\r\n        .related-post .post-list .item .post_excerpt {\r\n            font-size: 13px;\r\n            color: #3f3f3f;\r\n            margin: 10px 0px;\r\n            padding: 0px;\r\n            display: block;\r\n            text-decoration: none;\r\n                    }\r\n\r\n        @media only screen and (min-width: 1024px) {\r\n            .related-post .post-list .item {\r\n                width: 45%;\r\n            }\r\n        }\r\n\r\n        @media only screen and (min-width: 768px) and (max-width: 1023px) {\r\n            .related-post .post-list .item {\r\n                width: 90%;\r\n            }\r\n        }\r\n\r\n        @media only screen and (min-width: 0px) and (max-width: 767px) {\r\n            .related-post .post-list .item {\r\n                width: 90%;\r\n            }\r\n        }\r\n\r\n            <\/style>\r\n        <\/div>\r\n","protected":false},"excerpt":{"rendered":"<p>Le jeudi 9 avril 2026, ADESCO a eu l\u2019honneur d\u2019accueillir une importante d\u00e9l\u00e9gation de Plan Allemagne, dans le cadre d\u2019une visite de terrain visant \u00e0 appr\u00e9cier les actions mises en \u0153uvre au profit des communaut\u00e9s. La d\u00e9l\u00e9gation, compos\u00e9e notamment de la Directrice de Plan Allemagne, de la repr\u00e9sentante du Repr\u00e9sentant R\u00e9sident de Plan International Togo [&hellip;]<\/p>\n","protected":false},"author":4,"featured_media":1102,"comment_status":"open","ping_status":"open","sticky":false,"template":"","format":"standard","meta":{"footnotes":""},"categories":[6],"tags":[],"class_list":["post-1096","post","type-post","status-publish","format-standard","has-post-thumbnail","hentry","category-activites_realisees"],"yoast_head":"<!-- This site is optimized with the Yoast SEO plugin v19.14 - https:\/\/yoast.com\/wordpress\/plugins\/seo\/ -->\n<title>Visite de la d\u00e9l\u00e9gation de Plan Allemagne : un engagement renforc\u00e9 aux c\u00f4t\u00e9s de ADESCO et des communaut\u00e9s de la r\u00e9gion centrale - ONG Adesco<\/title>\n<meta name=\"robots\" content=\"index, follow, max-snippet:-1, max-image-preview:large, max-video-preview:-1\" \/>\n<link rel=\"canonical\" href=\"https:\/\/ongadesco.org\/fr\/visite-de-la-delegation-de-plan-allemagne-un-engagement-renforce-aux-cotes-de-adesco-et-des-communautes-de-la-region-centrale\/\" \/>\n<meta property=\"og:locale\" content=\"fr_FR\" \/>\n<meta property=\"og:type\" content=\"article\" \/>\n<meta property=\"og:title\" content=\"Visite de la d\u00e9l\u00e9gation de Plan Allemagne : un engagement renforc\u00e9 aux c\u00f4t\u00e9s de ADESCO et des communaut\u00e9s de la r\u00e9gion centrale - ONG Adesco\" \/>\n<meta property=\"og:description\" content=\"Le jeudi 9 avril 2026, ADESCO a eu l\u2019honneur d\u2019accueillir une importante d\u00e9l\u00e9gation de Plan Allemagne, dans le cadre d\u2019une visite de terrain visant \u00e0 appr\u00e9cier les actions mises en \u0153uvre au profit des communaut\u00e9s. La d\u00e9l\u00e9gation, compos\u00e9e notamment de la Directrice de Plan Allemagne, de la repr\u00e9sentante du Repr\u00e9sentant R\u00e9sident de Plan International Togo [&hellip;]\" \/>\n<meta property=\"og:url\" content=\"https:\/\/ongadesco.org\/fr\/visite-de-la-delegation-de-plan-allemagne-un-engagement-renforce-aux-cotes-de-adesco-et-des-communautes-de-la-region-centrale\/\" \/>\n<meta property=\"og:site_name\" content=\"ONG Adesco\" \/>\n<meta property=\"article:publisher\" content=\"https:\/\/facebook.com\/adescosantedeveloppement\" \/>\n<meta property=\"article:published_time\" content=\"2026-04-10T15:27:28+00:00\" \/>\n<meta property=\"article:modified_time\" content=\"2026-04-10T15:27:29+00:00\" \/>\n<meta property=\"og:image\" content=\"https:\/\/ongadesco.org\/fr\/wp-content\/uploads\/2026\/04\/WhatsApp-Image-2026-04-10-at-15.19.57.jpeg\" \/>\n\t<meta property=\"og:image:width\" content=\"1280\" \/>\n\t<meta property=\"og:image:height\" content=\"558\" \/>\n\t<meta property=\"og:image:type\" content=\"image\/jpeg\" \/>\n<meta name=\"author\" content=\"afitz patrick\" \/>\n<meta name=\"twitter:card\" content=\"summary_large_image\" \/>\n<meta name=\"twitter:creator\" content=\"@ongadesco\" \/>\n<meta name=\"twitter:site\" content=\"@ongadesco\" \/>\n<meta name=\"twitter:label1\" content=\"\u00c9crit par\" \/>\n\t<meta name=\"twitter:data1\" content=\"afitz patrick\" \/>\n\t<meta name=\"twitter:label2\" content=\"Dur\u00e9e de lecture estim\u00e9e\" \/>\n\t<meta name=\"twitter:data2\" content=\"4 minutes\" \/>\n<script type=\"application\/ld+json\" class=\"yoast-schema-graph\">{\"@context\":\"https:\/\/schema.org\",\"@graph\":[{\"@type\":\"Article\",\"@id\":\"https:\/\/ongadesco.org\/fr\/visite-de-la-delegation-de-plan-allemagne-un-engagement-renforce-aux-cotes-de-adesco-et-des-communautes-de-la-region-centrale\/#article\",\"isPartOf\":{\"@id\":\"https:\/\/ongadesco.org\/fr\/visite-de-la-delegation-de-plan-allemagne-un-engagement-renforce-aux-cotes-de-adesco-et-des-communautes-de-la-region-centrale\/\"},\"author\":{\"name\":\"afitz patrick\",\"@id\":\"https:\/\/ongadesco.org\/fr\/#\/schema\/person\/17abd2bdd04f4dfea0adadcac83076ca\"},\"headline\":\"Visite de la d\u00e9l\u00e9gation de Plan Allemagne : un engagement renforc\u00e9 aux c\u00f4t\u00e9s de ADESCO et des communaut\u00e9s de la r\u00e9gion centrale\",\"datePublished\":\"2026-04-10T15:27:28+00:00\",\"dateModified\":\"2026-04-10T15:27:29+00:00\",\"mainEntityOfPage\":{\"@id\":\"https:\/\/ongadesco.org\/fr\/visite-de-la-delegation-de-plan-allemagne-un-engagement-renforce-aux-cotes-de-adesco-et-des-communautes-de-la-region-centrale\/\"},\"wordCount\":595,\"commentCount\":0,\"publisher\":{\"@id\":\"https:\/\/ongadesco.org\/fr\/#organization\"},\"articleSection\":[\"activit\u00e9s r\u00e9alis\u00e9es\"],\"inLanguage\":\"fr-FR\",\"potentialAction\":[{\"@type\":\"CommentAction\",\"name\":\"Comment\",\"target\":[\"https:\/\/ongadesco.org\/fr\/visite-de-la-delegation-de-plan-allemagne-un-engagement-renforce-aux-cotes-de-adesco-et-des-communautes-de-la-region-centrale\/#respond\"]}]},{\"@type\":\"WebPage\",\"@id\":\"https:\/\/ongadesco.org\/fr\/visite-de-la-delegation-de-plan-allemagne-un-engagement-renforce-aux-cotes-de-adesco-et-des-communautes-de-la-region-centrale\/\",\"url\":\"https:\/\/ongadesco.org\/fr\/visite-de-la-delegation-de-plan-allemagne-un-engagement-renforce-aux-cotes-de-adesco-et-des-communautes-de-la-region-centrale\/\",\"name\":\"Visite de la d\u00e9l\u00e9gation de Plan Allemagne : un engagement renforc\u00e9 aux c\u00f4t\u00e9s de ADESCO et des communaut\u00e9s de la r\u00e9gion centrale - ONG Adesco\",\"isPartOf\":{\"@id\":\"https:\/\/ongadesco.org\/fr\/#website\"},\"datePublished\":\"2026-04-10T15:27:28+00:00\",\"dateModified\":\"2026-04-10T15:27:29+00:00\",\"breadcrumb\":{\"@id\":\"https:\/\/ongadesco.org\/fr\/visite-de-la-delegation-de-plan-allemagne-un-engagement-renforce-aux-cotes-de-adesco-et-des-communautes-de-la-region-centrale\/#breadcrumb\"},\"inLanguage\":\"fr-FR\",\"potentialAction\":[{\"@type\":\"ReadAction\",\"target\":[\"https:\/\/ongadesco.org\/fr\/visite-de-la-delegation-de-plan-allemagne-un-engagement-renforce-aux-cotes-de-adesco-et-des-communautes-de-la-region-centrale\/\"]}]},{\"@type\":\"BreadcrumbList\",\"@id\":\"https:\/\/ongadesco.org\/fr\/visite-de-la-delegation-de-plan-allemagne-un-engagement-renforce-aux-cotes-de-adesco-et-des-communautes-de-la-region-centrale\/#breadcrumb\",\"itemListElement\":[{\"@type\":\"ListItem\",\"position\":1,\"name\":\"Accueil\",\"item\":\"https:\/\/ongadesco.org\/fr\/\"},{\"@type\":\"ListItem\",\"position\":2,\"name\":\"Visite de la d\u00e9l\u00e9gation de Plan Allemagne : un engagement renforc\u00e9 aux c\u00f4t\u00e9s de ADESCO et des communaut\u00e9s de la r\u00e9gion centrale\"}]},{\"@type\":\"WebSite\",\"@id\":\"https:\/\/ongadesco.org\/fr\/#website\",\"url\":\"https:\/\/ongadesco.org\/fr\/\",\"name\":\"ONG Adesco\",\"description\":\"\",\"publisher\":{\"@id\":\"https:\/\/ongadesco.org\/fr\/#organization\"},\"potentialAction\":[{\"@type\":\"SearchAction\",\"target\":{\"@type\":\"EntryPoint\",\"urlTemplate\":\"https:\/\/ongadesco.org\/fr\/?s={search_term_string}\"},\"query-input\":\"required name=search_term_string\"}],\"inLanguage\":\"fr-FR\"},{\"@type\":\"Organization\",\"@id\":\"https:\/\/ongadesco.org\/fr\/#organization\",\"name\":\"ONG Adesco\",\"url\":\"https:\/\/ongadesco.org\/fr\/\",\"logo\":{\"@type\":\"ImageObject\",\"inLanguage\":\"fr-FR\",\"@id\":\"https:\/\/ongadesco.org\/fr\/#\/schema\/logo\/image\/\",\"url\":\"https:\/\/ongadesco.org\/fr\/wp-content\/uploads\/2022\/12\/logo2.png\",\"contentUrl\":\"https:\/\/ongadesco.org\/fr\/wp-content\/uploads\/2022\/12\/logo2.png\",\"width\":134,\"height\":45,\"caption\":\"ONG Adesco\"},\"image\":{\"@id\":\"https:\/\/ongadesco.org\/fr\/#\/schema\/logo\/image\/\"},\"sameAs\":[\"https:\/\/web.whatsapp.com\/\",\"https:\/\/whatsapp.com\/\",\"https:\/\/facebook.com\/adescosantedeveloppement\",\"https:\/\/twitter.com\/ongadesco\"]},{\"@type\":\"Person\",\"@id\":\"https:\/\/ongadesco.org\/fr\/#\/schema\/person\/17abd2bdd04f4dfea0adadcac83076ca\",\"name\":\"afitz patrick\",\"image\":{\"@type\":\"ImageObject\",\"inLanguage\":\"fr-FR\",\"@id\":\"https:\/\/ongadesco.org\/fr\/#\/schema\/person\/image\/\",\"url\":\"https:\/\/secure.gravatar.com\/avatar\/9bd5e1cde16d6be84ea838abda8b465c992300074f3427e61dbfd295cefded1b?s=96&d=mm&r=g\",\"contentUrl\":\"https:\/\/secure.gravatar.com\/avatar\/9bd5e1cde16d6be84ea838abda8b465c992300074f3427e61dbfd295cefded1b?s=96&d=mm&r=g\",\"caption\":\"afitz patrick\"},\"url\":\"https:\/\/ongadesco.org\/fr\/author\/patrickafitz\/\"}]}<\/script>\n<!-- \/ Yoast SEO plugin. -->","yoast_head_json":{"title":"Visite de la d\u00e9l\u00e9gation de Plan Allemagne : un engagement renforc\u00e9 aux c\u00f4t\u00e9s de ADESCO et des communaut\u00e9s de la r\u00e9gion centrale - ONG Adesco","robots":{"index":"index","follow":"follow","max-snippet":"max-snippet:-1","max-image-preview":"max-image-preview:large","max-video-preview":"max-video-preview:-1"},"canonical":"https:\/\/ongadesco.org\/fr\/visite-de-la-delegation-de-plan-allemagne-un-engagement-renforce-aux-cotes-de-adesco-et-des-communautes-de-la-region-centrale\/","og_locale":"fr_FR","og_type":"article","og_title":"Visite de la d\u00e9l\u00e9gation de Plan Allemagne : un engagement renforc\u00e9 aux c\u00f4t\u00e9s de ADESCO et des communaut\u00e9s de la r\u00e9gion centrale - ONG Adesco","og_description":"Le jeudi 9 avril 2026, ADESCO a eu l\u2019honneur d\u2019accueillir une importante d\u00e9l\u00e9gation de Plan Allemagne, dans le cadre d\u2019une visite de terrain visant \u00e0 appr\u00e9cier les actions mises en \u0153uvre au profit des communaut\u00e9s. La d\u00e9l\u00e9gation, compos\u00e9e notamment de la Directrice de Plan Allemagne, de la repr\u00e9sentante du Repr\u00e9sentant R\u00e9sident de Plan International Togo [&hellip;]","og_url":"https:\/\/ongadesco.org\/fr\/visite-de-la-delegation-de-plan-allemagne-un-engagement-renforce-aux-cotes-de-adesco-et-des-communautes-de-la-region-centrale\/","og_site_name":"ONG Adesco","article_publisher":"https:\/\/facebook.com\/adescosantedeveloppement","article_published_time":"2026-04-10T15:27:28+00:00","article_modified_time":"2026-04-10T15:27:29+00:00","og_image":[{"width":1280,"height":558,"url":"https:\/\/ongadesco.org\/fr\/wp-content\/uploads\/2026\/04\/WhatsApp-Image-2026-04-10-at-15.19.57.jpeg","type":"image\/jpeg"}],"author":"afitz patrick","twitter_card":"summary_large_image","twitter_creator":"@ongadesco","twitter_site":"@ongadesco","twitter_misc":{"\u00c9crit par":"afitz patrick","Dur\u00e9e de lecture estim\u00e9e":"4 minutes"},"schema":{"@context":"https:\/\/schema.org","@graph":[{"@type":"Article","@id":"https:\/\/ongadesco.org\/fr\/visite-de-la-delegation-de-plan-allemagne-un-engagement-renforce-aux-cotes-de-adesco-et-des-communautes-de-la-region-centrale\/#article","isPartOf":{"@id":"https:\/\/ongadesco.org\/fr\/visite-de-la-delegation-de-plan-allemagne-un-engagement-renforce-aux-cotes-de-adesco-et-des-communautes-de-la-region-centrale\/"},"author":{"name":"afitz patrick","@id":"https:\/\/ongadesco.org\/fr\/#\/schema\/person\/17abd2bdd04f4dfea0adadcac83076ca"},"headline":"Visite de la d\u00e9l\u00e9gation de Plan Allemagne : un engagement renforc\u00e9 aux c\u00f4t\u00e9s de ADESCO et des communaut\u00e9s de la r\u00e9gion centrale","datePublished":"2026-04-10T15:27:28+00:00","dateModified":"2026-04-10T15:27:29+00:00","mainEntityOfPage":{"@id":"https:\/\/ongadesco.org\/fr\/visite-de-la-delegation-de-plan-allemagne-un-engagement-renforce-aux-cotes-de-adesco-et-des-communautes-de-la-region-centrale\/"},"wordCount":595,"commentCount":0,"publisher":{"@id":"https:\/\/ongadesco.org\/fr\/#organization"},"articleSection":["activit\u00e9s r\u00e9alis\u00e9es"],"inLanguage":"fr-FR","potentialAction":[{"@type":"CommentAction","name":"Comment","target":["https:\/\/ongadesco.org\/fr\/visite-de-la-delegation-de-plan-allemagne-un-engagement-renforce-aux-cotes-de-adesco-et-des-communautes-de-la-region-centrale\/#respond"]}]},{"@type":"WebPage","@id":"https:\/\/ongadesco.org\/fr\/visite-de-la-delegation-de-plan-allemagne-un-engagement-renforce-aux-cotes-de-adesco-et-des-communautes-de-la-region-centrale\/","url":"https:\/\/ongadesco.org\/fr\/visite-de-la-delegation-de-plan-allemagne-un-engagement-renforce-aux-cotes-de-adesco-et-des-communautes-de-la-region-centrale\/","name":"Visite de la d\u00e9l\u00e9gation de Plan Allemagne : un engagement renforc\u00e9 aux c\u00f4t\u00e9s de ADESCO et des communaut\u00e9s de la r\u00e9gion centrale - ONG Adesco","isPartOf":{"@id":"https:\/\/ongadesco.org\/fr\/#website"},"datePublished":"2026-04-10T15:27:28+00:00","dateModified":"2026-04-10T15:27:29+00:00","breadcrumb":{"@id":"https:\/\/ongadesco.org\/fr\/visite-de-la-delegation-de-plan-allemagne-un-engagement-renforce-aux-cotes-de-adesco-et-des-communautes-de-la-region-centrale\/#breadcrumb"},"inLanguage":"fr-FR","potentialAction":[{"@type":"ReadAction","target":["https:\/\/ongadesco.org\/fr\/visite-de-la-delegation-de-plan-allemagne-un-engagement-renforce-aux-cotes-de-adesco-et-des-communautes-de-la-region-centrale\/"]}]},{"@type":"BreadcrumbList","@id":"https:\/\/ongadesco.org\/fr\/visite-de-la-delegation-de-plan-allemagne-un-engagement-renforce-aux-cotes-de-adesco-et-des-communautes-de-la-region-centrale\/#breadcrumb","itemListElement":[{"@type":"ListItem","position":1,"name":"Accueil","item":"https:\/\/ongadesco.org\/fr\/"},{"@type":"ListItem","position":2,"name":"Visite de la d\u00e9l\u00e9gation de Plan Allemagne : un engagement renforc\u00e9 aux c\u00f4t\u00e9s de ADESCO et des communaut\u00e9s de la r\u00e9gion centrale"}]},{"@type":"WebSite","@id":"https:\/\/ongadesco.org\/fr\/#website","url":"https:\/\/ongadesco.org\/fr\/","name":"ONG Adesco","description":"","publisher":{"@id":"https:\/\/ongadesco.org\/fr\/#organization"},"potentialAction":[{"@type":"SearchAction","target":{"@type":"EntryPoint","urlTemplate":"https:\/\/ongadesco.org\/fr\/?s={search_term_string}"},"query-input":"required name=search_term_string"}],"inLanguage":"fr-FR"},{"@type":"Organization","@id":"https:\/\/ongadesco.org\/fr\/#organization","name":"ONG Adesco","url":"https:\/\/ongadesco.org\/fr\/","logo":{"@type":"ImageObject","inLanguage":"fr-FR","@id":"https:\/\/ongadesco.org\/fr\/#\/schema\/logo\/image\/","url":"https:\/\/ongadesco.org\/fr\/wp-content\/uploads\/2022\/12\/logo2.png","contentUrl":"https:\/\/ongadesco.org\/fr\/wp-content\/uploads\/2022\/12\/logo2.png","width":134,"height":45,"caption":"ONG Adesco"},"image":{"@id":"https:\/\/ongadesco.org\/fr\/#\/schema\/logo\/image\/"},"sameAs":["https:\/\/web.whatsapp.com\/","https:\/\/whatsapp.com\/","https:\/\/facebook.com\/adescosantedeveloppement","https:\/\/twitter.com\/ongadesco"]},{"@type":"Person","@id":"https:\/\/ongadesco.org\/fr\/#\/schema\/person\/17abd2bdd04f4dfea0adadcac83076ca","name":"afitz patrick","image":{"@type":"ImageObject","inLanguage":"fr-FR","@id":"https:\/\/ongadesco.org\/fr\/#\/schema\/person\/image\/","url":"https:\/\/secure.gravatar.com\/avatar\/9bd5e1cde16d6be84ea838abda8b465c992300074f3427e61dbfd295cefded1b?s=96&d=mm&r=g","contentUrl":"https:\/\/secure.gravatar.com\/avatar\/9bd5e1cde16d6be84ea838abda8b465c992300074f3427e61dbfd295cefded1b?s=96&d=mm&r=g","caption":"afitz patrick"},"url":"https:\/\/ongadesco.org\/fr\/author\/patrickafitz\/"}]}},"_links":{"self":[{"href":"https:\/\/ongadesco.org\/fr\/wp-json\/wp\/v2\/posts\/1096","targetHints":{"allow":["GET"]}}],"collection":[{"href":"https:\/\/ongadesco.org\/fr\/wp-json\/wp\/v2\/posts"}],"about":[{"href":"https:\/\/ongadesco.org\/fr\/wp-json\/wp\/v2\/types\/post"}],"author":[{"embeddable":true,"href":"https:\/\/ongadesco.org\/fr\/wp-json\/wp\/v2\/users\/4"}],"replies":[{"embeddable":true,"href":"https:\/\/ongadesco.org\/fr\/wp-json\/wp\/v2\/comments?post=1096"}],"version-history":[{"count":1,"href":"https:\/\/ongadesco.org\/fr\/wp-json\/wp\/v2\/posts\/1096\/revisions"}],"predecessor-version":[{"id":1103,"href":"https:\/\/ongadesco.org\/fr\/wp-json\/wp\/v2\/posts\/1096\/revisions\/1103"}],"wp:featuredmedia":[{"embeddable":true,"href":"https:\/\/ongadesco.org\/fr\/wp-json\/wp\/v2\/media\/1102"}],"wp:attachment":[{"href":"https:\/\/ongadesco.org\/fr\/wp-json\/wp\/v2\/media?parent=1096"}],"wp:term":[{"taxonomy":"category","embeddable":true,"href":"https:\/\/ongadesco.org\/fr\/wp-json\/wp\/v2\/categories?post=1096"},{"taxonomy":"post_tag","embeddable":true,"href":"https:\/\/ongadesco.org\/fr\/wp-json\/wp\/v2\/tags?post=1096"}],"curies":[{"name":"wp","href":"https:\/\/api.w.org\/{rel}","templated":true}]}}