{"id":1104,"date":"2026-04-23T13:04:08","date_gmt":"2026-04-23T11:04:08","guid":{"rendered":"https:\/\/ongadesco.org\/fr\/?p=1104"},"modified":"2026-04-24T10:25:03","modified_gmt":"2026-04-24T08:25:03","slug":"adesco-renforce-le-suivi-des-enfants-en-situation-de-rue-et-victimes-de-traite-reinseres-et-soutient-en-kits-alimentaires-les-familles-daccueil-dans-la-region-centrale","status":"publish","type":"post","link":"https:\/\/ongadesco.org\/fr\/adesco-renforce-le-suivi-des-enfants-en-situation-de-rue-et-victimes-de-traite-reinseres-et-soutient-en-kits-alimentaires-les-familles-daccueil-dans-la-region-centrale\/","title":{"rendered":"ADESCO renforce le suivi des enfants en situation de rue et victimes de traite, r\u00e9ins\u00e9r\u00e9s professionnelement et soutient en kits alimentaires les familles d\u2019accueil dans la R\u00e9gion Centrale"},"content":{"rendered":"\n<p>Dans le cadre de la mise en \u0153uvre du projet \u00ab <strong>Renforcement de la protection des enfants et adolescents victimes ou \u00e0 risque de violences, y compris ceux en situation de rue \u00bb<\/strong>, financ\u00e9 par l\u2019UNICEF, ADESCO a conduit, du 14 au 17 avril 2026, une mission de suivi des b\u00e9n\u00e9ficiaires dans les pr\u00e9fectures de Blitta, Sotouboua et Tchamba. Ils sont au total 75 b\u00e9n\u00e9ficiaires dont 21 en situation de traite.<\/p>\n\n\n<div class=\"wp-block-image\">\n<figure class=\"aligncenter size-large\"><img loading=\"lazy\" decoding=\"async\" width=\"1024\" height=\"476\" src=\"https:\/\/ongadesco.org\/fr\/wp-content\/uploads\/2026\/04\/IMG_20260414_101507_236f-1024x476.jpg\" alt=\"\" class=\"wp-image-1106\" srcset=\"https:\/\/ongadesco.org\/fr\/wp-content\/uploads\/2026\/04\/IMG_20260414_101507_236f-1024x476.jpg 1024w, https:\/\/ongadesco.org\/fr\/wp-content\/uploads\/2026\/04\/IMG_20260414_101507_236f-300x139.jpg 300w, https:\/\/ongadesco.org\/fr\/wp-content\/uploads\/2026\/04\/IMG_20260414_101507_236f-768x357.jpg 768w, https:\/\/ongadesco.org\/fr\/wp-content\/uploads\/2026\/04\/IMG_20260414_101507_236f-1536x714.jpg 1536w, https:\/\/ongadesco.org\/fr\/wp-content\/uploads\/2026\/04\/IMG_20260414_101507_236f.jpg 1549w\" sizes=\"auto, (max-width: 1024px) 100vw, 1024px\" \/><figcaption class=\"wp-element-caption\"><em><strong>C\u00e9r\u00e9monie de remise de kits alimentaires dans le canton de M\u2019Poti, pr\u00e9fecture de Blitta<\/strong><\/em><\/figcaption><\/figure>\n<\/div>\n\n\n<p>Cette mission a permis \u00e0 l\u2019\u00e9quipes de ADESCO d\u2019effectuer des visites dans les cantons. Les \u00e9changes avec les enfants, leurs tuteurs, les ma\u00eetres artisans et les services des Actions Sociales ont permis d\u2019\u00e9valuer leur situation actuelle, de v\u00e9rifier l\u2019effectivit\u00e9 de leur r\u00e9insertion et d\u2019identifier les d\u00e9fis encore pr\u00e9sents.<\/p>\n\n\n\n<p>Ce suivi a \u00e9t\u00e9 coupl\u00e9 de la remise de kits alimentaires et d\u2019hygi\u00e8ne aux familles d\u2019accueil, en guise de soutien \u00e0 leurs efforts d\u2019encadrement.<\/p>\n\n\n\n<p>Chaque kit \u00e9tait compos\u00e9 d\u2019un sac de riz de 50 kg, de deux litres d\u2019huile, de deux kilogrammes de d\u00e9tergent et &nbsp;de dix pains de savon de toilette.<\/p>\n\n\n<div class=\"wp-block-image\">\n<figure class=\"aligncenter size-large\"><img loading=\"lazy\" decoding=\"async\" width=\"1024\" height=\"576\" src=\"https:\/\/ongadesco.org\/fr\/wp-content\/uploads\/2026\/04\/rdd-1024x576.jpg\" alt=\"\" class=\"wp-image-1107\" srcset=\"https:\/\/ongadesco.org\/fr\/wp-content\/uploads\/2026\/04\/rdd-1024x576.jpg 1024w, https:\/\/ongadesco.org\/fr\/wp-content\/uploads\/2026\/04\/rdd-300x169.jpg 300w, https:\/\/ongadesco.org\/fr\/wp-content\/uploads\/2026\/04\/rdd-768x432.jpg 768w, https:\/\/ongadesco.org\/fr\/wp-content\/uploads\/2026\/04\/rdd-1536x864.jpg 1536w, https:\/\/ongadesco.org\/fr\/wp-content\/uploads\/2026\/04\/rdd.jpg 1920w\" sizes=\"auto, (max-width: 1024px) 100vw, 1024px\" \/><figcaption class=\"wp-element-caption\"><strong><em>Remise de kits alimentaires et d&rsquo;hygi\u00e8ne aux b\u00e9n\u00e9ficiaires du canton de Tch\u00e9b\u00e9b\u00e9,                        pr\u00e9fecture de Sotouboua<\/em><\/strong><\/figcaption><\/figure>\n<\/div>\n\n\n<p>Mais au-del\u00e0 de cet appui mat\u00e9riel, cette action traduit la volont\u00e9 de ADESCO de renforcer la solidarit\u00e9 familiale et communautaire, en accompagnant durablement les familles qui acceptent de prendre en charge ces enfants en situation de vuln\u00e9rabilit\u00e9.<\/p>\n\n\n\n<p>La mission a \u00e9galement \u00e9t\u00e9 marqu\u00e9e par la signature de contrats d\u2019apprentissage dans la commune Sotouboua 3 entre les nouveaux b\u00e9n\u00e9ficiaires et les ma\u00eetres artisans en pr\u00e9sence des autorit\u00e9s communales (le Maire et son adjoint) et cantonales (les chefs canton de Tch\u00e9b\u00e9b\u00e9, Kazaboua et Tabend\u00e8). Cette \u00e9tape importante permet de formaliser le parcours de r\u00e9insertion professionnelle des enfants, tout en garantissant un cadre s\u00e9curis\u00e9 et structur\u00e9 pour leur formation.<\/p>\n\n\n<div class=\"wp-block-image\">\n<figure class=\"aligncenter size-large\"><img loading=\"lazy\" decoding=\"async\" width=\"1024\" height=\"573\" src=\"https:\/\/ongadesco.org\/fr\/wp-content\/uploads\/2026\/04\/Capture-decran-2026-04-23-102910-s-1024x573.png\" alt=\"\" class=\"wp-image-1108\" srcset=\"https:\/\/ongadesco.org\/fr\/wp-content\/uploads\/2026\/04\/Capture-decran-2026-04-23-102910-s-1024x573.png 1024w, https:\/\/ongadesco.org\/fr\/wp-content\/uploads\/2026\/04\/Capture-decran-2026-04-23-102910-s-300x168.png 300w, https:\/\/ongadesco.org\/fr\/wp-content\/uploads\/2026\/04\/Capture-decran-2026-04-23-102910-s-768x429.png 768w, https:\/\/ongadesco.org\/fr\/wp-content\/uploads\/2026\/04\/Capture-decran-2026-04-23-102910-s-1536x859.png 1536w, https:\/\/ongadesco.org\/fr\/wp-content\/uploads\/2026\/04\/Capture-decran-2026-04-23-102910-s.png 1919w\" sizes=\"auto, (max-width: 1024px) 100vw, 1024px\" \/><figcaption class=\"wp-element-caption\"><strong><em>Signature de contrat \u00e0 une b\u00e9n\u00e9ficiaire<\/em><\/strong><\/figcaption><\/figure>\n<\/div>\n\n\n<p>Les b\u00e9n\u00e9ficiaires, tout comme leurs parents et tuteurs, ont exprim\u00e9 une grande joie \u00e0 la suite des actions men\u00e9es par ADESCO. Cet enthousiasme t\u00e9moigne de l&rsquo;impact positif et concret du soutien apport\u00e9, tant sur le plan mat\u00e9riel que moral.<\/p>\n\n\n\n<p>Parmi les r\u00e9actions recueillies, une b\u00e9n\u00e9ficiaire a tenu \u00e0 partager son ressenti : \u00ab Je suis tr\u00e8s contente de ce dont, au-del\u00e0 de nous avoir arrach\u00e9s de la rue, on nous accompagne encore avec des kits alimentaires, je n\u2019ai jamais vu ! Merci \u00e0 UNICEF et \u00e0 ADESCO \u00bb, a-t-elle confi\u00e9. Ce t\u00e9moignage met en lumi\u00e8re la reconnaissance et la gratitude des enfants et de leurs familles envers les initiatives qui contribuent \u00e0 leur bien-\u00eatre et \u00e0 leur r\u00e9insertion. <\/p>\n\n\n\n<p>A travers cette initiative, ADESCO r\u00e9affirme son engagement \u00e0 \u0153uvrer pour une soci\u00e9t\u00e9 o\u00f9 chaque enfant, sans distinction, b\u00e9n\u00e9ficie de protection, d\u2019opportunit\u00e9s et de conditions favorables \u00e0 son \u00e9panouissement. Les enseignements tir\u00e9s de cette mission permettront d\u2019ajuster les interventions et de renforcer davantage l\u2019impact du projet au profit des enfants et adolescents.<\/p>\n\n\n\n<p>@UNICEF@ADESCO@ProtectionDesEnfants@InsertionSocioProfessionnel@EnfantsDeRue@EnfantVictimeDeTraites<\/p>\n\n\n\n<p><\/p>\n    <div class=\"related-post grid\">\r\n                <div class=\"headline\">Publications similaires<\/div>\r\n        <div class=\"post-list \">\r\n\r\n                        <div class=\"item\">\r\n                    \r\n    <a class=\"title post_title\"  title=\"CELEBRATION DE LA JOURNEE MONDIALE DU SIDA : Distribution des pr\u00e9servatifs \u00e0 Sokod\u00e9 par l\u2019ONG ADESCO\" href=\"https:\/\/ongadesco.org\/fr\/celebration-de-la-journee-mondiale-du-sida-distribution-des-preservatifs-a-sokode-par-long-adesco\/?related_post_from=162\">\r\n                CELEBRATION DE LA JOURNEE MONDIALE DU SIDA : Distribution des pr\u00e9servatifs \u00e0 Sokod\u00e9 par l\u2019ONG ADESCO    <\/a>\r\n\r\n    <div class=\"thumb post_thumb\">\r\n        <a  title=\"CELEBRATION DE LA JOURNEE MONDIALE DU SIDA : Distribution des pr\u00e9servatifs \u00e0 Sokod\u00e9 par l\u2019ONG ADESCO\" href=\"https:\/\/ongadesco.org\/fr\/celebration-de-la-journee-mondiale-du-sida-distribution-des-preservatifs-a-sokode-par-long-adesco\/?related_post_from=162\">\r\n\r\n            <img loading=\"lazy\" decoding=\"async\" width=\"150\" height=\"150\" src=\"https:\/\/ongadesco.org\/fr\/wp-content\/uploads\/2022\/12\/WhatsApp-Image-2022-07-23-at-09.10.29-1-150x150-1.jpeg\" class=\"attachment-full size-full wp-post-image\" alt=\"\" \/>\r\n\r\n        <\/a>\r\n    <\/div>\r\n    <p class=\"excerpt post_excerpt\">\r\n        A l\u2019occasion de la c\u00e9l\u00e9bration de la journ\u00e9e mondiale du SIDA le 1er&nbsp;d\u00e9cembre 2021, l\u2019ONG&nbsp;ADESCO&nbsp;en collaboration avec la plateforme nationale <a  class=\"read-more\" href=\"https:\/\/ongadesco.org\/fr\/celebration-de-la-journee-mondiale-du-sida-distribution-des-preservatifs-a-sokode-par-long-adesco\/?related_post_from=162\"> Lire la suite<\/a>    <\/p>\r\n                <\/div>\r\n                            <div class=\"item\">\r\n                    \r\n    <a class=\"title post_title\"  title=\"SANTE-TRANSFORMATION-APPRENTISSAGE : Suivi des activit\u00e9s du projet STARS \u00e0 Dankpen par le staff de l\u2019ONG ADESCO\" href=\"https:\/\/ongadesco.org\/fr\/sante-transformation-apprentissage-suivi-des-activites-du-projet-stars-a-dankpen-par-le-staff-de-long-adesco\/?related_post_from=165\">\r\n                SANTE-TRANSFORMATION-APPRENTISSAGE : Suivi des activit\u00e9s du projet STARS \u00e0 Dankpen par le staff de l\u2019ONG ADESCO    <\/a>\r\n\r\n    <div class=\"thumb post_thumb\">\r\n        <a  title=\"SANTE-TRANSFORMATION-APPRENTISSAGE : Suivi des activit\u00e9s du projet STARS \u00e0 Dankpen par le staff de l\u2019ONG ADESCO\" href=\"https:\/\/ongadesco.org\/fr\/sante-transformation-apprentissage-suivi-des-activites-du-projet-stars-a-dankpen-par-le-staff-de-long-adesco\/?related_post_from=165\">\r\n\r\n            <img loading=\"lazy\" decoding=\"async\" width=\"150\" height=\"145\" src=\"https:\/\/ongadesco.org\/fr\/wp-content\/uploads\/2022\/12\/WhatsApp-Image-2021-12-22-at-16.25.11-240x145-1-150x145-1.jpeg\" class=\"attachment-full size-full wp-post-image\" alt=\"\" \/>\r\n\r\n        <\/a>\r\n    <\/div>\r\n    <p class=\"excerpt post_excerpt\">\r\n        Les activit\u00e9s pr\u00e9vues sur le volet \u00e9cole int\u00e9gr\u00e9 du projet Sant\u00e9, Transformation, Apprentissage pour une R\u00e9ussite Scolaire (STARS) incluent entre <a  class=\"read-more\" href=\"https:\/\/ongadesco.org\/fr\/sante-transformation-apprentissage-suivi-des-activites-du-projet-stars-a-dankpen-par-le-staff-de-long-adesco\/?related_post_from=165\"> Lire la suite<\/a>    <\/p>\r\n                <\/div>\r\n                            <div class=\"item\">\r\n                    \r\n    <a class=\"title post_title\"  title=\"SANTE ET NUTRITION : Histoires de succ\u00e8s : CRS et ses partenaires accompagnent les \u00e9coles \u00e0 cantines scolaires STARS dans la r\u00e9alisation des Champs communautaires\" href=\"https:\/\/ongadesco.org\/fr\/sante-et-nutrition-histoires-de-succes-crs-et-ses-partenaires-accompagnent-les-ecoles-a-cantines-scolaires-stars-dans-la-realisation-des-champs-communautaires\/?related_post_from=168\">\r\n                SANTE ET NUTRITION : Histoires de succ\u00e8s : CRS et ses partenaires accompagnent les \u00e9coles \u00e0 cantines scolaires STARS dans la r\u00e9alisation des Champs communautaires    <\/a>\r\n\r\n    <div class=\"thumb post_thumb\">\r\n        <a  title=\"SANTE ET NUTRITION : Histoires de succ\u00e8s : CRS et ses partenaires accompagnent les \u00e9coles \u00e0 cantines scolaires STARS dans la r\u00e9alisation des Champs communautaires\" href=\"https:\/\/ongadesco.org\/fr\/sante-et-nutrition-histoires-de-succes-crs-et-ses-partenaires-accompagnent-les-ecoles-a-cantines-scolaires-stars-dans-la-realisation-des-champs-communautaires\/?related_post_from=168\">\r\n\r\n            <img loading=\"lazy\" decoding=\"async\" width=\"150\" height=\"150\" src=\"https:\/\/ongadesco.org\/fr\/wp-content\/uploads\/2022\/12\/QD-150x150-1.jpg\" class=\"attachment-full size-full wp-post-image\" alt=\"\" \/>\r\n\r\n        <\/a>\r\n    <\/div>\r\n    <p class=\"excerpt post_excerpt\">\r\n        Catholic Relief Services (CRS) a re\u00e7u un financement de la part du d\u00e9partement des USA en charge de l\u2019agriculture (USDA) <a  class=\"read-more\" href=\"https:\/\/ongadesco.org\/fr\/sante-et-nutrition-histoires-de-succes-crs-et-ses-partenaires-accompagnent-les-ecoles-a-cantines-scolaires-stars-dans-la-realisation-des-champs-communautaires\/?related_post_from=168\"> Lire la suite<\/a>    <\/p>\r\n                <\/div>\r\n                            <div class=\"item\">\r\n                    \r\n    <a class=\"title post_title\"  title=\"Apport du CMS Bon-Secours de l\u2019ONG ADESCO dans la pr\u00e9vention et le traitement des maladies non transmissibles\" href=\"https:\/\/ongadesco.org\/fr\/apport-du-cms-bon-secours-de-long-adesco-dans-la-prevention-et-le-traitement-des-maladies-non-transmissibles\/?related_post_from=171\">\r\n                Apport du CMS Bon-Secours de l\u2019ONG ADESCO dans la pr\u00e9vention et le traitement des maladies non transmissibles    <\/a>\r\n\r\n    <div class=\"thumb post_thumb\">\r\n        <a  title=\"Apport du CMS Bon-Secours de l\u2019ONG ADESCO dans la pr\u00e9vention et le traitement des maladies non transmissibles\" href=\"https:\/\/ongadesco.org\/fr\/apport-du-cms-bon-secours-de-long-adesco-dans-la-prevention-et-le-traitement-des-maladies-non-transmissibles\/?related_post_from=171\">\r\n\r\n            <img loading=\"lazy\" decoding=\"async\" width=\"150\" height=\"150\" src=\"https:\/\/ongadesco.org\/fr\/wp-content\/uploads\/2022\/12\/IMG_20220112_082427_5-150x150-1.jpg\" class=\"attachment-full size-full wp-post-image\" alt=\"\" \/>\r\n\r\n        <\/a>\r\n    <\/div>\r\n    <p class=\"excerpt post_excerpt\">\r\n        Une campagne de sensibilisation, d\u00e9pistage et de traitement gratuit de l'hypertension art\u00e9rielle et du diab\u00e8te est organis\u00e9e les 10, 11 <a  class=\"read-more\" href=\"https:\/\/ongadesco.org\/fr\/apport-du-cms-bon-secours-de-long-adesco-dans-la-prevention-et-le-traitement-des-maladies-non-transmissibles\/?related_post_from=171\"> Lire la suite<\/a>    <\/p>\r\n                <\/div>\r\n                            <div class=\"item\">\r\n                    \r\n    <a class=\"title post_title\"  title=\"VIVRE DANS UN ENVIRONNEMENT SAINT : Trois cantons de la pr\u00e9fecture de M\u00f4 s\u2019engagent\" href=\"https:\/\/ongadesco.org\/fr\/vivre-dans-un-environnement-saint-trois-cantons-de-la-prefecture-de-mo-sengagent\/?related_post_from=174\">\r\n                VIVRE DANS UN ENVIRONNEMENT SAINT : Trois cantons de la pr\u00e9fecture de M\u00f4 s\u2019engagent    <\/a>\r\n\r\n    <div class=\"thumb post_thumb\">\r\n        <a  title=\"VIVRE DANS UN ENVIRONNEMENT SAINT : Trois cantons de la pr\u00e9fecture de M\u00f4 s\u2019engagent\" href=\"https:\/\/ongadesco.org\/fr\/vivre-dans-un-environnement-saint-trois-cantons-de-la-prefecture-de-mo-sengagent\/?related_post_from=174\">\r\n\r\n            <img loading=\"lazy\" decoding=\"async\" width=\"150\" height=\"145\" src=\"https:\/\/ongadesco.org\/fr\/wp-content\/uploads\/2022\/12\/D-240x145-1-150x145-1.jpeg\" class=\"attachment-full size-full wp-post-image\" alt=\"\" \/>\r\n\r\n        <\/a>\r\n    <\/div>\r\n    <p class=\"excerpt post_excerpt\">\r\n        Amener les communaut\u00e9s \u00e0 r\u00e9aliser les latrines familiales pour mettre fin \u00e0 la d\u00e9f\u00e9cation \u00e0 l\u2019air libre, tel est l\u2019objectif <a  class=\"read-more\" href=\"https:\/\/ongadesco.org\/fr\/vivre-dans-un-environnement-saint-trois-cantons-de-la-prefecture-de-mo-sengagent\/?related_post_from=174\"> Lire la suite<\/a>    <\/p>\r\n                <\/div>\r\n                            <div class=\"item\">\r\n                    \r\n    <a class=\"title post_title\"  title=\"Rapprochement des services SSR aux jeunes et adolescents \u00e0 travers la clinique mobile\" href=\"https:\/\/ongadesco.org\/fr\/rapprochement-des-services-ssr-aux-jeunes-et-adolescents-a-travers-la-clinique-mobile\/?related_post_from=177\">\r\n                Rapprochement des services SSR aux jeunes et adolescents \u00e0 travers la clinique mobile    <\/a>\r\n\r\n    <div class=\"thumb post_thumb\">\r\n        <a  title=\"Rapprochement des services SSR aux jeunes et adolescents \u00e0 travers la clinique mobile\" href=\"https:\/\/ongadesco.org\/fr\/rapprochement-des-services-ssr-aux-jeunes-et-adolescents-a-travers-la-clinique-mobile\/?related_post_from=177\">\r\n\r\n            <img loading=\"lazy\" decoding=\"async\" width=\"150\" height=\"145\" src=\"https:\/\/ongadesco.org\/fr\/wp-content\/uploads\/2022\/12\/1-240x145-1-150x145-1.jpeg\" class=\"attachment-full size-full wp-post-image\" alt=\"\" \/>\r\n\r\n        <\/a>\r\n    <\/div>\r\n    <p class=\"excerpt post_excerpt\">\r\n        Gratuitement offerts aux jeunes et adolescents \u00e0 travers la clinique mobile de l\u2019ONG ADESCO, ces services sont entre autres la <a  class=\"read-more\" href=\"https:\/\/ongadesco.org\/fr\/rapprochement-des-services-ssr-aux-jeunes-et-adolescents-a-travers-la-clinique-mobile\/?related_post_from=177\"> Lire la suite<\/a>    <\/p>\r\n                <\/div>\r\n                            <div class=\"item\">\r\n                    \r\n    <a class=\"title post_title\"  title=\"Genre Transformateur et l\u2019Inclusion : 160 membres des r\u00e9seaux villageois de groupes d\u2019\u00e9pargne renforc\u00e9s dans la pr\u00e9fecture de Sotouboua\" href=\"https:\/\/ongadesco.org\/fr\/genre-transformateur-et-linclusion-160-membres-des-reseaux-villageois-de-groupes-depargne-renforces-dans-la-prefecture-de-sotouboua\/?related_post_from=180\">\r\n                Genre Transformateur et l\u2019Inclusion : 160 membres des r\u00e9seaux villageois de groupes d\u2019\u00e9pargne renforc\u00e9s dans la pr\u00e9fecture de Sotouboua    <\/a>\r\n\r\n    <div class=\"thumb post_thumb\">\r\n        <a  title=\"Genre Transformateur et l\u2019Inclusion : 160 membres des r\u00e9seaux villageois de groupes d\u2019\u00e9pargne renforc\u00e9s dans la pr\u00e9fecture de Sotouboua\" href=\"https:\/\/ongadesco.org\/fr\/genre-transformateur-et-linclusion-160-membres-des-reseaux-villageois-de-groupes-depargne-renforces-dans-la-prefecture-de-sotouboua\/?related_post_from=180\">\r\n\r\n            <img loading=\"lazy\" decoding=\"async\" width=\"150\" height=\"145\" src=\"https:\/\/ongadesco.org\/fr\/wp-content\/uploads\/2022\/12\/WhatsApp-Image-2022-02-23-at-15.42.55-1-240x145-1-150x145-1.jpeg\" class=\"attachment-full size-full wp-post-image\" alt=\"\" \/>\r\n\r\n        <\/a>\r\n    <\/div>\r\n    <p class=\"excerpt post_excerpt\">\r\n        A travers des questions-r\u00e9ponses, travaux de groupes, simulations\u2026, 160 membres de 80 r\u00e9seaux villageois de groupes d\u2019\u00e9pargne ont \u00e9t\u00e9 renforc\u00e9s <a  class=\"read-more\" href=\"https:\/\/ongadesco.org\/fr\/genre-transformateur-et-linclusion-160-membres-des-reseaux-villageois-de-groupes-depargne-renforces-dans-la-prefecture-de-sotouboua\/?related_post_from=180\"> Lire la suite<\/a>    <\/p>\r\n                <\/div>\r\n                            <div class=\"item\">\r\n                    \r\n    <a class=\"title post_title\"  title=\"POUR UNE MEILLEURE GESTION DE L\u2019HYGIENE MENSTRUELLE CHEZ LA FEMME ET LA JEUNE FILLE, 120 Encadreurs de clubs sont renforc\u00e9s\" href=\"https:\/\/ongadesco.org\/fr\/pour-une-meilleure-gestion-de-lhygiene-menstruelle-chez-la-femme-et-la-jeune-fille-120-encadreurs-de-clubs-sont-renforces\/?related_post_from=183\">\r\n                POUR UNE MEILLEURE GESTION DE L\u2019HYGIENE MENSTRUELLE CHEZ LA FEMME ET LA JEUNE FILLE, 120 Encadreurs de clubs sont renforc\u00e9s    <\/a>\r\n\r\n    <div class=\"thumb post_thumb\">\r\n        <a  title=\"POUR UNE MEILLEURE GESTION DE L\u2019HYGIENE MENSTRUELLE CHEZ LA FEMME ET LA JEUNE FILLE, 120 Encadreurs de clubs sont renforc\u00e9s\" href=\"https:\/\/ongadesco.org\/fr\/pour-une-meilleure-gestion-de-lhygiene-menstruelle-chez-la-femme-et-la-jeune-fille-120-encadreurs-de-clubs-sont-renforces\/?related_post_from=183\">\r\n\r\n            <img loading=\"lazy\" decoding=\"async\" width=\"150\" height=\"145\" src=\"https:\/\/ongadesco.org\/fr\/wp-content\/uploads\/2022\/12\/IMG_20220311_140847_8-6-240x145-1-150x145-1.jpg\" class=\"attachment-full size-full wp-post-image\" alt=\"\" \/>\r\n\r\n        <\/a>\r\n    <\/div>\r\n    <p class=\"excerpt post_excerpt\">\r\n        Ils sont au total 120 Enseignants identifi\u00e9s comme Encadreurs de clubs et les Points Focaux GHM (Gestion de l\u2019Hygi\u00e8ne Menstruelle) <a  class=\"read-more\" href=\"https:\/\/ongadesco.org\/fr\/pour-une-meilleure-gestion-de-lhygiene-menstruelle-chez-la-femme-et-la-jeune-fille-120-encadreurs-de-clubs-sont-renforces\/?related_post_from=183\"> Lire la suite<\/a>    <\/p>\r\n                <\/div>\r\n                            <div class=\"item\">\r\n                    \r\n    <a class=\"title post_title\"  title=\"Rapprochement des services SSR aux jeunes et adolescents \u00e0 travers la clinique mobile\" href=\"https:\/\/ongadesco.org\/fr\/rapprochement-des-services-ssr-aux-jeunes-et-adolescents-a-travers-la-clinique-mobile-2\/?related_post_from=186\">\r\n                Rapprochement des services SSR aux jeunes et adolescents \u00e0 travers la clinique mobile    <\/a>\r\n\r\n    <div class=\"thumb post_thumb\">\r\n        <a  title=\"Rapprochement des services SSR aux jeunes et adolescents \u00e0 travers la clinique mobile\" href=\"https:\/\/ongadesco.org\/fr\/rapprochement-des-services-ssr-aux-jeunes-et-adolescents-a-travers-la-clinique-mobile-2\/?related_post_from=186\">\r\n\r\n            <img loading=\"lazy\" decoding=\"async\" width=\"150\" height=\"145\" src=\"https:\/\/ongadesco.org\/fr\/wp-content\/uploads\/2022\/12\/DSC06707-240x145-1-150x145-1.jpg\" class=\"attachment-full size-full wp-post-image\" alt=\"\" \/>\r\n\r\n        <\/a>\r\n    <\/div>\r\n    <p class=\"excerpt post_excerpt\">\r\n        Apr\u00e8s la pr\u00e9fecture de Sotouboua, c\u2019est le tour de celle de M\u00f4 d\u2019accueillir la clinique mobile. Pour cette tourn\u00e9e de <a  class=\"read-more\" href=\"https:\/\/ongadesco.org\/fr\/rapprochement-des-services-ssr-aux-jeunes-et-adolescents-a-travers-la-clinique-mobile-2\/?related_post_from=186\"> Lire la suite<\/a>    <\/p>\r\n                <\/div>\r\n                            <div class=\"item\">\r\n                    \r\n    <a class=\"title post_title\"  title=\"60 Encadrants de clubs renforc\u00e9s sur les comp\u00e9tences de vie des Adolescents et Jeunes\" href=\"https:\/\/ongadesco.org\/fr\/60-encadrants-de-clubs-renforces-sur-les-competences-de-vie-des-adolescents-et-jeunes\/?related_post_from=192\">\r\n                60 Encadrants de clubs renforc\u00e9s sur les comp\u00e9tences de vie des Adolescents et Jeunes    <\/a>\r\n\r\n    <div class=\"thumb post_thumb\">\r\n        <a  title=\"60 Encadrants de clubs renforc\u00e9s sur les comp\u00e9tences de vie des Adolescents et Jeunes\" href=\"https:\/\/ongadesco.org\/fr\/60-encadrants-de-clubs-renforces-sur-les-competences-de-vie-des-adolescents-et-jeunes\/?related_post_from=192\">\r\n\r\n            <img loading=\"lazy\" decoding=\"async\" width=\"150\" height=\"150\" src=\"https:\/\/ongadesco.org\/fr\/wp-content\/uploads\/2022\/12\/Encadrants-clubs-150x150-1.jpeg\" class=\"attachment-full size-full wp-post-image\" alt=\"\" \/>\r\n\r\n        <\/a>\r\n    <\/div>\r\n    <p class=\"excerpt post_excerpt\">\r\n        Avec pour objectif sp\u00e9cifique de fournir aux encadrants des clubs des informations et des connaissances de base sur les comp\u00e9tences <a  class=\"read-more\" href=\"https:\/\/ongadesco.org\/fr\/60-encadrants-de-clubs-renforces-sur-les-competences-de-vie-des-adolescents-et-jeunes\/?related_post_from=192\"> Lire la suite<\/a>    <\/p>\r\n                <\/div>\r\n            \r\n    <\/div>\r\n\r\n    <script>\r\n            <\/script>\r\n    <style>\r\n        .related-post {}\r\n\r\n        .related-post .post-list {\r\n            text-align: left;\r\n                    }\r\n\r\n        .related-post .post-list .item {\r\n            margin: 10px;\r\n            padding: 0px;\r\n                    }\r\n\r\n        .related-post .headline {\r\n            font-size: 18px !important;\r\n            color: #999999 !important;\r\n                    }\r\n\r\n        .related-post .post-list .item .post_title {\r\n            font-size: 16px;\r\n            color: #dd3333;\r\n            margin: 10px 0px;\r\n            padding: 0px;\r\n            display: block;\r\n            text-decoration: none;\r\n                    }\r\n\r\n        .related-post .post-list .item .post_thumb {\r\n            max-height: 220px;\r\n            margin: 10px 0px;\r\n            padding: 0px;\r\n            display: block;\r\n                    }\r\n\r\n        .related-post .post-list .item .post_excerpt {\r\n            font-size: 13px;\r\n            color: #3f3f3f;\r\n            margin: 10px 0px;\r\n            padding: 0px;\r\n            display: block;\r\n            text-decoration: none;\r\n                    }\r\n\r\n        @media only screen and (min-width: 1024px) {\r\n            .related-post .post-list .item {\r\n                width: 45%;\r\n            }\r\n        }\r\n\r\n        @media only screen and (min-width: 768px) and (max-width: 1023px) {\r\n            .related-post .post-list .item {\r\n                width: 90%;\r\n            }\r\n        }\r\n\r\n        @media only screen and (min-width: 0px) and (max-width: 767px) {\r\n            .related-post .post-list .item {\r\n                width: 90%;\r\n            }\r\n        }\r\n\r\n            <\/style>\r\n        <\/div>\r\n","protected":false},"excerpt":{"rendered":"<p>Dans le cadre de la mise en \u0153uvre du projet \u00ab Renforcement de la protection des enfants et adolescents victimes ou \u00e0 risque de violences, y compris ceux en situation de rue \u00bb, financ\u00e9 par l\u2019UNICEF, ADESCO a conduit, du 14 au 17 avril 2026, une mission de suivi des b\u00e9n\u00e9ficiaires dans les pr\u00e9fectures de [&hellip;]<\/p>\n","protected":false},"author":4,"featured_media":1109,"comment_status":"open","ping_status":"open","sticky":false,"template":"","format":"standard","meta":{"footnotes":""},"categories":[6],"tags":[],"class_list":["post-1104","post","type-post","status-publish","format-standard","has-post-thumbnail","hentry","category-activites_realisees"],"yoast_head":"<!-- This site is optimized with the Yoast SEO plugin v19.14 - https:\/\/yoast.com\/wordpress\/plugins\/seo\/ -->\n<title>ADESCO renforce le suivi des enfants en situation de rue et victimes de traite, r\u00e9ins\u00e9r\u00e9s professionnelement et soutient en kits alimentaires les familles d\u2019accueil dans la R\u00e9gion Centrale - ONG Adesco<\/title>\n<meta name=\"robots\" content=\"index, follow, max-snippet:-1, max-image-preview:large, max-video-preview:-1\" \/>\n<link rel=\"canonical\" href=\"https:\/\/ongadesco.org\/fr\/adesco-renforce-le-suivi-des-enfants-en-situation-de-rue-et-victimes-de-traite-reinseres-et-soutient-en-kits-alimentaires-les-familles-daccueil-dans-la-region-centrale\/\" \/>\n<meta property=\"og:locale\" content=\"fr_FR\" \/>\n<meta property=\"og:type\" content=\"article\" \/>\n<meta property=\"og:title\" content=\"ADESCO renforce le suivi des enfants en situation de rue et victimes de traite, r\u00e9ins\u00e9r\u00e9s professionnelement et soutient en kits alimentaires les familles d\u2019accueil dans la R\u00e9gion Centrale - ONG Adesco\" \/>\n<meta property=\"og:description\" content=\"Dans le cadre de la mise en \u0153uvre du projet \u00ab Renforcement de la protection des enfants et adolescents victimes ou \u00e0 risque de violences, y compris ceux en situation de rue \u00bb, financ\u00e9 par l\u2019UNICEF, ADESCO a conduit, du 14 au 17 avril 2026, une mission de suivi des b\u00e9n\u00e9ficiaires dans les pr\u00e9fectures de [&hellip;]\" \/>\n<meta property=\"og:url\" content=\"https:\/\/ongadesco.org\/fr\/adesco-renforce-le-suivi-des-enfants-en-situation-de-rue-et-victimes-de-traite-reinseres-et-soutient-en-kits-alimentaires-les-familles-daccueil-dans-la-region-centrale\/\" \/>\n<meta property=\"og:site_name\" content=\"ONG Adesco\" \/>\n<meta property=\"article:publisher\" content=\"https:\/\/facebook.com\/adescosantedeveloppement\" \/>\n<meta property=\"article:published_time\" content=\"2026-04-23T11:04:08+00:00\" \/>\n<meta property=\"article:modified_time\" content=\"2026-04-24T08:25:03+00:00\" \/>\n<meta property=\"og:image\" content=\"https:\/\/ongadesco.org\/fr\/wp-content\/uploads\/2026\/04\/IMG_20260415_094153_724d-scaled.jpg\" \/>\n\t<meta property=\"og:image:width\" content=\"2560\" \/>\n\t<meta property=\"og:image:height\" content=\"1777\" \/>\n\t<meta property=\"og:image:type\" content=\"image\/jpeg\" \/>\n<meta name=\"author\" content=\"afitz patrick\" \/>\n<meta name=\"twitter:card\" content=\"summary_large_image\" \/>\n<meta name=\"twitter:creator\" content=\"@ongadesco\" \/>\n<meta name=\"twitter:site\" content=\"@ongadesco\" \/>\n<meta name=\"twitter:label1\" content=\"\u00c9crit par\" \/>\n\t<meta name=\"twitter:data1\" content=\"afitz patrick\" \/>\n\t<meta name=\"twitter:label2\" content=\"Dur\u00e9e de lecture estim\u00e9e\" \/>\n\t<meta name=\"twitter:data2\" content=\"4 minutes\" \/>\n<script type=\"application\/ld+json\" class=\"yoast-schema-graph\">{\"@context\":\"https:\/\/schema.org\",\"@graph\":[{\"@type\":\"Article\",\"@id\":\"https:\/\/ongadesco.org\/fr\/adesco-renforce-le-suivi-des-enfants-en-situation-de-rue-et-victimes-de-traite-reinseres-et-soutient-en-kits-alimentaires-les-familles-daccueil-dans-la-region-centrale\/#article\",\"isPartOf\":{\"@id\":\"https:\/\/ongadesco.org\/fr\/adesco-renforce-le-suivi-des-enfants-en-situation-de-rue-et-victimes-de-traite-reinseres-et-soutient-en-kits-alimentaires-les-familles-daccueil-dans-la-region-centrale\/\"},\"author\":{\"name\":\"afitz patrick\",\"@id\":\"https:\/\/ongadesco.org\/fr\/#\/schema\/person\/17abd2bdd04f4dfea0adadcac83076ca\"},\"headline\":\"ADESCO renforce le suivi des enfants en situation de rue et victimes de traite, r\u00e9ins\u00e9r\u00e9s professionnelement et soutient en kits alimentaires les familles d\u2019accueil dans la R\u00e9gion Centrale\",\"datePublished\":\"2026-04-23T11:04:08+00:00\",\"dateModified\":\"2026-04-24T08:25:03+00:00\",\"mainEntityOfPage\":{\"@id\":\"https:\/\/ongadesco.org\/fr\/adesco-renforce-le-suivi-des-enfants-en-situation-de-rue-et-victimes-de-traite-reinseres-et-soutient-en-kits-alimentaires-les-familles-daccueil-dans-la-region-centrale\/\"},\"wordCount\":571,\"commentCount\":0,\"publisher\":{\"@id\":\"https:\/\/ongadesco.org\/fr\/#organization\"},\"articleSection\":[\"activit\u00e9s r\u00e9alis\u00e9es\"],\"inLanguage\":\"fr-FR\",\"potentialAction\":[{\"@type\":\"CommentAction\",\"name\":\"Comment\",\"target\":[\"https:\/\/ongadesco.org\/fr\/adesco-renforce-le-suivi-des-enfants-en-situation-de-rue-et-victimes-de-traite-reinseres-et-soutient-en-kits-alimentaires-les-familles-daccueil-dans-la-region-centrale\/#respond\"]}]},{\"@type\":\"WebPage\",\"@id\":\"https:\/\/ongadesco.org\/fr\/adesco-renforce-le-suivi-des-enfants-en-situation-de-rue-et-victimes-de-traite-reinseres-et-soutient-en-kits-alimentaires-les-familles-daccueil-dans-la-region-centrale\/\",\"url\":\"https:\/\/ongadesco.org\/fr\/adesco-renforce-le-suivi-des-enfants-en-situation-de-rue-et-victimes-de-traite-reinseres-et-soutient-en-kits-alimentaires-les-familles-daccueil-dans-la-region-centrale\/\",\"name\":\"ADESCO renforce le suivi des enfants en situation de rue et victimes de traite, r\u00e9ins\u00e9r\u00e9s professionnelement et soutient en kits alimentaires les familles d\u2019accueil dans la R\u00e9gion Centrale - ONG Adesco\",\"isPartOf\":{\"@id\":\"https:\/\/ongadesco.org\/fr\/#website\"},\"datePublished\":\"2026-04-23T11:04:08+00:00\",\"dateModified\":\"2026-04-24T08:25:03+00:00\",\"breadcrumb\":{\"@id\":\"https:\/\/ongadesco.org\/fr\/adesco-renforce-le-suivi-des-enfants-en-situation-de-rue-et-victimes-de-traite-reinseres-et-soutient-en-kits-alimentaires-les-familles-daccueil-dans-la-region-centrale\/#breadcrumb\"},\"inLanguage\":\"fr-FR\",\"potentialAction\":[{\"@type\":\"ReadAction\",\"target\":[\"https:\/\/ongadesco.org\/fr\/adesco-renforce-le-suivi-des-enfants-en-situation-de-rue-et-victimes-de-traite-reinseres-et-soutient-en-kits-alimentaires-les-familles-daccueil-dans-la-region-centrale\/\"]}]},{\"@type\":\"BreadcrumbList\",\"@id\":\"https:\/\/ongadesco.org\/fr\/adesco-renforce-le-suivi-des-enfants-en-situation-de-rue-et-victimes-de-traite-reinseres-et-soutient-en-kits-alimentaires-les-familles-daccueil-dans-la-region-centrale\/#breadcrumb\",\"itemListElement\":[{\"@type\":\"ListItem\",\"position\":1,\"name\":\"Accueil\",\"item\":\"https:\/\/ongadesco.org\/fr\/\"},{\"@type\":\"ListItem\",\"position\":2,\"name\":\"ADESCO renforce le suivi des enfants en situation de rue et victimes de traite, r\u00e9ins\u00e9r\u00e9s professionnelement et soutient en kits alimentaires les familles d\u2019accueil dans la R\u00e9gion Centrale\"}]},{\"@type\":\"WebSite\",\"@id\":\"https:\/\/ongadesco.org\/fr\/#website\",\"url\":\"https:\/\/ongadesco.org\/fr\/\",\"name\":\"ONG Adesco\",\"description\":\"\",\"publisher\":{\"@id\":\"https:\/\/ongadesco.org\/fr\/#organization\"},\"potentialAction\":[{\"@type\":\"SearchAction\",\"target\":{\"@type\":\"EntryPoint\",\"urlTemplate\":\"https:\/\/ongadesco.org\/fr\/?s={search_term_string}\"},\"query-input\":\"required name=search_term_string\"}],\"inLanguage\":\"fr-FR\"},{\"@type\":\"Organization\",\"@id\":\"https:\/\/ongadesco.org\/fr\/#organization\",\"name\":\"ONG Adesco\",\"url\":\"https:\/\/ongadesco.org\/fr\/\",\"logo\":{\"@type\":\"ImageObject\",\"inLanguage\":\"fr-FR\",\"@id\":\"https:\/\/ongadesco.org\/fr\/#\/schema\/logo\/image\/\",\"url\":\"https:\/\/ongadesco.org\/fr\/wp-content\/uploads\/2022\/12\/logo2.png\",\"contentUrl\":\"https:\/\/ongadesco.org\/fr\/wp-content\/uploads\/2022\/12\/logo2.png\",\"width\":134,\"height\":45,\"caption\":\"ONG Adesco\"},\"image\":{\"@id\":\"https:\/\/ongadesco.org\/fr\/#\/schema\/logo\/image\/\"},\"sameAs\":[\"https:\/\/web.whatsapp.com\/\",\"https:\/\/whatsapp.com\/\",\"https:\/\/facebook.com\/adescosantedeveloppement\",\"https:\/\/twitter.com\/ongadesco\"]},{\"@type\":\"Person\",\"@id\":\"https:\/\/ongadesco.org\/fr\/#\/schema\/person\/17abd2bdd04f4dfea0adadcac83076ca\",\"name\":\"afitz patrick\",\"image\":{\"@type\":\"ImageObject\",\"inLanguage\":\"fr-FR\",\"@id\":\"https:\/\/ongadesco.org\/fr\/#\/schema\/person\/image\/\",\"url\":\"https:\/\/secure.gravatar.com\/avatar\/9bd5e1cde16d6be84ea838abda8b465c992300074f3427e61dbfd295cefded1b?s=96&d=mm&r=g\",\"contentUrl\":\"https:\/\/secure.gravatar.com\/avatar\/9bd5e1cde16d6be84ea838abda8b465c992300074f3427e61dbfd295cefded1b?s=96&d=mm&r=g\",\"caption\":\"afitz patrick\"},\"url\":\"https:\/\/ongadesco.org\/fr\/author\/patrickafitz\/\"}]}<\/script>\n<!-- \/ Yoast SEO plugin. -->","yoast_head_json":{"title":"ADESCO renforce le suivi des enfants en situation de rue et victimes de traite, r\u00e9ins\u00e9r\u00e9s professionnelement et soutient en kits alimentaires les familles d\u2019accueil dans la R\u00e9gion Centrale - ONG Adesco","robots":{"index":"index","follow":"follow","max-snippet":"max-snippet:-1","max-image-preview":"max-image-preview:large","max-video-preview":"max-video-preview:-1"},"canonical":"https:\/\/ongadesco.org\/fr\/adesco-renforce-le-suivi-des-enfants-en-situation-de-rue-et-victimes-de-traite-reinseres-et-soutient-en-kits-alimentaires-les-familles-daccueil-dans-la-region-centrale\/","og_locale":"fr_FR","og_type":"article","og_title":"ADESCO renforce le suivi des enfants en situation de rue et victimes de traite, r\u00e9ins\u00e9r\u00e9s professionnelement et soutient en kits alimentaires les familles d\u2019accueil dans la R\u00e9gion Centrale - ONG Adesco","og_description":"Dans le cadre de la mise en \u0153uvre du projet \u00ab Renforcement de la protection des enfants et adolescents victimes ou \u00e0 risque de violences, y compris ceux en situation de rue \u00bb, financ\u00e9 par l\u2019UNICEF, ADESCO a conduit, du 14 au 17 avril 2026, une mission de suivi des b\u00e9n\u00e9ficiaires dans les pr\u00e9fectures de [&hellip;]","og_url":"https:\/\/ongadesco.org\/fr\/adesco-renforce-le-suivi-des-enfants-en-situation-de-rue-et-victimes-de-traite-reinseres-et-soutient-en-kits-alimentaires-les-familles-daccueil-dans-la-region-centrale\/","og_site_name":"ONG Adesco","article_publisher":"https:\/\/facebook.com\/adescosantedeveloppement","article_published_time":"2026-04-23T11:04:08+00:00","article_modified_time":"2026-04-24T08:25:03+00:00","og_image":[{"width":2560,"height":1777,"url":"https:\/\/ongadesco.org\/fr\/wp-content\/uploads\/2026\/04\/IMG_20260415_094153_724d-scaled.jpg","type":"image\/jpeg"}],"author":"afitz patrick","twitter_card":"summary_large_image","twitter_creator":"@ongadesco","twitter_site":"@ongadesco","twitter_misc":{"\u00c9crit par":"afitz patrick","Dur\u00e9e de lecture estim\u00e9e":"4 minutes"},"schema":{"@context":"https:\/\/schema.org","@graph":[{"@type":"Article","@id":"https:\/\/ongadesco.org\/fr\/adesco-renforce-le-suivi-des-enfants-en-situation-de-rue-et-victimes-de-traite-reinseres-et-soutient-en-kits-alimentaires-les-familles-daccueil-dans-la-region-centrale\/#article","isPartOf":{"@id":"https:\/\/ongadesco.org\/fr\/adesco-renforce-le-suivi-des-enfants-en-situation-de-rue-et-victimes-de-traite-reinseres-et-soutient-en-kits-alimentaires-les-familles-daccueil-dans-la-region-centrale\/"},"author":{"name":"afitz patrick","@id":"https:\/\/ongadesco.org\/fr\/#\/schema\/person\/17abd2bdd04f4dfea0adadcac83076ca"},"headline":"ADESCO renforce le suivi des enfants en situation de rue et victimes de traite, r\u00e9ins\u00e9r\u00e9s professionnelement et soutient en kits alimentaires les familles d\u2019accueil dans la R\u00e9gion Centrale","datePublished":"2026-04-23T11:04:08+00:00","dateModified":"2026-04-24T08:25:03+00:00","mainEntityOfPage":{"@id":"https:\/\/ongadesco.org\/fr\/adesco-renforce-le-suivi-des-enfants-en-situation-de-rue-et-victimes-de-traite-reinseres-et-soutient-en-kits-alimentaires-les-familles-daccueil-dans-la-region-centrale\/"},"wordCount":571,"commentCount":0,"publisher":{"@id":"https:\/\/ongadesco.org\/fr\/#organization"},"articleSection":["activit\u00e9s r\u00e9alis\u00e9es"],"inLanguage":"fr-FR","potentialAction":[{"@type":"CommentAction","name":"Comment","target":["https:\/\/ongadesco.org\/fr\/adesco-renforce-le-suivi-des-enfants-en-situation-de-rue-et-victimes-de-traite-reinseres-et-soutient-en-kits-alimentaires-les-familles-daccueil-dans-la-region-centrale\/#respond"]}]},{"@type":"WebPage","@id":"https:\/\/ongadesco.org\/fr\/adesco-renforce-le-suivi-des-enfants-en-situation-de-rue-et-victimes-de-traite-reinseres-et-soutient-en-kits-alimentaires-les-familles-daccueil-dans-la-region-centrale\/","url":"https:\/\/ongadesco.org\/fr\/adesco-renforce-le-suivi-des-enfants-en-situation-de-rue-et-victimes-de-traite-reinseres-et-soutient-en-kits-alimentaires-les-familles-daccueil-dans-la-region-centrale\/","name":"ADESCO renforce le suivi des enfants en situation de rue et victimes de traite, r\u00e9ins\u00e9r\u00e9s professionnelement et soutient en kits alimentaires les familles d\u2019accueil dans la R\u00e9gion Centrale - ONG Adesco","isPartOf":{"@id":"https:\/\/ongadesco.org\/fr\/#website"},"datePublished":"2026-04-23T11:04:08+00:00","dateModified":"2026-04-24T08:25:03+00:00","breadcrumb":{"@id":"https:\/\/ongadesco.org\/fr\/adesco-renforce-le-suivi-des-enfants-en-situation-de-rue-et-victimes-de-traite-reinseres-et-soutient-en-kits-alimentaires-les-familles-daccueil-dans-la-region-centrale\/#breadcrumb"},"inLanguage":"fr-FR","potentialAction":[{"@type":"ReadAction","target":["https:\/\/ongadesco.org\/fr\/adesco-renforce-le-suivi-des-enfants-en-situation-de-rue-et-victimes-de-traite-reinseres-et-soutient-en-kits-alimentaires-les-familles-daccueil-dans-la-region-centrale\/"]}]},{"@type":"BreadcrumbList","@id":"https:\/\/ongadesco.org\/fr\/adesco-renforce-le-suivi-des-enfants-en-situation-de-rue-et-victimes-de-traite-reinseres-et-soutient-en-kits-alimentaires-les-familles-daccueil-dans-la-region-centrale\/#breadcrumb","itemListElement":[{"@type":"ListItem","position":1,"name":"Accueil","item":"https:\/\/ongadesco.org\/fr\/"},{"@type":"ListItem","position":2,"name":"ADESCO renforce le suivi des enfants en situation de rue et victimes de traite, r\u00e9ins\u00e9r\u00e9s professionnelement et soutient en kits alimentaires les familles d\u2019accueil dans la R\u00e9gion Centrale"}]},{"@type":"WebSite","@id":"https:\/\/ongadesco.org\/fr\/#website","url":"https:\/\/ongadesco.org\/fr\/","name":"ONG Adesco","description":"","publisher":{"@id":"https:\/\/ongadesco.org\/fr\/#organization"},"potentialAction":[{"@type":"SearchAction","target":{"@type":"EntryPoint","urlTemplate":"https:\/\/ongadesco.org\/fr\/?s={search_term_string}"},"query-input":"required name=search_term_string"}],"inLanguage":"fr-FR"},{"@type":"Organization","@id":"https:\/\/ongadesco.org\/fr\/#organization","name":"ONG Adesco","url":"https:\/\/ongadesco.org\/fr\/","logo":{"@type":"ImageObject","inLanguage":"fr-FR","@id":"https:\/\/ongadesco.org\/fr\/#\/schema\/logo\/image\/","url":"https:\/\/ongadesco.org\/fr\/wp-content\/uploads\/2022\/12\/logo2.png","contentUrl":"https:\/\/ongadesco.org\/fr\/wp-content\/uploads\/2022\/12\/logo2.png","width":134,"height":45,"caption":"ONG Adesco"},"image":{"@id":"https:\/\/ongadesco.org\/fr\/#\/schema\/logo\/image\/"},"sameAs":["https:\/\/web.whatsapp.com\/","https:\/\/whatsapp.com\/","https:\/\/facebook.com\/adescosantedeveloppement","https:\/\/twitter.com\/ongadesco"]},{"@type":"Person","@id":"https:\/\/ongadesco.org\/fr\/#\/schema\/person\/17abd2bdd04f4dfea0adadcac83076ca","name":"afitz patrick","image":{"@type":"ImageObject","inLanguage":"fr-FR","@id":"https:\/\/ongadesco.org\/fr\/#\/schema\/person\/image\/","url":"https:\/\/secure.gravatar.com\/avatar\/9bd5e1cde16d6be84ea838abda8b465c992300074f3427e61dbfd295cefded1b?s=96&d=mm&r=g","contentUrl":"https:\/\/secure.gravatar.com\/avatar\/9bd5e1cde16d6be84ea838abda8b465c992300074f3427e61dbfd295cefded1b?s=96&d=mm&r=g","caption":"afitz patrick"},"url":"https:\/\/ongadesco.org\/fr\/author\/patrickafitz\/"}]}},"_links":{"self":[{"href":"https:\/\/ongadesco.org\/fr\/wp-json\/wp\/v2\/posts\/1104","targetHints":{"allow":["GET"]}}],"collection":[{"href":"https:\/\/ongadesco.org\/fr\/wp-json\/wp\/v2\/posts"}],"about":[{"href":"https:\/\/ongadesco.org\/fr\/wp-json\/wp\/v2\/types\/post"}],"author":[{"embeddable":true,"href":"https:\/\/ongadesco.org\/fr\/wp-json\/wp\/v2\/users\/4"}],"replies":[{"embeddable":true,"href":"https:\/\/ongadesco.org\/fr\/wp-json\/wp\/v2\/comments?post=1104"}],"version-history":[{"count":4,"href":"https:\/\/ongadesco.org\/fr\/wp-json\/wp\/v2\/posts\/1104\/revisions"}],"predecessor-version":[{"id":1115,"href":"https:\/\/ongadesco.org\/fr\/wp-json\/wp\/v2\/posts\/1104\/revisions\/1115"}],"wp:featuredmedia":[{"embeddable":true,"href":"https:\/\/ongadesco.org\/fr\/wp-json\/wp\/v2\/media\/1109"}],"wp:attachment":[{"href":"https:\/\/ongadesco.org\/fr\/wp-json\/wp\/v2\/media?parent=1104"}],"wp:term":[{"taxonomy":"category","embeddable":true,"href":"https:\/\/ongadesco.org\/fr\/wp-json\/wp\/v2\/categories?post=1104"},{"taxonomy":"post_tag","embeddable":true,"href":"https:\/\/ongadesco.org\/fr\/wp-json\/wp\/v2\/tags?post=1104"}],"curies":[{"name":"wp","href":"https:\/\/api.w.org\/{rel}","templated":true}]}}