{"id":186,"date":"2022-12-15T11:18:17","date_gmt":"2022-12-15T10:18:17","guid":{"rendered":"https:\/\/ongadesco.org\/fr\/?p=186"},"modified":"2022-12-15T11:18:17","modified_gmt":"2022-12-15T10:18:17","slug":"rapprochement-des-services-ssr-aux-jeunes-et-adolescents-a-travers-la-clinique-mobile-2","status":"publish","type":"post","link":"https:\/\/ongadesco.org\/fr\/rapprochement-des-services-ssr-aux-jeunes-et-adolescents-a-travers-la-clinique-mobile-2\/","title":{"rendered":"Rapprochement des services SSR aux jeunes et adolescents \u00e0 travers la clinique mobile"},"content":{"rendered":"\n<p><strong>Apr\u00e8s la pr\u00e9fecture de Sotouboua, c\u2019est le tour de celle de M\u00f4 d\u2019accueillir la clinique mobile. Pour cette tourn\u00e9e de la <a href=\"https:\/\/www.facebook.com\/adescosantedeveloppement\">clinique<\/a> mobile, les activit\u00e9s se sont d\u00e9roul\u00e9es du&nbsp; 07 au 12 mars 2022. Elle a couvert les villages de Nabou, Solid\u00e8, Kagna pour l\u2019offre des services SSR notamment les sensibilisations et le d\u00e9pistage du VIH\/Sida, l\u2019adoption des m\u00e9thodes contraceptives pour les jeunes et la prise en charges des Infections Sexuellement Transmissibles (IST) par l\u2019\u00e9quipe de la clinique mobile.<\/strong><\/p>\n\n\n<div class=\"wp-block-image wp-image-3511 size-medium\">\n<figure class=\"alignright\"><img decoding=\"async\" src=\"https:\/\/ongadesco.org\/wp-content\/uploads\/2022\/03\/DSC06712-300x227.jpg\" alt=\"\" class=\"wp-image-3511\"\/><figcaption class=\"wp-element-caption\"><em><strong>Pr\u00e9l\u00e8vement chez une adolescente pour le test d\u00e9pistage<\/strong><\/em><\/figcaption><\/figure>\n<\/div>\n\n\n<p>L\u2019activit\u00e9 s\u2019est d\u00e9roul\u00e9e avec l\u2019appui des prestataires (Sage-Femme, Accoucheuse) de la zone cible par des sensibilisations sur les IST\/VIH\/Sida, les conseils, d\u00e9pistage du VIH, la prise en charge des IST et la planification familiale \u00e0 l\u2019endroit des adolescents(s-es), jeunes et des parents. Plusieurs autres th\u00e8mes ont \u00e9t\u00e9 \u00e9galement abord\u00e9s tel que l\u2019importance de la scolarisation des enfants et en particulier de la jeune fille due au constat dans certains villages o\u00f9 plusieurs adolescent(s-es) sont \u00e0 la maison aux heures de l\u2019\u00e9cole.<\/p>\n\n\n\n<p>Cette sortie de la clinique mobile est un grand soulagement pour les b\u00e9n\u00e9ficiaires qui n\u2019ont pas manqu\u00e9 d\u2019exprimer leur satisfaction \u00e0 travers ces propos recueillis&nbsp;:<\/p>\n\n\n\n<p>\u00ab <em>J\u2019ai abandonn\u00e9 les classes en 5<sup>\u00e8me<\/sup> et je me suis inscrite pour apprendre la coiffure. Quand j\u2019ai eu les informations sur l\u2019arriv\u00e9e de la clinique mobile dans notre village, j\u2019ai profit\u00e9 de l\u2019occasion pour adopter une m\u00e9thode contraceptive pour ne pas tomber enceinte &nbsp;et pouvoir continuer mon apprentissage tranquillement. Je dis merci pour l\u2019arriv\u00e9e de la clinique mobile chez nous&nbsp;<\/em>\u00bb, d\u00e9claration d\u2019un Jeune apprenti coiffeuse \u00e0 Solid\u00e8, \u00e2g\u00e9e de 18 ans.<\/p>\n\n\n\n<p>\u00ab&nbsp;<em>Par peur de me faire piquer, je ne m\u2019approche pas des services de sant\u00e9 et avec la venue de la clinique mobile, quand j\u2019ai vu mes camarades s\u2019approcher et faire leur test de d\u00e9pistage, cela m\u2019a interpell\u00e9 et je suis venu pour faire mon test. Heureusement le r\u00e9sultat est n\u00e9gatif et je suis tr\u00e8s satisfait du service. Je remercie les donateurs et l\u2019ONG ADESCO<\/em>&nbsp;\u00bb, propos d\u2019un \u00e9l\u00e8ve \u00e2g\u00e9 de 19 ans au Lyc\u00e9e Kagningbara, \u00e0 Kagna.<\/p>\n\n\n\n<p>Cette tourn\u00e9e a permis de toucher 302 adolescent(s-es) et jeunes pour les sensibilisations, 192 ont \u00e9t\u00e9 pris en charge apr\u00e8s d\u00e9pistage et 45 parmi eux ont \u00e9t\u00e9 consult\u00e9s pour diverses pathologies.<\/p>\n\n\n\n<p>Faut \u2019il sp\u00e9cifier que cette activit\u00e9 s\u2019inscrit dans le processus de mise en \u0153uvre du projet \u00ab <em>Renforcement de l\u2019acc\u00e8s au droit &nbsp;\u00e0 la sant\u00e9 sexuelle et reproductive des jeunes filles et adolescentes des pr\u00e9fectures de Sotouboua et de M\u00f4 au Togo<\/em>\u00bb financ\u00e9 \u00e0 75% par BMZ et \u00e0 25% par Plan International Allemagne. Mis en \u0153uvre en partenariat avec les ONGs RADAR et ADESCO, avec la participation des services techniques de l\u2019Etat et des communaut\u00e9s des pr\u00e9fectures (Sotouboua et M\u00f4) b\u00e9n\u00e9ficiaires, il a une dur\u00e9e de trois (03) ans (du 15 d\u00e9cembre 2020 au 14 d\u00e9cembre 2023).<\/p>\n    <div class=\"related-post grid\">\r\n                <div class=\"headline\">Publications similaires<\/div>\r\n        <div class=\"post-list \">\r\n\r\n                        <div class=\"item\">\r\n                    \r\n    <a class=\"title post_title\"  title=\"CELEBRATION DE LA JOURNEE MONDIALE DU SIDA : Distribution des pr\u00e9servatifs \u00e0 Sokod\u00e9 par l\u2019ONG ADESCO\" href=\"https:\/\/ongadesco.org\/fr\/celebration-de-la-journee-mondiale-du-sida-distribution-des-preservatifs-a-sokode-par-long-adesco\/?related_post_from=162\">\r\n                CELEBRATION DE LA JOURNEE MONDIALE DU SIDA : Distribution des pr\u00e9servatifs \u00e0 Sokod\u00e9 par l\u2019ONG ADESCO    <\/a>\r\n\r\n    <div class=\"thumb post_thumb\">\r\n        <a  title=\"CELEBRATION DE LA JOURNEE MONDIALE DU SIDA : Distribution des pr\u00e9servatifs \u00e0 Sokod\u00e9 par l\u2019ONG ADESCO\" href=\"https:\/\/ongadesco.org\/fr\/celebration-de-la-journee-mondiale-du-sida-distribution-des-preservatifs-a-sokode-par-long-adesco\/?related_post_from=162\">\r\n\r\n            <img loading=\"lazy\" decoding=\"async\" width=\"150\" height=\"150\" src=\"https:\/\/ongadesco.org\/fr\/wp-content\/uploads\/2022\/12\/WhatsApp-Image-2022-07-23-at-09.10.29-1-150x150-1.jpeg\" class=\"attachment-full size-full wp-post-image\" alt=\"\" \/>\r\n\r\n        <\/a>\r\n    <\/div>\r\n    <p class=\"excerpt post_excerpt\">\r\n        A l\u2019occasion de la c\u00e9l\u00e9bration de la journ\u00e9e mondiale du SIDA le 1er&nbsp;d\u00e9cembre 2021, l\u2019ONG&nbsp;ADESCO&nbsp;en collaboration avec la plateforme nationale <a  class=\"read-more\" href=\"https:\/\/ongadesco.org\/fr\/celebration-de-la-journee-mondiale-du-sida-distribution-des-preservatifs-a-sokode-par-long-adesco\/?related_post_from=162\"> Lire la suite<\/a>    <\/p>\r\n                <\/div>\r\n                            <div class=\"item\">\r\n                    \r\n    <a class=\"title post_title\"  title=\"SANTE-TRANSFORMATION-APPRENTISSAGE : Suivi des activit\u00e9s du projet STARS \u00e0 Dankpen par le staff de l\u2019ONG ADESCO\" href=\"https:\/\/ongadesco.org\/fr\/sante-transformation-apprentissage-suivi-des-activites-du-projet-stars-a-dankpen-par-le-staff-de-long-adesco\/?related_post_from=165\">\r\n                SANTE-TRANSFORMATION-APPRENTISSAGE : Suivi des activit\u00e9s du projet STARS \u00e0 Dankpen par le staff de l\u2019ONG ADESCO    <\/a>\r\n\r\n    <div class=\"thumb post_thumb\">\r\n        <a  title=\"SANTE-TRANSFORMATION-APPRENTISSAGE : Suivi des activit\u00e9s du projet STARS \u00e0 Dankpen par le staff de l\u2019ONG ADESCO\" href=\"https:\/\/ongadesco.org\/fr\/sante-transformation-apprentissage-suivi-des-activites-du-projet-stars-a-dankpen-par-le-staff-de-long-adesco\/?related_post_from=165\">\r\n\r\n            <img loading=\"lazy\" decoding=\"async\" width=\"150\" height=\"145\" src=\"https:\/\/ongadesco.org\/fr\/wp-content\/uploads\/2022\/12\/WhatsApp-Image-2021-12-22-at-16.25.11-240x145-1-150x145-1.jpeg\" class=\"attachment-full size-full wp-post-image\" alt=\"\" \/>\r\n\r\n        <\/a>\r\n    <\/div>\r\n    <p class=\"excerpt post_excerpt\">\r\n        Les activit\u00e9s pr\u00e9vues sur le volet \u00e9cole int\u00e9gr\u00e9 du projet Sant\u00e9, Transformation, Apprentissage pour une R\u00e9ussite Scolaire (STARS) incluent entre <a  class=\"read-more\" href=\"https:\/\/ongadesco.org\/fr\/sante-transformation-apprentissage-suivi-des-activites-du-projet-stars-a-dankpen-par-le-staff-de-long-adesco\/?related_post_from=165\"> Lire la suite<\/a>    <\/p>\r\n                <\/div>\r\n                            <div class=\"item\">\r\n                    \r\n    <a class=\"title post_title\"  title=\"SANTE ET NUTRITION : Histoires de succ\u00e8s : CRS et ses partenaires accompagnent les \u00e9coles \u00e0 cantines scolaires STARS dans la r\u00e9alisation des Champs communautaires\" href=\"https:\/\/ongadesco.org\/fr\/sante-et-nutrition-histoires-de-succes-crs-et-ses-partenaires-accompagnent-les-ecoles-a-cantines-scolaires-stars-dans-la-realisation-des-champs-communautaires\/?related_post_from=168\">\r\n                SANTE ET NUTRITION : Histoires de succ\u00e8s : CRS et ses partenaires accompagnent les \u00e9coles \u00e0 cantines scolaires STARS dans la r\u00e9alisation des Champs communautaires    <\/a>\r\n\r\n    <div class=\"thumb post_thumb\">\r\n        <a  title=\"SANTE ET NUTRITION : Histoires de succ\u00e8s : CRS et ses partenaires accompagnent les \u00e9coles \u00e0 cantines scolaires STARS dans la r\u00e9alisation des Champs communautaires\" href=\"https:\/\/ongadesco.org\/fr\/sante-et-nutrition-histoires-de-succes-crs-et-ses-partenaires-accompagnent-les-ecoles-a-cantines-scolaires-stars-dans-la-realisation-des-champs-communautaires\/?related_post_from=168\">\r\n\r\n            <img loading=\"lazy\" decoding=\"async\" width=\"150\" height=\"150\" src=\"https:\/\/ongadesco.org\/fr\/wp-content\/uploads\/2022\/12\/QD-150x150-1.jpg\" class=\"attachment-full size-full wp-post-image\" alt=\"\" \/>\r\n\r\n        <\/a>\r\n    <\/div>\r\n    <p class=\"excerpt post_excerpt\">\r\n        Catholic Relief Services (CRS) a re\u00e7u un financement de la part du d\u00e9partement des USA en charge de l\u2019agriculture (USDA) <a  class=\"read-more\" href=\"https:\/\/ongadesco.org\/fr\/sante-et-nutrition-histoires-de-succes-crs-et-ses-partenaires-accompagnent-les-ecoles-a-cantines-scolaires-stars-dans-la-realisation-des-champs-communautaires\/?related_post_from=168\"> Lire la suite<\/a>    <\/p>\r\n                <\/div>\r\n                            <div class=\"item\">\r\n                    \r\n    <a class=\"title post_title\"  title=\"Apport du CMS Bon-Secours de l\u2019ONG ADESCO dans la pr\u00e9vention et le traitement des maladies non transmissibles\" href=\"https:\/\/ongadesco.org\/fr\/apport-du-cms-bon-secours-de-long-adesco-dans-la-prevention-et-le-traitement-des-maladies-non-transmissibles\/?related_post_from=171\">\r\n                Apport du CMS Bon-Secours de l\u2019ONG ADESCO dans la pr\u00e9vention et le traitement des maladies non transmissibles    <\/a>\r\n\r\n    <div class=\"thumb post_thumb\">\r\n        <a  title=\"Apport du CMS Bon-Secours de l\u2019ONG ADESCO dans la pr\u00e9vention et le traitement des maladies non transmissibles\" href=\"https:\/\/ongadesco.org\/fr\/apport-du-cms-bon-secours-de-long-adesco-dans-la-prevention-et-le-traitement-des-maladies-non-transmissibles\/?related_post_from=171\">\r\n\r\n            <img loading=\"lazy\" decoding=\"async\" width=\"150\" height=\"150\" src=\"https:\/\/ongadesco.org\/fr\/wp-content\/uploads\/2022\/12\/IMG_20220112_082427_5-150x150-1.jpg\" class=\"attachment-full size-full wp-post-image\" alt=\"\" \/>\r\n\r\n        <\/a>\r\n    <\/div>\r\n    <p class=\"excerpt post_excerpt\">\r\n        Une campagne de sensibilisation, d\u00e9pistage et de traitement gratuit de l'hypertension art\u00e9rielle et du diab\u00e8te est organis\u00e9e les 10, 11 <a  class=\"read-more\" href=\"https:\/\/ongadesco.org\/fr\/apport-du-cms-bon-secours-de-long-adesco-dans-la-prevention-et-le-traitement-des-maladies-non-transmissibles\/?related_post_from=171\"> Lire la suite<\/a>    <\/p>\r\n                <\/div>\r\n                            <div class=\"item\">\r\n                    \r\n    <a class=\"title post_title\"  title=\"VIVRE DANS UN ENVIRONNEMENT SAINT : Trois cantons de la pr\u00e9fecture de M\u00f4 s\u2019engagent\" href=\"https:\/\/ongadesco.org\/fr\/vivre-dans-un-environnement-saint-trois-cantons-de-la-prefecture-de-mo-sengagent\/?related_post_from=174\">\r\n                VIVRE DANS UN ENVIRONNEMENT SAINT : Trois cantons de la pr\u00e9fecture de M\u00f4 s\u2019engagent    <\/a>\r\n\r\n    <div class=\"thumb post_thumb\">\r\n        <a  title=\"VIVRE DANS UN ENVIRONNEMENT SAINT : Trois cantons de la pr\u00e9fecture de M\u00f4 s\u2019engagent\" href=\"https:\/\/ongadesco.org\/fr\/vivre-dans-un-environnement-saint-trois-cantons-de-la-prefecture-de-mo-sengagent\/?related_post_from=174\">\r\n\r\n            <img loading=\"lazy\" decoding=\"async\" width=\"150\" height=\"145\" src=\"https:\/\/ongadesco.org\/fr\/wp-content\/uploads\/2022\/12\/D-240x145-1-150x145-1.jpeg\" class=\"attachment-full size-full wp-post-image\" alt=\"\" \/>\r\n\r\n        <\/a>\r\n    <\/div>\r\n    <p class=\"excerpt post_excerpt\">\r\n        Amener les communaut\u00e9s \u00e0 r\u00e9aliser les latrines familiales pour mettre fin \u00e0 la d\u00e9f\u00e9cation \u00e0 l\u2019air libre, tel est l\u2019objectif <a  class=\"read-more\" href=\"https:\/\/ongadesco.org\/fr\/vivre-dans-un-environnement-saint-trois-cantons-de-la-prefecture-de-mo-sengagent\/?related_post_from=174\"> Lire la suite<\/a>    <\/p>\r\n                <\/div>\r\n                            <div class=\"item\">\r\n                    \r\n    <a class=\"title post_title\"  title=\"Rapprochement des services SSR aux jeunes et adolescents \u00e0 travers la clinique mobile\" href=\"https:\/\/ongadesco.org\/fr\/rapprochement-des-services-ssr-aux-jeunes-et-adolescents-a-travers-la-clinique-mobile\/?related_post_from=177\">\r\n                Rapprochement des services SSR aux jeunes et adolescents \u00e0 travers la clinique mobile    <\/a>\r\n\r\n    <div class=\"thumb post_thumb\">\r\n        <a  title=\"Rapprochement des services SSR aux jeunes et adolescents \u00e0 travers la clinique mobile\" href=\"https:\/\/ongadesco.org\/fr\/rapprochement-des-services-ssr-aux-jeunes-et-adolescents-a-travers-la-clinique-mobile\/?related_post_from=177\">\r\n\r\n            <img loading=\"lazy\" decoding=\"async\" width=\"150\" height=\"145\" src=\"https:\/\/ongadesco.org\/fr\/wp-content\/uploads\/2022\/12\/1-240x145-1-150x145-1.jpeg\" class=\"attachment-full size-full wp-post-image\" alt=\"\" \/>\r\n\r\n        <\/a>\r\n    <\/div>\r\n    <p class=\"excerpt post_excerpt\">\r\n        Gratuitement offerts aux jeunes et adolescents \u00e0 travers la clinique mobile de l\u2019ONG ADESCO, ces services sont entre autres la <a  class=\"read-more\" href=\"https:\/\/ongadesco.org\/fr\/rapprochement-des-services-ssr-aux-jeunes-et-adolescents-a-travers-la-clinique-mobile\/?related_post_from=177\"> Lire la suite<\/a>    <\/p>\r\n                <\/div>\r\n                            <div class=\"item\">\r\n                    \r\n    <a class=\"title post_title\"  title=\"Genre Transformateur et l\u2019Inclusion : 160 membres des r\u00e9seaux villageois de groupes d\u2019\u00e9pargne renforc\u00e9s dans la pr\u00e9fecture de Sotouboua\" href=\"https:\/\/ongadesco.org\/fr\/genre-transformateur-et-linclusion-160-membres-des-reseaux-villageois-de-groupes-depargne-renforces-dans-la-prefecture-de-sotouboua\/?related_post_from=180\">\r\n                Genre Transformateur et l\u2019Inclusion : 160 membres des r\u00e9seaux villageois de groupes d\u2019\u00e9pargne renforc\u00e9s dans la pr\u00e9fecture de Sotouboua    <\/a>\r\n\r\n    <div class=\"thumb post_thumb\">\r\n        <a  title=\"Genre Transformateur et l\u2019Inclusion : 160 membres des r\u00e9seaux villageois de groupes d\u2019\u00e9pargne renforc\u00e9s dans la pr\u00e9fecture de Sotouboua\" href=\"https:\/\/ongadesco.org\/fr\/genre-transformateur-et-linclusion-160-membres-des-reseaux-villageois-de-groupes-depargne-renforces-dans-la-prefecture-de-sotouboua\/?related_post_from=180\">\r\n\r\n            <img loading=\"lazy\" decoding=\"async\" width=\"150\" height=\"145\" src=\"https:\/\/ongadesco.org\/fr\/wp-content\/uploads\/2022\/12\/WhatsApp-Image-2022-02-23-at-15.42.55-1-240x145-1-150x145-1.jpeg\" class=\"attachment-full size-full wp-post-image\" alt=\"\" \/>\r\n\r\n        <\/a>\r\n    <\/div>\r\n    <p class=\"excerpt post_excerpt\">\r\n        A travers des questions-r\u00e9ponses, travaux de groupes, simulations\u2026, 160 membres de 80 r\u00e9seaux villageois de groupes d\u2019\u00e9pargne ont \u00e9t\u00e9 renforc\u00e9s <a  class=\"read-more\" href=\"https:\/\/ongadesco.org\/fr\/genre-transformateur-et-linclusion-160-membres-des-reseaux-villageois-de-groupes-depargne-renforces-dans-la-prefecture-de-sotouboua\/?related_post_from=180\"> Lire la suite<\/a>    <\/p>\r\n                <\/div>\r\n                            <div class=\"item\">\r\n                    \r\n    <a class=\"title post_title\"  title=\"POUR UNE MEILLEURE GESTION DE L\u2019HYGIENE MENSTRUELLE CHEZ LA FEMME ET LA JEUNE FILLE, 120 Encadreurs de clubs sont renforc\u00e9s\" href=\"https:\/\/ongadesco.org\/fr\/pour-une-meilleure-gestion-de-lhygiene-menstruelle-chez-la-femme-et-la-jeune-fille-120-encadreurs-de-clubs-sont-renforces\/?related_post_from=183\">\r\n                POUR UNE MEILLEURE GESTION DE L\u2019HYGIENE MENSTRUELLE CHEZ LA FEMME ET LA JEUNE FILLE, 120 Encadreurs de clubs sont renforc\u00e9s    <\/a>\r\n\r\n    <div class=\"thumb post_thumb\">\r\n        <a  title=\"POUR UNE MEILLEURE GESTION DE L\u2019HYGIENE MENSTRUELLE CHEZ LA FEMME ET LA JEUNE FILLE, 120 Encadreurs de clubs sont renforc\u00e9s\" href=\"https:\/\/ongadesco.org\/fr\/pour-une-meilleure-gestion-de-lhygiene-menstruelle-chez-la-femme-et-la-jeune-fille-120-encadreurs-de-clubs-sont-renforces\/?related_post_from=183\">\r\n\r\n            <img loading=\"lazy\" decoding=\"async\" width=\"150\" height=\"145\" src=\"https:\/\/ongadesco.org\/fr\/wp-content\/uploads\/2022\/12\/IMG_20220311_140847_8-6-240x145-1-150x145-1.jpg\" class=\"attachment-full size-full wp-post-image\" alt=\"\" \/>\r\n\r\n        <\/a>\r\n    <\/div>\r\n    <p class=\"excerpt post_excerpt\">\r\n        Ils sont au total 120 Enseignants identifi\u00e9s comme Encadreurs de clubs et les Points Focaux GHM (Gestion de l\u2019Hygi\u00e8ne Menstruelle) <a  class=\"read-more\" href=\"https:\/\/ongadesco.org\/fr\/pour-une-meilleure-gestion-de-lhygiene-menstruelle-chez-la-femme-et-la-jeune-fille-120-encadreurs-de-clubs-sont-renforces\/?related_post_from=183\"> Lire la suite<\/a>    <\/p>\r\n                <\/div>\r\n                            <div class=\"item\">\r\n                    \r\n    <a class=\"title post_title\"  title=\"Rapprochement des services SSR aux jeunes et adolescents \u00e0 travers la clinique mobile\" href=\"https:\/\/ongadesco.org\/fr\/rapprochement-des-services-ssr-aux-jeunes-et-adolescents-a-travers-la-clinique-mobile-2\/?related_post_from=186\">\r\n                Rapprochement des services SSR aux jeunes et adolescents \u00e0 travers la clinique mobile    <\/a>\r\n\r\n    <div class=\"thumb post_thumb\">\r\n        <a  title=\"Rapprochement des services SSR aux jeunes et adolescents \u00e0 travers la clinique mobile\" href=\"https:\/\/ongadesco.org\/fr\/rapprochement-des-services-ssr-aux-jeunes-et-adolescents-a-travers-la-clinique-mobile-2\/?related_post_from=186\">\r\n\r\n            <img loading=\"lazy\" decoding=\"async\" width=\"150\" height=\"145\" src=\"https:\/\/ongadesco.org\/fr\/wp-content\/uploads\/2022\/12\/DSC06707-240x145-1-150x145-1.jpg\" class=\"attachment-full size-full wp-post-image\" alt=\"\" \/>\r\n\r\n        <\/a>\r\n    <\/div>\r\n    <p class=\"excerpt post_excerpt\">\r\n        Apr\u00e8s la pr\u00e9fecture de Sotouboua, c\u2019est le tour de celle de M\u00f4 d\u2019accueillir la clinique mobile. Pour cette tourn\u00e9e de <a  class=\"read-more\" href=\"https:\/\/ongadesco.org\/fr\/rapprochement-des-services-ssr-aux-jeunes-et-adolescents-a-travers-la-clinique-mobile-2\/?related_post_from=186\"> Lire la suite<\/a>    <\/p>\r\n                <\/div>\r\n                            <div class=\"item\">\r\n                    \r\n    <a class=\"title post_title\"  title=\"ALIMENTATION SCOLAIRE AU TOGO : Les Acteurs \u00e9valuent l\u2019usage de l\u2019outil SABER \u00e0 Kpalim\u00e9\" href=\"https:\/\/ongadesco.org\/fr\/alimentation-scolaire-au-togo-les-acteurs-evaluent-lusage-de-loutil-saber-a-kpalime\/?related_post_from=189\">\r\n                ALIMENTATION SCOLAIRE AU TOGO : Les Acteurs \u00e9valuent l\u2019usage de l\u2019outil SABER \u00e0 Kpalim\u00e9    <\/a>\r\n\r\n    <div class=\"thumb post_thumb\">\r\n        <a  title=\"ALIMENTATION SCOLAIRE AU TOGO : Les Acteurs \u00e9valuent l\u2019usage de l\u2019outil SABER \u00e0 Kpalim\u00e9\" href=\"https:\/\/ongadesco.org\/fr\/alimentation-scolaire-au-togo-les-acteurs-evaluent-lusage-de-loutil-saber-a-kpalime\/?related_post_from=189\">\r\n\r\n            <img loading=\"lazy\" decoding=\"async\" width=\"150\" height=\"145\" src=\"https:\/\/ongadesco.org\/fr\/wp-content\/uploads\/2022\/12\/WhatsApp-Image-2022-03-23-at-15.46.56-240x145-1-150x145-1.jpeg\" class=\"attachment-full size-full wp-post-image\" alt=\"\" \/>\r\n\r\n        <\/a>\r\n    <\/div>\r\n    <p class=\"excerpt post_excerpt\">\r\n        Depuis le 22 mars 2022, l\u2019ONG ADESCO participe aux cot\u00e9s des partenaires techniques et financiers qui sont&nbsp;: PAM, BM, CRS, <a  class=\"read-more\" href=\"https:\/\/ongadesco.org\/fr\/alimentation-scolaire-au-togo-les-acteurs-evaluent-lusage-de-loutil-saber-a-kpalime\/?related_post_from=189\"> Lire la suite<\/a>    <\/p>\r\n                <\/div>\r\n            \r\n    <\/div>\r\n\r\n    <script>\r\n            <\/script>\r\n    <style>\r\n        .related-post {}\r\n\r\n        .related-post .post-list {\r\n            text-align: left;\r\n                    }\r\n\r\n        .related-post .post-list .item {\r\n            margin: 10px;\r\n            padding: 0px;\r\n                    }\r\n\r\n        .related-post .headline {\r\n            font-size: 18px !important;\r\n            color: #999999 !important;\r\n                    }\r\n\r\n        .related-post .post-list .item .post_title {\r\n            font-size: 16px;\r\n            color: #dd3333;\r\n            margin: 10px 0px;\r\n            padding: 0px;\r\n            display: block;\r\n            text-decoration: none;\r\n                    }\r\n\r\n        .related-post .post-list .item .post_thumb {\r\n            max-height: 220px;\r\n            margin: 10px 0px;\r\n            padding: 0px;\r\n            display: block;\r\n                    }\r\n\r\n        .related-post .post-list .item .post_excerpt {\r\n            font-size: 13px;\r\n            color: #3f3f3f;\r\n            margin: 10px 0px;\r\n            padding: 0px;\r\n            display: block;\r\n            text-decoration: none;\r\n                    }\r\n\r\n        @media only screen and (min-width: 1024px) {\r\n            .related-post .post-list .item {\r\n                width: 45%;\r\n            }\r\n        }\r\n\r\n        @media only screen and (min-width: 768px) and (max-width: 1023px) {\r\n            .related-post .post-list .item {\r\n                width: 90%;\r\n            }\r\n        }\r\n\r\n        @media only screen and (min-width: 0px) and (max-width: 767px) {\r\n            .related-post .post-list .item {\r\n                width: 90%;\r\n            }\r\n        }\r\n\r\n            <\/style>\r\n        <\/div>\r\n","protected":false},"excerpt":{"rendered":"<p>Apr\u00e8s la pr\u00e9fecture de Sotouboua, c\u2019est le tour de celle de M\u00f4 d\u2019accueillir la clinique mobile. Pour cette tourn\u00e9e de la clinique mobile, les activit\u00e9s se sont d\u00e9roul\u00e9es du&nbsp; 07 au 12 mars 2022. Elle a couvert les villages de Nabou, Solid\u00e8, Kagna pour l\u2019offre des services SSR notamment les sensibilisations et le d\u00e9pistage du [&hellip;]<\/p>\n","protected":false},"author":1,"featured_media":187,"comment_status":"open","ping_status":"open","sticky":false,"template":"","format":"standard","meta":{"footnotes":""},"categories":[6],"tags":[],"class_list":["post-186","post","type-post","status-publish","format-standard","has-post-thumbnail","hentry","category-activites_realisees"],"yoast_head":"<!-- This site is optimized with the Yoast SEO plugin v19.14 - https:\/\/yoast.com\/wordpress\/plugins\/seo\/ -->\n<title>Rapprochement des services SSR aux jeunes et adolescents \u00e0 travers la clinique mobile - ONG Adesco<\/title>\n<meta name=\"robots\" content=\"index, follow, max-snippet:-1, max-image-preview:large, max-video-preview:-1\" \/>\n<link rel=\"canonical\" href=\"https:\/\/ongadesco.org\/fr\/rapprochement-des-services-ssr-aux-jeunes-et-adolescents-a-travers-la-clinique-mobile-2\/\" \/>\n<meta property=\"og:locale\" content=\"fr_FR\" \/>\n<meta property=\"og:type\" content=\"article\" \/>\n<meta property=\"og:title\" content=\"Rapprochement des services SSR aux jeunes et adolescents \u00e0 travers la clinique mobile - ONG Adesco\" \/>\n<meta property=\"og:description\" content=\"Apr\u00e8s la pr\u00e9fecture de Sotouboua, c\u2019est le tour de celle de M\u00f4 d\u2019accueillir la clinique mobile. Pour cette tourn\u00e9e de la clinique mobile, les activit\u00e9s se sont d\u00e9roul\u00e9es du&nbsp; 07 au 12 mars 2022. Elle a couvert les villages de Nabou, Solid\u00e8, Kagna pour l\u2019offre des services SSR notamment les sensibilisations et le d\u00e9pistage du [&hellip;]\" \/>\n<meta property=\"og:url\" content=\"https:\/\/ongadesco.org\/fr\/rapprochement-des-services-ssr-aux-jeunes-et-adolescents-a-travers-la-clinique-mobile-2\/\" \/>\n<meta property=\"og:site_name\" content=\"ONG Adesco\" \/>\n<meta property=\"article:publisher\" content=\"https:\/\/facebook.com\/adescosantedeveloppement\" \/>\n<meta property=\"article:published_time\" content=\"2022-12-15T10:18:17+00:00\" \/>\n<meta property=\"og:image\" content=\"https:\/\/ongadesco.org\/fr\/wp-content\/uploads\/2022\/12\/DSC06707-240x145-1-150x145-1.jpg\" \/>\n\t<meta property=\"og:image:width\" content=\"150\" \/>\n\t<meta property=\"og:image:height\" content=\"145\" \/>\n\t<meta property=\"og:image:type\" content=\"image\/jpeg\" \/>\n<meta name=\"author\" content=\"foganbidi2@gmail.com\" \/>\n<meta name=\"twitter:card\" content=\"summary_large_image\" \/>\n<meta name=\"twitter:creator\" content=\"@ongadesco\" \/>\n<meta name=\"twitter:site\" content=\"@ongadesco\" \/>\n<meta name=\"twitter:label1\" content=\"\u00c9crit par\" \/>\n\t<meta name=\"twitter:data1\" content=\"foganbidi2@gmail.com\" \/>\n\t<meta name=\"twitter:label2\" content=\"Dur\u00e9e de lecture estim\u00e9e\" \/>\n\t<meta name=\"twitter:data2\" content=\"3 minutes\" \/>\n<script type=\"application\/ld+json\" class=\"yoast-schema-graph\">{\"@context\":\"https:\/\/schema.org\",\"@graph\":[{\"@type\":\"Article\",\"@id\":\"https:\/\/ongadesco.org\/fr\/rapprochement-des-services-ssr-aux-jeunes-et-adolescents-a-travers-la-clinique-mobile-2\/#article\",\"isPartOf\":{\"@id\":\"https:\/\/ongadesco.org\/fr\/rapprochement-des-services-ssr-aux-jeunes-et-adolescents-a-travers-la-clinique-mobile-2\/\"},\"author\":{\"name\":\"foganbidi2@gmail.com\",\"@id\":\"https:\/\/ongadesco.org\/fr\/#\/schema\/person\/69a26776e2e929d80b99cca5a8fcc0fe\"},\"headline\":\"Rapprochement des services SSR aux jeunes et adolescents \u00e0 travers la clinique mobile\",\"datePublished\":\"2022-12-15T10:18:17+00:00\",\"dateModified\":\"2022-12-15T10:18:17+00:00\",\"mainEntityOfPage\":{\"@id\":\"https:\/\/ongadesco.org\/fr\/rapprochement-des-services-ssr-aux-jeunes-et-adolescents-a-travers-la-clinique-mobile-2\/\"},\"wordCount\":542,\"commentCount\":0,\"publisher\":{\"@id\":\"https:\/\/ongadesco.org\/fr\/#organization\"},\"articleSection\":[\"activit\u00e9s r\u00e9alis\u00e9es\"],\"inLanguage\":\"fr-FR\",\"potentialAction\":[{\"@type\":\"CommentAction\",\"name\":\"Comment\",\"target\":[\"https:\/\/ongadesco.org\/fr\/rapprochement-des-services-ssr-aux-jeunes-et-adolescents-a-travers-la-clinique-mobile-2\/#respond\"]}]},{\"@type\":\"WebPage\",\"@id\":\"https:\/\/ongadesco.org\/fr\/rapprochement-des-services-ssr-aux-jeunes-et-adolescents-a-travers-la-clinique-mobile-2\/\",\"url\":\"https:\/\/ongadesco.org\/fr\/rapprochement-des-services-ssr-aux-jeunes-et-adolescents-a-travers-la-clinique-mobile-2\/\",\"name\":\"Rapprochement des services SSR aux jeunes et adolescents \u00e0 travers la clinique mobile - ONG Adesco\",\"isPartOf\":{\"@id\":\"https:\/\/ongadesco.org\/fr\/#website\"},\"datePublished\":\"2022-12-15T10:18:17+00:00\",\"dateModified\":\"2022-12-15T10:18:17+00:00\",\"breadcrumb\":{\"@id\":\"https:\/\/ongadesco.org\/fr\/rapprochement-des-services-ssr-aux-jeunes-et-adolescents-a-travers-la-clinique-mobile-2\/#breadcrumb\"},\"inLanguage\":\"fr-FR\",\"potentialAction\":[{\"@type\":\"ReadAction\",\"target\":[\"https:\/\/ongadesco.org\/fr\/rapprochement-des-services-ssr-aux-jeunes-et-adolescents-a-travers-la-clinique-mobile-2\/\"]}]},{\"@type\":\"BreadcrumbList\",\"@id\":\"https:\/\/ongadesco.org\/fr\/rapprochement-des-services-ssr-aux-jeunes-et-adolescents-a-travers-la-clinique-mobile-2\/#breadcrumb\",\"itemListElement\":[{\"@type\":\"ListItem\",\"position\":1,\"name\":\"Accueil\",\"item\":\"https:\/\/ongadesco.org\/fr\/\"},{\"@type\":\"ListItem\",\"position\":2,\"name\":\"Rapprochement des services SSR aux jeunes et adolescents \u00e0 travers la clinique mobile\"}]},{\"@type\":\"WebSite\",\"@id\":\"https:\/\/ongadesco.org\/fr\/#website\",\"url\":\"https:\/\/ongadesco.org\/fr\/\",\"name\":\"ONG Adesco\",\"description\":\"\",\"publisher\":{\"@id\":\"https:\/\/ongadesco.org\/fr\/#organization\"},\"potentialAction\":[{\"@type\":\"SearchAction\",\"target\":{\"@type\":\"EntryPoint\",\"urlTemplate\":\"https:\/\/ongadesco.org\/fr\/?s={search_term_string}\"},\"query-input\":\"required name=search_term_string\"}],\"inLanguage\":\"fr-FR\"},{\"@type\":\"Organization\",\"@id\":\"https:\/\/ongadesco.org\/fr\/#organization\",\"name\":\"ONG Adesco\",\"url\":\"https:\/\/ongadesco.org\/fr\/\",\"logo\":{\"@type\":\"ImageObject\",\"inLanguage\":\"fr-FR\",\"@id\":\"https:\/\/ongadesco.org\/fr\/#\/schema\/logo\/image\/\",\"url\":\"https:\/\/ongadesco.org\/fr\/wp-content\/uploads\/2022\/12\/logo2.png\",\"contentUrl\":\"https:\/\/ongadesco.org\/fr\/wp-content\/uploads\/2022\/12\/logo2.png\",\"width\":134,\"height\":45,\"caption\":\"ONG Adesco\"},\"image\":{\"@id\":\"https:\/\/ongadesco.org\/fr\/#\/schema\/logo\/image\/\"},\"sameAs\":[\"https:\/\/web.whatsapp.com\/\",\"https:\/\/whatsapp.com\/\",\"https:\/\/facebook.com\/adescosantedeveloppement\",\"https:\/\/twitter.com\/ongadesco\"]},{\"@type\":\"Person\",\"@id\":\"https:\/\/ongadesco.org\/fr\/#\/schema\/person\/69a26776e2e929d80b99cca5a8fcc0fe\",\"name\":\"foganbidi2@gmail.com\",\"image\":{\"@type\":\"ImageObject\",\"inLanguage\":\"fr-FR\",\"@id\":\"https:\/\/ongadesco.org\/fr\/#\/schema\/person\/image\/\",\"url\":\"https:\/\/secure.gravatar.com\/avatar\/1cfd0cba56e073bb0f6a026587d7c778ed740d18351f35945b0249b416024315?s=96&d=mm&r=g\",\"contentUrl\":\"https:\/\/secure.gravatar.com\/avatar\/1cfd0cba56e073bb0f6a026587d7c778ed740d18351f35945b0249b416024315?s=96&d=mm&r=g\",\"caption\":\"foganbidi2@gmail.com\"},\"sameAs\":[\"https:\/\/ongadesco.org\/fr\"],\"url\":\"https:\/\/ongadesco.org\/fr\/author\/foganbidi2gmail-com\/\"}]}<\/script>\n<!-- \/ Yoast SEO plugin. -->","yoast_head_json":{"title":"Rapprochement des services SSR aux jeunes et adolescents \u00e0 travers la clinique mobile - ONG Adesco","robots":{"index":"index","follow":"follow","max-snippet":"max-snippet:-1","max-image-preview":"max-image-preview:large","max-video-preview":"max-video-preview:-1"},"canonical":"https:\/\/ongadesco.org\/fr\/rapprochement-des-services-ssr-aux-jeunes-et-adolescents-a-travers-la-clinique-mobile-2\/","og_locale":"fr_FR","og_type":"article","og_title":"Rapprochement des services SSR aux jeunes et adolescents \u00e0 travers la clinique mobile - ONG Adesco","og_description":"Apr\u00e8s la pr\u00e9fecture de Sotouboua, c\u2019est le tour de celle de M\u00f4 d\u2019accueillir la clinique mobile. Pour cette tourn\u00e9e de la clinique mobile, les activit\u00e9s se sont d\u00e9roul\u00e9es du&nbsp; 07 au 12 mars 2022. Elle a couvert les villages de Nabou, Solid\u00e8, Kagna pour l\u2019offre des services SSR notamment les sensibilisations et le d\u00e9pistage du [&hellip;]","og_url":"https:\/\/ongadesco.org\/fr\/rapprochement-des-services-ssr-aux-jeunes-et-adolescents-a-travers-la-clinique-mobile-2\/","og_site_name":"ONG Adesco","article_publisher":"https:\/\/facebook.com\/adescosantedeveloppement","article_published_time":"2022-12-15T10:18:17+00:00","og_image":[{"width":150,"height":145,"url":"https:\/\/ongadesco.org\/fr\/wp-content\/uploads\/2022\/12\/DSC06707-240x145-1-150x145-1.jpg","type":"image\/jpeg"}],"author":"foganbidi2@gmail.com","twitter_card":"summary_large_image","twitter_creator":"@ongadesco","twitter_site":"@ongadesco","twitter_misc":{"\u00c9crit par":"foganbidi2@gmail.com","Dur\u00e9e de lecture estim\u00e9e":"3 minutes"},"schema":{"@context":"https:\/\/schema.org","@graph":[{"@type":"Article","@id":"https:\/\/ongadesco.org\/fr\/rapprochement-des-services-ssr-aux-jeunes-et-adolescents-a-travers-la-clinique-mobile-2\/#article","isPartOf":{"@id":"https:\/\/ongadesco.org\/fr\/rapprochement-des-services-ssr-aux-jeunes-et-adolescents-a-travers-la-clinique-mobile-2\/"},"author":{"name":"foganbidi2@gmail.com","@id":"https:\/\/ongadesco.org\/fr\/#\/schema\/person\/69a26776e2e929d80b99cca5a8fcc0fe"},"headline":"Rapprochement des services SSR aux jeunes et adolescents \u00e0 travers la clinique mobile","datePublished":"2022-12-15T10:18:17+00:00","dateModified":"2022-12-15T10:18:17+00:00","mainEntityOfPage":{"@id":"https:\/\/ongadesco.org\/fr\/rapprochement-des-services-ssr-aux-jeunes-et-adolescents-a-travers-la-clinique-mobile-2\/"},"wordCount":542,"commentCount":0,"publisher":{"@id":"https:\/\/ongadesco.org\/fr\/#organization"},"articleSection":["activit\u00e9s r\u00e9alis\u00e9es"],"inLanguage":"fr-FR","potentialAction":[{"@type":"CommentAction","name":"Comment","target":["https:\/\/ongadesco.org\/fr\/rapprochement-des-services-ssr-aux-jeunes-et-adolescents-a-travers-la-clinique-mobile-2\/#respond"]}]},{"@type":"WebPage","@id":"https:\/\/ongadesco.org\/fr\/rapprochement-des-services-ssr-aux-jeunes-et-adolescents-a-travers-la-clinique-mobile-2\/","url":"https:\/\/ongadesco.org\/fr\/rapprochement-des-services-ssr-aux-jeunes-et-adolescents-a-travers-la-clinique-mobile-2\/","name":"Rapprochement des services SSR aux jeunes et adolescents \u00e0 travers la clinique mobile - ONG Adesco","isPartOf":{"@id":"https:\/\/ongadesco.org\/fr\/#website"},"datePublished":"2022-12-15T10:18:17+00:00","dateModified":"2022-12-15T10:18:17+00:00","breadcrumb":{"@id":"https:\/\/ongadesco.org\/fr\/rapprochement-des-services-ssr-aux-jeunes-et-adolescents-a-travers-la-clinique-mobile-2\/#breadcrumb"},"inLanguage":"fr-FR","potentialAction":[{"@type":"ReadAction","target":["https:\/\/ongadesco.org\/fr\/rapprochement-des-services-ssr-aux-jeunes-et-adolescents-a-travers-la-clinique-mobile-2\/"]}]},{"@type":"BreadcrumbList","@id":"https:\/\/ongadesco.org\/fr\/rapprochement-des-services-ssr-aux-jeunes-et-adolescents-a-travers-la-clinique-mobile-2\/#breadcrumb","itemListElement":[{"@type":"ListItem","position":1,"name":"Accueil","item":"https:\/\/ongadesco.org\/fr\/"},{"@type":"ListItem","position":2,"name":"Rapprochement des services SSR aux jeunes et adolescents \u00e0 travers la clinique mobile"}]},{"@type":"WebSite","@id":"https:\/\/ongadesco.org\/fr\/#website","url":"https:\/\/ongadesco.org\/fr\/","name":"ONG Adesco","description":"","publisher":{"@id":"https:\/\/ongadesco.org\/fr\/#organization"},"potentialAction":[{"@type":"SearchAction","target":{"@type":"EntryPoint","urlTemplate":"https:\/\/ongadesco.org\/fr\/?s={search_term_string}"},"query-input":"required name=search_term_string"}],"inLanguage":"fr-FR"},{"@type":"Organization","@id":"https:\/\/ongadesco.org\/fr\/#organization","name":"ONG Adesco","url":"https:\/\/ongadesco.org\/fr\/","logo":{"@type":"ImageObject","inLanguage":"fr-FR","@id":"https:\/\/ongadesco.org\/fr\/#\/schema\/logo\/image\/","url":"https:\/\/ongadesco.org\/fr\/wp-content\/uploads\/2022\/12\/logo2.png","contentUrl":"https:\/\/ongadesco.org\/fr\/wp-content\/uploads\/2022\/12\/logo2.png","width":134,"height":45,"caption":"ONG Adesco"},"image":{"@id":"https:\/\/ongadesco.org\/fr\/#\/schema\/logo\/image\/"},"sameAs":["https:\/\/web.whatsapp.com\/","https:\/\/whatsapp.com\/","https:\/\/facebook.com\/adescosantedeveloppement","https:\/\/twitter.com\/ongadesco"]},{"@type":"Person","@id":"https:\/\/ongadesco.org\/fr\/#\/schema\/person\/69a26776e2e929d80b99cca5a8fcc0fe","name":"foganbidi2@gmail.com","image":{"@type":"ImageObject","inLanguage":"fr-FR","@id":"https:\/\/ongadesco.org\/fr\/#\/schema\/person\/image\/","url":"https:\/\/secure.gravatar.com\/avatar\/1cfd0cba56e073bb0f6a026587d7c778ed740d18351f35945b0249b416024315?s=96&d=mm&r=g","contentUrl":"https:\/\/secure.gravatar.com\/avatar\/1cfd0cba56e073bb0f6a026587d7c778ed740d18351f35945b0249b416024315?s=96&d=mm&r=g","caption":"foganbidi2@gmail.com"},"sameAs":["https:\/\/ongadesco.org\/fr"],"url":"https:\/\/ongadesco.org\/fr\/author\/foganbidi2gmail-com\/"}]}},"_links":{"self":[{"href":"https:\/\/ongadesco.org\/fr\/wp-json\/wp\/v2\/posts\/186","targetHints":{"allow":["GET"]}}],"collection":[{"href":"https:\/\/ongadesco.org\/fr\/wp-json\/wp\/v2\/posts"}],"about":[{"href":"https:\/\/ongadesco.org\/fr\/wp-json\/wp\/v2\/types\/post"}],"author":[{"embeddable":true,"href":"https:\/\/ongadesco.org\/fr\/wp-json\/wp\/v2\/users\/1"}],"replies":[{"embeddable":true,"href":"https:\/\/ongadesco.org\/fr\/wp-json\/wp\/v2\/comments?post=186"}],"version-history":[{"count":1,"href":"https:\/\/ongadesco.org\/fr\/wp-json\/wp\/v2\/posts\/186\/revisions"}],"predecessor-version":[{"id":188,"href":"https:\/\/ongadesco.org\/fr\/wp-json\/wp\/v2\/posts\/186\/revisions\/188"}],"wp:featuredmedia":[{"embeddable":true,"href":"https:\/\/ongadesco.org\/fr\/wp-json\/wp\/v2\/media\/187"}],"wp:attachment":[{"href":"https:\/\/ongadesco.org\/fr\/wp-json\/wp\/v2\/media?parent=186"}],"wp:term":[{"taxonomy":"category","embeddable":true,"href":"https:\/\/ongadesco.org\/fr\/wp-json\/wp\/v2\/categories?post=186"},{"taxonomy":"post_tag","embeddable":true,"href":"https:\/\/ongadesco.org\/fr\/wp-json\/wp\/v2\/tags?post=186"}],"curies":[{"name":"wp","href":"https:\/\/api.w.org\/{rel}","templated":true}]}}