{"id":267,"date":"2022-12-15T13:14:05","date_gmt":"2022-12-15T12:14:05","guid":{"rendered":"https:\/\/ongadesco.org\/fr\/?p=267"},"modified":"2022-12-15T13:15:21","modified_gmt":"2022-12-15T12:15:21","slug":"autonomisation-de-la-femme-et-de-la-jeune-fille-lutte-contre-les-violences-basees-sur-le-genre","status":"publish","type":"post","link":"https:\/\/ongadesco.org\/fr\/autonomisation-de-la-femme-et-de-la-jeune-fille-lutte-contre-les-violences-basees-sur-le-genre\/","title":{"rendered":"Autonomisation de la femme et de la jeune fille\/Lutte contre les violences bas\u00e9es sur le genre"},"content":{"rendered":"\n<p>Depuis plus de 26 ans, en collaboration avec&nbsp; l\u2019Etat Togolais, les partenaires techniques et financiers (PTF) et les communaut\u00e9s, l\u2019ONG Appui au d\u00e9veloppement et \u00e0 la sant\u00e9 communautaire (ADESCO) \u0153uvre pour r\u00e9pondre aux besoins fondamentaux des populations togolaises vuln\u00e9rables en mati\u00e8re d\u2019acc\u00e8s \u00e0 la sant\u00e9 surtout en milieu rural. A cet effet, elle m\u00e8ne plusieurs actions sur le terrain dans une approche participative et accompagne les populations \u00e0 prendre des initiatives innovantes.<\/p>\n\n\n\n<p>ADESCO est une ONG national qui participe \u00e0 faire la promotion des droits humains entre autres droits \u00e0 la Sant\u00e9 Sexuelle et de la Reproduction, la lutte contre les IST\/VIH\/SIDA, la Planification Familiale, la Sant\u00e9 maternelle et Infantile, la nutrition, l\u2019acc\u00e8s aux services d\u2019Eau, hygi\u00e8ne et assainissement de base\u2026).<\/p>\n\n\n\n<p>Elle s\u2019est fix\u00e9e comme mission d\u2019\u0153uvrer en collaboration avec les ayant-droits, les d\u00e9tenteurs d\u2019obligation et les donateurs pour garantir la jouissance des droits \u00e0 la sant\u00e9 pour tous dans les zones vuln\u00e9rables \u00e0 travers le renforcement de capacit\u00e9s, le r\u00e9seautage et le plaidoyer.<\/p>\n\n\n\n<p>Rappelons qu\u2019\u00e0 ce jour, les interventions de l\u2019ONG ADESCO couvrent le territoire national togolais.<\/p>\n\n\n\n<p>Sur les 6 r\u00e9gions sanitaires du Togo, ADESCO intervient dans 4 r\u00e9gions &nbsp;\u00e0 savoir Kara, Centrale, Plateaux et Maritime.<\/p>\n\n\n\n<p>Disons que 17%&nbsp; de la population est touch\u00e9, soit environ 1 080 057 hbts.<\/p>\n\n\n\n<p>Sur les 117 communes du Togo, les actions de l\u2019ONG ADESCO touchent environ 57 communes&nbsp; soit&nbsp; 1302 villages des 26 pr\u00e9fectures o\u00f9 elle intervient actuellement.<\/p>\n\n\n\n<p>ADESCO a son si\u00e8ge national bas\u00e9 \u00e0 Sokod\u00e9, quartier Kpangalam dans la R\u00e9gion Centrale du Togo&nbsp;et dispose de deux bureaux de coordination dont l\u2019un \u00e0 Lom\u00e9, dans la R\u00e9gion Maritime et l\u2019autre \u00e0 Dankpen, dans la R\u00e9gion de la Kara.<\/p>\n\n\n\n<p><strong>En mati\u00e8re de lutte contre les violences bas\u00e9es sur le genre, des avanc\u00e9es sont enregistr\u00e9es&nbsp;dans les communaut\u00e9s de la zone d\u2019intervention :<\/strong><\/p>\n\n\n\n<p>ADESCO \u00e0 travers ses diff\u00e9rentes interventions a su cr\u00e9er un environnement protecteur de la jeune fille et de la femme au sein des communaut\u00e9s contre les abus\/violences notamment la mise en place des m\u00e9canismes communautaires de Protection de l\u2019Enfant (Plans d\u2019action villageois et cantonaux, engagements communautaires). Gr\u00e2ce \u00e0 ses m\u00e9canismes, les cas d\u2019abus\/violences sont d\u00e9nonc\u00e9s pour une prise charge efficace et trait\u00e9s avec les services comp\u00e9tents \u00e0 savoir l\u2019Action Sociale, la justice, la gendarmerie, la chefferie traditionnelle. 672 clubs des adolescents et jeunes ont \u00e9t\u00e9 mis en place et renforc\u00e9s sur la SDSR. De nos jours les parents ont compris&nbsp;; la r\u00e9partition des r\u00f4les ne se base plus sur le sexe au sein des familles. ADESCO a \u00e9galement particip\u00e9 aux actions de plaidoyer au niveau national qui ont abouti \u00e0 l\u2019int\u00e9gration de l\u2019\u00e9ducation sexuelle compl\u00e8tes dans les circulas. Grace aux appuis des Partenaires, le Mouvement Pro-SSR pour Tous au Togo dont ADESCO est cheffe de file a connu le jour. Les 14 OSC membres ont \u00e9t\u00e9 renforc\u00e9es sur la SDSR et sont aujourd\u2019hui capables de mener des actions de plaidoyer pour que les services SSR soient accessibles \u00e0 tous y compris les minorit\u00e9s sexuelles. Les 14 OSC ont \u00e9galement int\u00e9gr\u00e9 la th\u00e9matique de la SDSR dans leurs actions et \u00e0 travers les actions du Mouvement&nbsp;; les organisations identitaires (LGBTQ) ont acquis des comp\u00e9tences et aptitudes sur la SDSR et sont pr\u00eats aujourd\u2019hui \u00e0 aller vers les services SSR pour en jouir.<\/p>\n\n\n\n<p><strong>Tous ces changements induits au sein des communaut\u00e9s cibles sont confirm\u00e9s par les collaborateurs de l\u2019ONG ADESCO.<\/strong><\/p>\n\n\n\n<p><strong>T\u00e9moignages des Collaborateurs<\/strong><\/p>\n\n\n\n<ul class=\"wp-block-list\">\n<li><strong>OURO-BANG\u2019NA S. Bayane, CVD Nada, membre du Comit\u00e9 Villageois de D\u00e9veloppement de Nada<\/strong><\/li>\n<\/ul>\n\n\n\n<p>\u00ab&nbsp;<em>Les filles sont au tant envoy\u00e9es \u00e0 l\u2019\u00e9cole tout comme les gar\u00e7ons ce qui n\u2019\u00e9tait pas le cas dans le temps.<\/em><\/p>\n\n\n\n<p><em>Nous avons dans nos communaut\u00e9s des femmes qui occupent des postes de responsabilit\u00e9s&nbsp;: femmes Pr\u00e9sidentes de Comit\u00e9 Villageois\/cantonaux de d\u00e9veloppent (CVD\/CCD) ou associations. Les mariages d\u2019enfants, les mutilations g\u00e9nitales chez la jeune fille ont diminu\u00e9s dans nos communaut\u00e9s suite aux diff\u00e9rentes sensibilisations et aux renforcements de capacit\u00e9s dont nous avons b\u00e9n\u00e9fici\u00e9s<\/em>&nbsp;\u00bb.<\/p>\n\n\n\n<ul class=\"wp-block-list\">\n<li><strong>Mme MADJEDJE Lami, Pr\u00e9sidente du Comit\u00e9 Cantonal de D\u00e9veloppement de Kadambara III<\/strong><\/li>\n<\/ul>\n\n\n\n<p>\u00ab<em>De nos jours dans ma communaut\u00e9, et suite aux renforcements de capacit\u00e9s que nous avons eu, et aux diff\u00e9rentes sensibilisations faites, nous avons constat\u00e9 qu\u2019il y a une r\u00e9partition \u00e9quitable des t\u00e2ches m\u00e9nag\u00e8res entre les filles et les gar\u00e7ons, tous ont les m\u00eames chances pour aller \u00e0 l\u2019\u00e9cole. La femme a droit \u00e0 la parole lors des r\u00e9unions communautaires ou des grandes assembl\u00e9es, son avis compte pour le d\u00e9veloppement de son milieu. La jeune fille a droit de d\u00e9cider \u00e0 qui elle veut se marier<\/em>&nbsp;\u00bb.<\/p>\n\n\n\n<p>Malheureusement, ADESCO ne dispose pas de partenaires financiers fixes \u00e0 long terme pouvant lui permettre de poursuivre ses actions&nbsp;; raison pour laquelle le soutien aux organisations locales s\u2019av\u00e8re indispensable.<\/p>\n\n\n\n<p>Le soutien aux organisations locales de terrain est un moyen essentiel de pr\u00e9venir les VBG<\/p>\n\n\n\n<p>L\u2019Exp\u00e9rience avec le Mouvement Pro-SSR pour Tous au Togo dans le cadre du projet \u00ab Engagement de la Soci\u00e9t\u00e9 Civile pour la Sant\u00e9, Droits Sexuels et de la Reproduction pour Tous au Togo \u00bb, a r\u00e9v\u00e9l\u00e9 un certain nombre de gaps \u00e0 combler en mati\u00e8re de Violences bas\u00e9es sur le genre incluant les minorit\u00e9s sexuelles.<\/p>\n\n\n\n<p>L\u2019\u00e9tude CAP r\u00e9alis\u00e9 en 2020 par ADESCO avec l&rsquo;appui technique et financier de AmplifyChange, a fait un focus sur les difficult\u00e9s d\u2019acc\u00e8s \u00e0 la SDSR au Togo. En effet, selon cette \u00e9tude, plus de 80% de la population g\u00e9n\u00e9rale et 86,60% des LGBTQ n\u2019ont aucune notion sur les SDSR. Environ 38% des LGBTQ n\u2019ont acc\u00e8s \u00e0 aucun service de la SSR \u00e0 cause de la peur des r\u00e9actions des populations (36%), de l\u2019inexistence de ces services dans leurs localit\u00e9s (35%) et le m\u00e9pris\/rejet des prestataires des services de sant\u00e9 (26%).<\/p>\n\n\n\n<p>Avec ces donn\u00e9es, le projet a pu poser le d\u00e9bat dans l\u2019opinion publique et aupr\u00e8s des d\u00e9cideurs.<\/p>\n\n\n\n<p>Comme atout, le Togo dispose d\u2019un <strong>Plan National de D\u00e9veloppent 2018-2022<\/strong> qui en son axe<strong> 3 stipule de : consolider le d\u00e9veloppement social et renforcer les m\u00e9canismes&nbsp; d\u2019inclusio<\/strong>n dont l\u2019<strong>effet 3.5 pr\u00f4ne le renforcement de l\u2019\u00e9quit\u00e9 et l\u2019\u00e9galit\u00e9 de genre<\/strong>. De plus le Plan strat\u00e9gique du PNLS prend en compte les besoins des populations en mati\u00e8re d\u2019\u00e9quit\u00e9 et \u00e9galit\u00e9 de genre.<\/p>\n\n\n\n<p>ADESCO est membre de plusieurs plateformes et r\u00e9seaux avec qui elle travaille et avec d\u2019autres acteurs de la soci\u00e9t\u00e9 civile, des \u00e9tudes sont r\u00e9alis\u00e9es notamment&nbsp;l\u2019\u00e9tude CAP (Connaissances et Attitudes Pratiques) qui a r\u00e9v\u00e9l\u00e9 que, 23,1%&nbsp; des LGBTQ ont d\u00e9clar\u00e9 avoir subi des agressions physiques au cours du mois pr\u00e9c\u00e9dent la collecte des donn\u00e9es et d\u2019autres types de violences comme des injures (39,9), des regards m\u00e9prisant (35,20) et des discriminations (20,30). Pour r\u00e9duire ces formes de violences, les OSC ont besoin d\u2019accompagnement \u00e0 long terme.<\/p>\n\n\n\n<p>Un sinc\u00e8re merci \u00e0 tous les partenaires actuels et futur de l\u2019ONG ADESCO pour leurs diff\u00e9rents appuis techniques et financiers qui nous permettront de poursuivre notre mission et atteindre les r\u00e9sultats escompt\u00e9s.<\/p>\n    <div class=\"related-post grid\">\r\n                <div class=\"headline\">Publications similaires<\/div>\r\n        <div class=\"post-list \">\r\n\r\n                        <div class=\"item\">\r\n                    \r\n    <a class=\"title post_title\"  title=\"PRIV\u00c9 : ACTIVIT\u00c9S DU CMS \u00ab\u00a0BON-SECOURS\u00a0\u00bb\" href=\"https:\/\/ongadesco.org\/fr\/prive-activites-du-cms-bon-secours\/?related_post_from=96\">\r\n                PRIV\u00c9 : ACTIVIT\u00c9S DU CMS \u00ab\u00a0BON-SECOURS\u00a0\u00bb    <\/a>\r\n\r\n    <div class=\"thumb post_thumb\">\r\n        <a  title=\"PRIV\u00c9 : ACTIVIT\u00c9S DU CMS \u00ab\u00a0BON-SECOURS\u00a0\u00bb\" href=\"https:\/\/ongadesco.org\/fr\/prive-activites-du-cms-bon-secours\/?related_post_from=96\">\r\n\r\n            <img loading=\"lazy\" decoding=\"async\" width=\"150\" height=\"150\" src=\"https:\/\/ongadesco.org\/fr\/wp-content\/uploads\/2022\/12\/IMG_5418-150x150-1.jpg\" class=\"attachment-full size-full wp-post-image\" alt=\"\" \/>\r\n\r\n        <\/a>\r\n    <\/div>\r\n    <p class=\"excerpt post_excerpt\">\r\n        En vue d\u2019am\u00e9liorer la couverture sanitaire de la ville de Sokod\u00e9&nbsp; en soins de proximit\u00e9, des jeunes dipl\u00f4m\u00e9s sans emploi <a  class=\"read-more\" href=\"https:\/\/ongadesco.org\/fr\/prive-activites-du-cms-bon-secours\/?related_post_from=96\"> Lire la suite<\/a>    <\/p>\r\n                <\/div>\r\n                            <div class=\"item\">\r\n                    \r\n    <a class=\"title post_title\"  title=\"Autonomisation de la femme et de la jeune fille\/Lutte contre les violences bas\u00e9es sur le genre\" href=\"https:\/\/ongadesco.org\/fr\/autonomisation-de-la-femme-et-de-la-jeune-fille-lutte-contre-les-violences-basees-sur-le-genre\/?related_post_from=267\">\r\n                Autonomisation de la femme et de la jeune fille\/Lutte contre les violences bas\u00e9es sur le genre    <\/a>\r\n\r\n    <div class=\"thumb post_thumb\">\r\n        <a  title=\"Autonomisation de la femme et de la jeune fille\/Lutte contre les violences bas\u00e9es sur le genre\" href=\"https:\/\/ongadesco.org\/fr\/autonomisation-de-la-femme-et-de-la-jeune-fille-lutte-contre-les-violences-basees-sur-le-genre\/?related_post_from=267\">\r\n\r\n            <img loading=\"lazy\" decoding=\"async\" width=\"150\" height=\"150\" src=\"https:\/\/ongadesco.org\/fr\/wp-content\/uploads\/2022\/12\/gf-150x150-1-1.jpg\" class=\"attachment-full size-full wp-post-image\" alt=\"\" \/>\r\n\r\n        <\/a>\r\n    <\/div>\r\n    <p class=\"excerpt post_excerpt\">\r\n        Depuis plus de 26 ans, en collaboration avec&nbsp; l\u2019Etat Togolais, les partenaires techniques et financiers (PTF) et les communaut\u00e9s, l\u2019ONG <a  class=\"read-more\" href=\"https:\/\/ongadesco.org\/fr\/autonomisation-de-la-femme-et-de-la-jeune-fille-lutte-contre-les-violences-basees-sur-le-genre\/?related_post_from=267\"> Lire la suite<\/a>    <\/p>\r\n                <\/div>\r\n                            <div class=\"item\">\r\n                    \r\n    <a class=\"title post_title\"  title=\"Lutte contre les IST\/VIH-SIDA, Paludisme et Tuberculose\" href=\"https:\/\/ongadesco.org\/fr\/lutte-contre-les-ist-vih-sida-paludisme-et-tuberculose\/?related_post_from=271\">\r\n                Lutte contre les IST\/VIH-SIDA, Paludisme et Tuberculose    <\/a>\r\n\r\n    <div class=\"thumb post_thumb\">\r\n        <a  title=\"Lutte contre les IST\/VIH-SIDA, Paludisme et Tuberculose\" href=\"https:\/\/ongadesco.org\/fr\/lutte-contre-les-ist-vih-sida-paludisme-et-tuberculose\/?related_post_from=271\">\r\n\r\n            <img loading=\"lazy\" decoding=\"async\" width=\"150\" height=\"150\" src=\"https:\/\/ongadesco.org\/fr\/wp-content\/uploads\/2022\/12\/WhatsApp-Image-2022-07-23-at-09.10.29-1-150x150-1.jpeg\" class=\"attachment-full size-full wp-post-image\" alt=\"\" \/>\r\n\r\n        <\/a>\r\n    <\/div>\r\n    <p class=\"excerpt post_excerpt\">\r\n        L\u2019ONG ADESCO qui depuis sa cr\u00e9ation en 1995, s\u2019est investie comme une ONG de sant\u00e9, aux c\u00f4t\u00e9s de l\u2019Etat et <a  class=\"read-more\" href=\"https:\/\/ongadesco.org\/fr\/lutte-contre-les-ist-vih-sida-paludisme-et-tuberculose\/?related_post_from=271\"> Lire la suite<\/a>    <\/p>\r\n                <\/div>\r\n                            <div class=\"item\">\r\n                    \r\n    <a class=\"title post_title\"  title=\"Mobilisation Communautaire \/ Renforcement de capacit\u00e9s\" href=\"https:\/\/ongadesco.org\/fr\/mobilisation-communautaire-renforcement-de-capacites\/?related_post_from=275\">\r\n                Mobilisation Communautaire \/ Renforcement de capacit\u00e9s    <\/a>\r\n\r\n    <div class=\"thumb post_thumb\">\r\n        <a  title=\"Mobilisation Communautaire \/ Renforcement de capacit\u00e9s\" href=\"https:\/\/ongadesco.org\/fr\/mobilisation-communautaire-renforcement-de-capacites\/?related_post_from=275\">\r\n\r\n            <img loading=\"lazy\" decoding=\"async\" width=\"150\" height=\"150\" src=\"https:\/\/ongadesco.org\/fr\/wp-content\/uploads\/2022\/12\/WhatsApp-Image-2022-05-30-at-19.56.49-150x150-1.jpeg\" class=\"attachment-full size-full wp-post-image\" alt=\"\" \/>\r\n\r\n        <\/a>\r\n    <\/div>\r\n    <p class=\"excerpt post_excerpt\">\r\n        Avec un ancrage communautaire, ADESCO arrive \u00e0 mobiliser les communaut\u00e9s cibles pour la mise en \u0153uvre des diff\u00e9rents projets\/programmes.    <\/p>\r\n                <\/div>\r\n                            <div class=\"item\">\r\n                    \r\n    <a class=\"title post_title\"  title=\"Offre des services conviviaux adapt\u00e9s aux adolescents et jeunes \u00e0 travers le clinique mobile\" href=\"https:\/\/ongadesco.org\/fr\/offre-des-services-conviviaux-adaptes-aux-adolescents-et-jeunes-a-travers-le-clinique-mobile\/?related_post_from=280\">\r\n                Offre des services conviviaux adapt\u00e9s aux adolescents et jeunes \u00e0 travers le clinique mobile    <\/a>\r\n\r\n    <div class=\"thumb post_thumb\">\r\n        <a  title=\"Offre des services conviviaux adapt\u00e9s aux adolescents et jeunes \u00e0 travers le clinique mobile\" href=\"https:\/\/ongadesco.org\/fr\/offre-des-services-conviviaux-adaptes-aux-adolescents-et-jeunes-a-travers-le-clinique-mobile\/?related_post_from=280\">\r\n\r\n            <img loading=\"lazy\" decoding=\"async\" width=\"150\" height=\"150\" src=\"https:\/\/ongadesco.org\/fr\/wp-content\/uploads\/2022\/12\/WhatsApp-Image-2022-04-26-at-21.52.02-1-150x150-1-1.jpeg\" class=\"attachment-full size-full wp-post-image\" alt=\"\" \/>\r\n\r\n        <\/a>\r\n    <\/div>\r\n    <p class=\"excerpt post_excerpt\">\r\n        Gratuitement offerts aux jeunes et adolescents \u00e0 travers la clinique mobile de l\u2019ONG ADESCO, ces services sont entre autres la <a  class=\"read-more\" href=\"https:\/\/ongadesco.org\/fr\/offre-des-services-conviviaux-adaptes-aux-adolescents-et-jeunes-a-travers-le-clinique-mobile\/?related_post_from=280\"> Lire la suite<\/a>    <\/p>\r\n                <\/div>\r\n                            <div class=\"item\">\r\n                    \r\n    <a class=\"title post_title\"  title=\"Priv\u00e9 : Assainissement Total Pilot\u00e9 par la Communaut\u00e9 (ATPC)\" href=\"https:\/\/ongadesco.org\/fr\/prive-assainissement-total-pilote-par-la-communaute-atpc\/?related_post_from=283\">\r\n                Priv\u00e9 : Assainissement Total Pilot\u00e9 par la Communaut\u00e9 (ATPC)    <\/a>\r\n\r\n    <div class=\"thumb post_thumb\">\r\n        <a  title=\"Priv\u00e9 : Assainissement Total Pilot\u00e9 par la Communaut\u00e9 (ATPC)\" href=\"https:\/\/ongadesco.org\/fr\/prive-assainissement-total-pilote-par-la-communaute-atpc\/?related_post_from=283\">\r\n\r\n            <img loading=\"lazy\" decoding=\"async\" width=\"150\" height=\"150\" src=\"https:\/\/ongadesco.org\/fr\/wp-content\/uploads\/2022\/12\/slide1-1-150x150-1.jpg\" class=\"attachment-full size-full wp-post-image\" alt=\"\" \/>\r\n\r\n        <\/a>\r\n    <\/div>\r\n    <p class=\"excerpt post_excerpt\">\r\n        Dans le cadre de la mise en \u0153uvre du projet ATPC (Assainissement Total Pilot\u00e9 par la Communaut\u00e9), l\u2019ONG ADESCO accompagne <a  class=\"read-more\" href=\"https:\/\/ongadesco.org\/fr\/prive-assainissement-total-pilote-par-la-communaute-atpc\/?related_post_from=283\"> Lire la suite<\/a>    <\/p>\r\n                <\/div>\r\n                            <div class=\"item\">\r\n                    \r\n    <a class=\"title post_title\"  title=\"Priv\u00e9 : D\u00e9veloppement harmonieux de l\u2019Enfant (conseils nutritionnels, vaccination, suivi de la croissance CPC, cantines scolaires)\" href=\"https:\/\/ongadesco.org\/fr\/prive-developpement-harmonieux-de-lenfant-conseils-nutritionnels-vaccination-suivi-de-la-croissance-cpc-cantines-scolaires\/?related_post_from=286\">\r\n                Priv\u00e9 : D\u00e9veloppement harmonieux de l\u2019Enfant (conseils nutritionnels, vaccination, suivi de la croissance CPC, cantines scolaires)    <\/a>\r\n\r\n    <div class=\"thumb post_thumb\">\r\n        <a  title=\"Priv\u00e9 : D\u00e9veloppement harmonieux de l\u2019Enfant (conseils nutritionnels, vaccination, suivi de la croissance CPC, cantines scolaires)\" href=\"https:\/\/ongadesco.org\/fr\/prive-developpement-harmonieux-de-lenfant-conseils-nutritionnels-vaccination-suivi-de-la-croissance-cpc-cantines-scolaires\/?related_post_from=286\">\r\n\r\n            <img loading=\"lazy\" decoding=\"async\" width=\"150\" height=\"150\" src=\"https:\/\/ongadesco.org\/fr\/wp-content\/uploads\/2022\/12\/DSC05445-150x150-1.jpg\" class=\"attachment-full size-full wp-post-image\" alt=\"\" \/>\r\n\r\n        <\/a>\r\n    <\/div>\r\n    <p class=\"excerpt post_excerpt\">\r\n        Le Programme Elargi de Vaccination (PEV) qui a d\u00e9marr\u00e9 au Togo en 1980 reste une priorit\u00e9 pour le pays. Le <a  class=\"read-more\" href=\"https:\/\/ongadesco.org\/fr\/prive-developpement-harmonieux-de-lenfant-conseils-nutritionnels-vaccination-suivi-de-la-croissance-cpc-cantines-scolaires\/?related_post_from=286\"> Lire la suite<\/a>    <\/p>\r\n                <\/div>\r\n            \r\n    <\/div>\r\n\r\n    <script>\r\n            <\/script>\r\n    <style>\r\n        .related-post {}\r\n\r\n        .related-post .post-list {\r\n            text-align: left;\r\n                    }\r\n\r\n        .related-post .post-list .item {\r\n            margin: 10px;\r\n            padding: 0px;\r\n                    }\r\n\r\n        .related-post .headline {\r\n            font-size: 18px !important;\r\n            color: #999999 !important;\r\n                    }\r\n\r\n        .related-post .post-list .item .post_title {\r\n            font-size: 16px;\r\n            color: #dd3333;\r\n            margin: 10px 0px;\r\n            padding: 0px;\r\n            display: block;\r\n            text-decoration: none;\r\n                    }\r\n\r\n        .related-post .post-list .item .post_thumb {\r\n            max-height: 220px;\r\n            margin: 10px 0px;\r\n            padding: 0px;\r\n            display: block;\r\n                    }\r\n\r\n        .related-post .post-list .item .post_excerpt {\r\n            font-size: 13px;\r\n            color: #3f3f3f;\r\n            margin: 10px 0px;\r\n            padding: 0px;\r\n            display: block;\r\n            text-decoration: none;\r\n                    }\r\n\r\n        @media only screen and (min-width: 1024px) {\r\n            .related-post .post-list .item {\r\n                width: 45%;\r\n            }\r\n        }\r\n\r\n        @media only screen and (min-width: 768px) and (max-width: 1023px) {\r\n            .related-post .post-list .item {\r\n                width: 90%;\r\n            }\r\n        }\r\n\r\n        @media only screen and (min-width: 0px) and (max-width: 767px) {\r\n            .related-post .post-list .item {\r\n                width: 90%;\r\n            }\r\n        }\r\n\r\n            <\/style>\r\n        <\/div>\r\n","protected":false},"excerpt":{"rendered":"<p>Depuis plus de 26 ans, en collaboration avec&nbsp; l\u2019Etat Togolais, les partenaires techniques et financiers (PTF) et les communaut\u00e9s, l\u2019ONG Appui au d\u00e9veloppement et \u00e0 la sant\u00e9 communautaire (ADESCO) \u0153uvre pour r\u00e9pondre aux besoins fondamentaux des populations togolaises vuln\u00e9rables en mati\u00e8re d\u2019acc\u00e8s \u00e0 la sant\u00e9 surtout en milieu rural. A cet effet, elle m\u00e8ne plusieurs [&hellip;]<\/p>\n","protected":false},"author":1,"featured_media":270,"comment_status":"open","ping_status":"open","sticky":false,"template":"","format":"standard","meta":{"footnotes":""},"categories":[5],"tags":[],"class_list":["post-267","post","type-post","status-publish","format-standard","has-post-thumbnail","hentry","category-prestations"],"yoast_head":"<!-- This site is optimized with the Yoast SEO plugin v19.14 - https:\/\/yoast.com\/wordpress\/plugins\/seo\/ -->\n<title>Autonomisation de la femme et de la jeune fille\/Lutte contre les violences bas\u00e9es sur le genre - ONG Adesco<\/title>\n<meta name=\"robots\" content=\"index, follow, max-snippet:-1, max-image-preview:large, max-video-preview:-1\" \/>\n<link rel=\"canonical\" href=\"https:\/\/ongadesco.org\/fr\/autonomisation-de-la-femme-et-de-la-jeune-fille-lutte-contre-les-violences-basees-sur-le-genre\/\" \/>\n<meta property=\"og:locale\" content=\"fr_FR\" \/>\n<meta property=\"og:type\" content=\"article\" \/>\n<meta property=\"og:title\" content=\"Autonomisation de la femme et de la jeune fille\/Lutte contre les violences bas\u00e9es sur le genre - ONG Adesco\" \/>\n<meta property=\"og:description\" content=\"Depuis plus de 26 ans, en collaboration avec&nbsp; l\u2019Etat Togolais, les partenaires techniques et financiers (PTF) et les communaut\u00e9s, l\u2019ONG Appui au d\u00e9veloppement et \u00e0 la sant\u00e9 communautaire (ADESCO) \u0153uvre pour r\u00e9pondre aux besoins fondamentaux des populations togolaises vuln\u00e9rables en mati\u00e8re d\u2019acc\u00e8s \u00e0 la sant\u00e9 surtout en milieu rural. A cet effet, elle m\u00e8ne plusieurs [&hellip;]\" \/>\n<meta property=\"og:url\" content=\"https:\/\/ongadesco.org\/fr\/autonomisation-de-la-femme-et-de-la-jeune-fille-lutte-contre-les-violences-basees-sur-le-genre\/\" \/>\n<meta property=\"og:site_name\" content=\"ONG Adesco\" \/>\n<meta property=\"article:publisher\" content=\"https:\/\/facebook.com\/adescosantedeveloppement\" \/>\n<meta property=\"article:published_time\" content=\"2022-12-15T12:14:05+00:00\" \/>\n<meta property=\"article:modified_time\" content=\"2022-12-15T12:15:21+00:00\" \/>\n<meta property=\"og:image\" content=\"https:\/\/ongadesco.org\/fr\/wp-content\/uploads\/2022\/12\/gf-150x150-1-1.jpg\" \/>\n\t<meta property=\"og:image:width\" content=\"150\" \/>\n\t<meta property=\"og:image:height\" content=\"150\" \/>\n\t<meta property=\"og:image:type\" content=\"image\/jpeg\" \/>\n<meta name=\"author\" content=\"foganbidi2@gmail.com\" \/>\n<meta name=\"twitter:card\" content=\"summary_large_image\" \/>\n<meta name=\"twitter:creator\" content=\"@ongadesco\" \/>\n<meta name=\"twitter:site\" content=\"@ongadesco\" \/>\n<meta name=\"twitter:label1\" content=\"\u00c9crit par\" \/>\n\t<meta name=\"twitter:data1\" content=\"foganbidi2@gmail.com\" \/>\n\t<meta name=\"twitter:label2\" content=\"Dur\u00e9e de lecture estim\u00e9e\" \/>\n\t<meta name=\"twitter:data2\" content=\"6 minutes\" \/>\n<script type=\"application\/ld+json\" class=\"yoast-schema-graph\">{\"@context\":\"https:\/\/schema.org\",\"@graph\":[{\"@type\":\"Article\",\"@id\":\"https:\/\/ongadesco.org\/fr\/autonomisation-de-la-femme-et-de-la-jeune-fille-lutte-contre-les-violences-basees-sur-le-genre\/#article\",\"isPartOf\":{\"@id\":\"https:\/\/ongadesco.org\/fr\/autonomisation-de-la-femme-et-de-la-jeune-fille-lutte-contre-les-violences-basees-sur-le-genre\/\"},\"author\":{\"name\":\"foganbidi2@gmail.com\",\"@id\":\"https:\/\/ongadesco.org\/fr\/#\/schema\/person\/69a26776e2e929d80b99cca5a8fcc0fe\"},\"headline\":\"Autonomisation de la femme et de la jeune fille\/Lutte contre les violences bas\u00e9es sur le genre\",\"datePublished\":\"2022-12-15T12:14:05+00:00\",\"dateModified\":\"2022-12-15T12:15:21+00:00\",\"mainEntityOfPage\":{\"@id\":\"https:\/\/ongadesco.org\/fr\/autonomisation-de-la-femme-et-de-la-jeune-fille-lutte-contre-les-violences-basees-sur-le-genre\/\"},\"wordCount\":1280,\"commentCount\":0,\"publisher\":{\"@id\":\"https:\/\/ongadesco.org\/fr\/#organization\"},\"articleSection\":[\"prestations\"],\"inLanguage\":\"fr-FR\",\"potentialAction\":[{\"@type\":\"CommentAction\",\"name\":\"Comment\",\"target\":[\"https:\/\/ongadesco.org\/fr\/autonomisation-de-la-femme-et-de-la-jeune-fille-lutte-contre-les-violences-basees-sur-le-genre\/#respond\"]}]},{\"@type\":\"WebPage\",\"@id\":\"https:\/\/ongadesco.org\/fr\/autonomisation-de-la-femme-et-de-la-jeune-fille-lutte-contre-les-violences-basees-sur-le-genre\/\",\"url\":\"https:\/\/ongadesco.org\/fr\/autonomisation-de-la-femme-et-de-la-jeune-fille-lutte-contre-les-violences-basees-sur-le-genre\/\",\"name\":\"Autonomisation de la femme et de la jeune fille\/Lutte contre les violences bas\u00e9es sur le genre - ONG Adesco\",\"isPartOf\":{\"@id\":\"https:\/\/ongadesco.org\/fr\/#website\"},\"datePublished\":\"2022-12-15T12:14:05+00:00\",\"dateModified\":\"2022-12-15T12:15:21+00:00\",\"breadcrumb\":{\"@id\":\"https:\/\/ongadesco.org\/fr\/autonomisation-de-la-femme-et-de-la-jeune-fille-lutte-contre-les-violences-basees-sur-le-genre\/#breadcrumb\"},\"inLanguage\":\"fr-FR\",\"potentialAction\":[{\"@type\":\"ReadAction\",\"target\":[\"https:\/\/ongadesco.org\/fr\/autonomisation-de-la-femme-et-de-la-jeune-fille-lutte-contre-les-violences-basees-sur-le-genre\/\"]}]},{\"@type\":\"BreadcrumbList\",\"@id\":\"https:\/\/ongadesco.org\/fr\/autonomisation-de-la-femme-et-de-la-jeune-fille-lutte-contre-les-violences-basees-sur-le-genre\/#breadcrumb\",\"itemListElement\":[{\"@type\":\"ListItem\",\"position\":1,\"name\":\"Accueil\",\"item\":\"https:\/\/ongadesco.org\/fr\/\"},{\"@type\":\"ListItem\",\"position\":2,\"name\":\"Autonomisation de la femme et de la jeune fille\/Lutte contre les violences bas\u00e9es sur le genre\"}]},{\"@type\":\"WebSite\",\"@id\":\"https:\/\/ongadesco.org\/fr\/#website\",\"url\":\"https:\/\/ongadesco.org\/fr\/\",\"name\":\"ONG Adesco\",\"description\":\"\",\"publisher\":{\"@id\":\"https:\/\/ongadesco.org\/fr\/#organization\"},\"potentialAction\":[{\"@type\":\"SearchAction\",\"target\":{\"@type\":\"EntryPoint\",\"urlTemplate\":\"https:\/\/ongadesco.org\/fr\/?s={search_term_string}\"},\"query-input\":\"required name=search_term_string\"}],\"inLanguage\":\"fr-FR\"},{\"@type\":\"Organization\",\"@id\":\"https:\/\/ongadesco.org\/fr\/#organization\",\"name\":\"ONG Adesco\",\"url\":\"https:\/\/ongadesco.org\/fr\/\",\"logo\":{\"@type\":\"ImageObject\",\"inLanguage\":\"fr-FR\",\"@id\":\"https:\/\/ongadesco.org\/fr\/#\/schema\/logo\/image\/\",\"url\":\"https:\/\/ongadesco.org\/fr\/wp-content\/uploads\/2022\/12\/logo2.png\",\"contentUrl\":\"https:\/\/ongadesco.org\/fr\/wp-content\/uploads\/2022\/12\/logo2.png\",\"width\":134,\"height\":45,\"caption\":\"ONG Adesco\"},\"image\":{\"@id\":\"https:\/\/ongadesco.org\/fr\/#\/schema\/logo\/image\/\"},\"sameAs\":[\"https:\/\/web.whatsapp.com\/\",\"https:\/\/whatsapp.com\/\",\"https:\/\/facebook.com\/adescosantedeveloppement\",\"https:\/\/twitter.com\/ongadesco\"]},{\"@type\":\"Person\",\"@id\":\"https:\/\/ongadesco.org\/fr\/#\/schema\/person\/69a26776e2e929d80b99cca5a8fcc0fe\",\"name\":\"foganbidi2@gmail.com\",\"image\":{\"@type\":\"ImageObject\",\"inLanguage\":\"fr-FR\",\"@id\":\"https:\/\/ongadesco.org\/fr\/#\/schema\/person\/image\/\",\"url\":\"https:\/\/secure.gravatar.com\/avatar\/1cfd0cba56e073bb0f6a026587d7c778ed740d18351f35945b0249b416024315?s=96&d=mm&r=g\",\"contentUrl\":\"https:\/\/secure.gravatar.com\/avatar\/1cfd0cba56e073bb0f6a026587d7c778ed740d18351f35945b0249b416024315?s=96&d=mm&r=g\",\"caption\":\"foganbidi2@gmail.com\"},\"sameAs\":[\"https:\/\/ongadesco.org\/fr\"],\"url\":\"https:\/\/ongadesco.org\/fr\/author\/foganbidi2gmail-com\/\"}]}<\/script>\n<!-- \/ Yoast SEO plugin. -->","yoast_head_json":{"title":"Autonomisation de la femme et de la jeune fille\/Lutte contre les violences bas\u00e9es sur le genre - ONG Adesco","robots":{"index":"index","follow":"follow","max-snippet":"max-snippet:-1","max-image-preview":"max-image-preview:large","max-video-preview":"max-video-preview:-1"},"canonical":"https:\/\/ongadesco.org\/fr\/autonomisation-de-la-femme-et-de-la-jeune-fille-lutte-contre-les-violences-basees-sur-le-genre\/","og_locale":"fr_FR","og_type":"article","og_title":"Autonomisation de la femme et de la jeune fille\/Lutte contre les violences bas\u00e9es sur le genre - ONG Adesco","og_description":"Depuis plus de 26 ans, en collaboration avec&nbsp; l\u2019Etat Togolais, les partenaires techniques et financiers (PTF) et les communaut\u00e9s, l\u2019ONG Appui au d\u00e9veloppement et \u00e0 la sant\u00e9 communautaire (ADESCO) \u0153uvre pour r\u00e9pondre aux besoins fondamentaux des populations togolaises vuln\u00e9rables en mati\u00e8re d\u2019acc\u00e8s \u00e0 la sant\u00e9 surtout en milieu rural. A cet effet, elle m\u00e8ne plusieurs [&hellip;]","og_url":"https:\/\/ongadesco.org\/fr\/autonomisation-de-la-femme-et-de-la-jeune-fille-lutte-contre-les-violences-basees-sur-le-genre\/","og_site_name":"ONG Adesco","article_publisher":"https:\/\/facebook.com\/adescosantedeveloppement","article_published_time":"2022-12-15T12:14:05+00:00","article_modified_time":"2022-12-15T12:15:21+00:00","og_image":[{"width":150,"height":150,"url":"https:\/\/ongadesco.org\/fr\/wp-content\/uploads\/2022\/12\/gf-150x150-1-1.jpg","type":"image\/jpeg"}],"author":"foganbidi2@gmail.com","twitter_card":"summary_large_image","twitter_creator":"@ongadesco","twitter_site":"@ongadesco","twitter_misc":{"\u00c9crit par":"foganbidi2@gmail.com","Dur\u00e9e de lecture estim\u00e9e":"6 minutes"},"schema":{"@context":"https:\/\/schema.org","@graph":[{"@type":"Article","@id":"https:\/\/ongadesco.org\/fr\/autonomisation-de-la-femme-et-de-la-jeune-fille-lutte-contre-les-violences-basees-sur-le-genre\/#article","isPartOf":{"@id":"https:\/\/ongadesco.org\/fr\/autonomisation-de-la-femme-et-de-la-jeune-fille-lutte-contre-les-violences-basees-sur-le-genre\/"},"author":{"name":"foganbidi2@gmail.com","@id":"https:\/\/ongadesco.org\/fr\/#\/schema\/person\/69a26776e2e929d80b99cca5a8fcc0fe"},"headline":"Autonomisation de la femme et de la jeune fille\/Lutte contre les violences bas\u00e9es sur le genre","datePublished":"2022-12-15T12:14:05+00:00","dateModified":"2022-12-15T12:15:21+00:00","mainEntityOfPage":{"@id":"https:\/\/ongadesco.org\/fr\/autonomisation-de-la-femme-et-de-la-jeune-fille-lutte-contre-les-violences-basees-sur-le-genre\/"},"wordCount":1280,"commentCount":0,"publisher":{"@id":"https:\/\/ongadesco.org\/fr\/#organization"},"articleSection":["prestations"],"inLanguage":"fr-FR","potentialAction":[{"@type":"CommentAction","name":"Comment","target":["https:\/\/ongadesco.org\/fr\/autonomisation-de-la-femme-et-de-la-jeune-fille-lutte-contre-les-violences-basees-sur-le-genre\/#respond"]}]},{"@type":"WebPage","@id":"https:\/\/ongadesco.org\/fr\/autonomisation-de-la-femme-et-de-la-jeune-fille-lutte-contre-les-violences-basees-sur-le-genre\/","url":"https:\/\/ongadesco.org\/fr\/autonomisation-de-la-femme-et-de-la-jeune-fille-lutte-contre-les-violences-basees-sur-le-genre\/","name":"Autonomisation de la femme et de la jeune fille\/Lutte contre les violences bas\u00e9es sur le genre - ONG Adesco","isPartOf":{"@id":"https:\/\/ongadesco.org\/fr\/#website"},"datePublished":"2022-12-15T12:14:05+00:00","dateModified":"2022-12-15T12:15:21+00:00","breadcrumb":{"@id":"https:\/\/ongadesco.org\/fr\/autonomisation-de-la-femme-et-de-la-jeune-fille-lutte-contre-les-violences-basees-sur-le-genre\/#breadcrumb"},"inLanguage":"fr-FR","potentialAction":[{"@type":"ReadAction","target":["https:\/\/ongadesco.org\/fr\/autonomisation-de-la-femme-et-de-la-jeune-fille-lutte-contre-les-violences-basees-sur-le-genre\/"]}]},{"@type":"BreadcrumbList","@id":"https:\/\/ongadesco.org\/fr\/autonomisation-de-la-femme-et-de-la-jeune-fille-lutte-contre-les-violences-basees-sur-le-genre\/#breadcrumb","itemListElement":[{"@type":"ListItem","position":1,"name":"Accueil","item":"https:\/\/ongadesco.org\/fr\/"},{"@type":"ListItem","position":2,"name":"Autonomisation de la femme et de la jeune fille\/Lutte contre les violences bas\u00e9es sur le genre"}]},{"@type":"WebSite","@id":"https:\/\/ongadesco.org\/fr\/#website","url":"https:\/\/ongadesco.org\/fr\/","name":"ONG Adesco","description":"","publisher":{"@id":"https:\/\/ongadesco.org\/fr\/#organization"},"potentialAction":[{"@type":"SearchAction","target":{"@type":"EntryPoint","urlTemplate":"https:\/\/ongadesco.org\/fr\/?s={search_term_string}"},"query-input":"required name=search_term_string"}],"inLanguage":"fr-FR"},{"@type":"Organization","@id":"https:\/\/ongadesco.org\/fr\/#organization","name":"ONG Adesco","url":"https:\/\/ongadesco.org\/fr\/","logo":{"@type":"ImageObject","inLanguage":"fr-FR","@id":"https:\/\/ongadesco.org\/fr\/#\/schema\/logo\/image\/","url":"https:\/\/ongadesco.org\/fr\/wp-content\/uploads\/2022\/12\/logo2.png","contentUrl":"https:\/\/ongadesco.org\/fr\/wp-content\/uploads\/2022\/12\/logo2.png","width":134,"height":45,"caption":"ONG Adesco"},"image":{"@id":"https:\/\/ongadesco.org\/fr\/#\/schema\/logo\/image\/"},"sameAs":["https:\/\/web.whatsapp.com\/","https:\/\/whatsapp.com\/","https:\/\/facebook.com\/adescosantedeveloppement","https:\/\/twitter.com\/ongadesco"]},{"@type":"Person","@id":"https:\/\/ongadesco.org\/fr\/#\/schema\/person\/69a26776e2e929d80b99cca5a8fcc0fe","name":"foganbidi2@gmail.com","image":{"@type":"ImageObject","inLanguage":"fr-FR","@id":"https:\/\/ongadesco.org\/fr\/#\/schema\/person\/image\/","url":"https:\/\/secure.gravatar.com\/avatar\/1cfd0cba56e073bb0f6a026587d7c778ed740d18351f35945b0249b416024315?s=96&d=mm&r=g","contentUrl":"https:\/\/secure.gravatar.com\/avatar\/1cfd0cba56e073bb0f6a026587d7c778ed740d18351f35945b0249b416024315?s=96&d=mm&r=g","caption":"foganbidi2@gmail.com"},"sameAs":["https:\/\/ongadesco.org\/fr"],"url":"https:\/\/ongadesco.org\/fr\/author\/foganbidi2gmail-com\/"}]}},"_links":{"self":[{"href":"https:\/\/ongadesco.org\/fr\/wp-json\/wp\/v2\/posts\/267","targetHints":{"allow":["GET"]}}],"collection":[{"href":"https:\/\/ongadesco.org\/fr\/wp-json\/wp\/v2\/posts"}],"about":[{"href":"https:\/\/ongadesco.org\/fr\/wp-json\/wp\/v2\/types\/post"}],"author":[{"embeddable":true,"href":"https:\/\/ongadesco.org\/fr\/wp-json\/wp\/v2\/users\/1"}],"replies":[{"embeddable":true,"href":"https:\/\/ongadesco.org\/fr\/wp-json\/wp\/v2\/comments?post=267"}],"version-history":[{"count":1,"href":"https:\/\/ongadesco.org\/fr\/wp-json\/wp\/v2\/posts\/267\/revisions"}],"predecessor-version":[{"id":268,"href":"https:\/\/ongadesco.org\/fr\/wp-json\/wp\/v2\/posts\/267\/revisions\/268"}],"wp:featuredmedia":[{"embeddable":true,"href":"https:\/\/ongadesco.org\/fr\/wp-json\/wp\/v2\/media\/270"}],"wp:attachment":[{"href":"https:\/\/ongadesco.org\/fr\/wp-json\/wp\/v2\/media?parent=267"}],"wp:term":[{"taxonomy":"category","embeddable":true,"href":"https:\/\/ongadesco.org\/fr\/wp-json\/wp\/v2\/categories?post=267"},{"taxonomy":"post_tag","embeddable":true,"href":"https:\/\/ongadesco.org\/fr\/wp-json\/wp\/v2\/tags?post=267"}],"curies":[{"name":"wp","href":"https:\/\/api.w.org\/{rel}","templated":true}]}}