{"id":271,"date":"2022-12-15T13:17:20","date_gmt":"2022-12-15T12:17:20","guid":{"rendered":"https:\/\/ongadesco.org\/fr\/?p=271"},"modified":"2022-12-15T13:17:21","modified_gmt":"2022-12-15T12:17:21","slug":"lutte-contre-les-ist-vih-sida-paludisme-et-tuberculose","status":"publish","type":"post","link":"https:\/\/ongadesco.org\/fr\/lutte-contre-les-ist-vih-sida-paludisme-et-tuberculose\/","title":{"rendered":"Lutte contre les IST\/VIH-SIDA, Paludisme et Tuberculose"},"content":{"rendered":"\n<p>L\u2019ONG ADESCO qui depuis sa cr\u00e9ation en 1995, s\u2019est investie comme une ONG de sant\u00e9, aux c\u00f4t\u00e9s de l\u2019Etat et des communaut\u00e9s pour la r\u00e9duction de la pr\u00e9valence de ces maladies. Ainsi, avec l\u2019appui du SP\/CNLS-IST, PNLS-IST, PNLT, PNLP, des Plateformes et faiti\u00e8res et d\u2019autres partenaires, ADESCO renforce la communication pour l\u2019adoption des comportements responsables surtout des adolescents et jeunes et le maintien des pratiques familiales essentielles (PFE). Les actions suivantes sont mise en \u0153uvre par l\u2019ONG ADESCO dans sa zone d\u2019intervention :<\/p>\n\n\n\n<p><strong>IST\/VIH\/Sida<\/strong><\/p>\n\n\n\n<ul class=\"wp-block-list\">\n<li><strong><em>Un centre de conseils et d\u00e9pistage (CDVA) fixe et mobile <\/em><\/strong>qui permet de faire la promotion\/conseils du d\u00e9pistage actif du VIH surtout des adolescents et jeunes, des femmes enceintes. Environs 14 408 adolescents et jeunes sont conseill\u00e9s et d\u00e9pist\u00e9s au VIH par l\u2019\u00e9quipe d\u2019ADESCO en strat\u00e9gie fixe au CMS Bon-Secours de Kpangalam (Sokod\u00e9) et en strat\u00e9gie mobile dans la communaut\u00e9.<\/li>\n\n\n\n<li><strong><em>Un Service adapt\u00e9 (SA) <\/em><\/strong>pour la prise en charge syndromique des IST (conseils, d\u00e9pistage actif et prise en charge pr\u00e9coce et efficace) surtout chez les adolescents et jeunes, les Professionnels de sexe (PS) et leurs partenaires (boyfriends) et les autres groupes minoritaires.<\/li>\n\n\n\n<li><strong><em>Accr\u00e9ditation des structures de prise en m\u00e9dicale de l\u2019ONG\/ADESCO par le PNLS-IST&nbsp;et accompagnement psychosociale des PVVIH&nbsp;: <\/em><\/strong>avec un personnel qualifi\u00e9 et qui b\u00e9n\u00e9ficie de renforcement de comp\u00e9tences gr\u00e2ce&nbsp; aux partenaires dont le PNLS-IST, la DRS\/RC, ADESCO offre des services de prise en charge m\u00e9dicale et nutritionnelle (ARV, Infections Opportunistes,) aux PVVIH, Visites \u00e0 domicile et hospitali\u00e8re (VAD\/VAH) &nbsp;&nbsp;&nbsp;&nbsp;&nbsp;&nbsp;&nbsp;&nbsp;&nbsp;&nbsp;&nbsp;&nbsp;&nbsp;&nbsp;&nbsp;&nbsp;&nbsp;&nbsp;des PVVIH.<\/li>\n\n\n\n<li><strong><em>Un site PTME au sein du CMS \u00ab&nbsp;Bon-Secours&nbsp;\u00bb de ADESCO <\/em><\/strong>(un des tous premiers de la r\u00e9gion) implant\u00e9 en partenariat avec le PNLS-IST\/Fonds Mondial. &nbsp;Ce site permet d\u2019offrir des services&nbsp; de conseils, d\u00e9pistage et prise en charge des femmes enceintes s\u00e9ropositives et leurs partenaires, les femmes en \u00e2ge de procr\u00e9er.<\/li>\n\n\n\n<li><strong><em>Un r\u00e9seau de m\u00e9diateurs et conseillers psycho-sociaux<\/em><\/strong> qui \u00e0 travers le porte \u00e0 porte, les VAD aussi \u00e0 l\u2019h\u00f4pital que dans les m\u00e9nages assurent un soutien aux PVVIH et \u00e0 leurs familles (organisation des clubs d\u2019observance, groupe de parole, \u00e9ducation th\u00e9rapeutique des patients, repas conviviaux, recherche des perdus de vue).<\/li>\n<\/ul>\n\n\n\n<p><strong>Paludisme et Tuberculose<\/strong><\/p>\n\n\n\n<p>A travers le r\u00e9seau d\u2019acteurs communautaires (1157 ASC et Relais communautaires) dont les capacit\u00e9s sont renforc\u00e9es et suivis, les actions suivantes sont mises en \u0153uvre par l\u2019ONG\/ADESCO dans sa zone d\u2019intervention :<\/p>\n\n\n\n<ul class=\"wp-block-list\">\n<li>Sensibilisations des populations sur les pratiques familiales essentielles de pr\u00e9vention des maladies dont le paludisme et la tuberculose&nbsp;;<\/li>\n<\/ul>\n\n\n\n<figure class=\"wp-block-image\"><img decoding=\"async\" src=\"http:\/\/ongadesco.org\/admin\/wp-content\/uploads\/2022\/08\/PALU.jpg\" alt=\"\" class=\"wp-image-299\"\/><\/figure>\n\n\n\n<ul class=\"wp-block-list\">\n<li>D\u00e9pistage des cas simples de paludisme (TDR), prise en charge des cas \u00e0 domicile et r\u00e9f\u00e9rence des cas graves vers les formations&nbsp;sanitaires;<\/li>\n\n\n\n<li>Distribution des moustiquaires impr\u00e9gn\u00e9es de longue dur\u00e9e d\u2019action et appui \u00e0 l\u2019installation et suivi de leur utilisation surtout par les femmes enceintes et les enfants&nbsp;;<\/li>\n\n\n\n<li>D\u00e9pistage des cas de tousseurs de plus de deux semaines et r\u00e9f\u00e9rence vers les formations sanitaires.<\/li>\n<\/ul>\n    <div class=\"related-post grid\">\r\n                <div class=\"headline\">Publications similaires<\/div>\r\n        <div class=\"post-list \">\r\n\r\n                        <div class=\"item\">\r\n                    \r\n    <a class=\"title post_title\"  title=\"PRIV\u00c9 : ACTIVIT\u00c9S DU CMS \u00ab\u00a0BON-SECOURS\u00a0\u00bb\" href=\"https:\/\/ongadesco.org\/fr\/prive-activites-du-cms-bon-secours\/?related_post_from=96\">\r\n                PRIV\u00c9 : ACTIVIT\u00c9S DU CMS \u00ab\u00a0BON-SECOURS\u00a0\u00bb    <\/a>\r\n\r\n    <div class=\"thumb post_thumb\">\r\n        <a  title=\"PRIV\u00c9 : ACTIVIT\u00c9S DU CMS \u00ab\u00a0BON-SECOURS\u00a0\u00bb\" href=\"https:\/\/ongadesco.org\/fr\/prive-activites-du-cms-bon-secours\/?related_post_from=96\">\r\n\r\n            <img loading=\"lazy\" decoding=\"async\" width=\"150\" height=\"150\" src=\"https:\/\/ongadesco.org\/fr\/wp-content\/uploads\/2022\/12\/IMG_5418-150x150-1.jpg\" class=\"attachment-full size-full wp-post-image\" alt=\"\" \/>\r\n\r\n        <\/a>\r\n    <\/div>\r\n    <p class=\"excerpt post_excerpt\">\r\n        En vue d\u2019am\u00e9liorer la couverture sanitaire de la ville de Sokod\u00e9&nbsp; en soins de proximit\u00e9, des jeunes dipl\u00f4m\u00e9s sans emploi <a  class=\"read-more\" href=\"https:\/\/ongadesco.org\/fr\/prive-activites-du-cms-bon-secours\/?related_post_from=96\"> Lire la suite<\/a>    <\/p>\r\n                <\/div>\r\n                            <div class=\"item\">\r\n                    \r\n    <a class=\"title post_title\"  title=\"Autonomisation de la femme et de la jeune fille\/Lutte contre les violences bas\u00e9es sur le genre\" href=\"https:\/\/ongadesco.org\/fr\/autonomisation-de-la-femme-et-de-la-jeune-fille-lutte-contre-les-violences-basees-sur-le-genre\/?related_post_from=267\">\r\n                Autonomisation de la femme et de la jeune fille\/Lutte contre les violences bas\u00e9es sur le genre    <\/a>\r\n\r\n    <div class=\"thumb post_thumb\">\r\n        <a  title=\"Autonomisation de la femme et de la jeune fille\/Lutte contre les violences bas\u00e9es sur le genre\" href=\"https:\/\/ongadesco.org\/fr\/autonomisation-de-la-femme-et-de-la-jeune-fille-lutte-contre-les-violences-basees-sur-le-genre\/?related_post_from=267\">\r\n\r\n            <img loading=\"lazy\" decoding=\"async\" width=\"150\" height=\"150\" src=\"https:\/\/ongadesco.org\/fr\/wp-content\/uploads\/2022\/12\/gf-150x150-1-1.jpg\" class=\"attachment-full size-full wp-post-image\" alt=\"\" \/>\r\n\r\n        <\/a>\r\n    <\/div>\r\n    <p class=\"excerpt post_excerpt\">\r\n        Depuis plus de 26 ans, en collaboration avec&nbsp; l\u2019Etat Togolais, les partenaires techniques et financiers (PTF) et les communaut\u00e9s, l\u2019ONG <a  class=\"read-more\" href=\"https:\/\/ongadesco.org\/fr\/autonomisation-de-la-femme-et-de-la-jeune-fille-lutte-contre-les-violences-basees-sur-le-genre\/?related_post_from=267\"> Lire la suite<\/a>    <\/p>\r\n                <\/div>\r\n                            <div class=\"item\">\r\n                    \r\n    <a class=\"title post_title\"  title=\"Lutte contre les IST\/VIH-SIDA, Paludisme et Tuberculose\" href=\"https:\/\/ongadesco.org\/fr\/lutte-contre-les-ist-vih-sida-paludisme-et-tuberculose\/?related_post_from=271\">\r\n                Lutte contre les IST\/VIH-SIDA, Paludisme et Tuberculose    <\/a>\r\n\r\n    <div class=\"thumb post_thumb\">\r\n        <a  title=\"Lutte contre les IST\/VIH-SIDA, Paludisme et Tuberculose\" href=\"https:\/\/ongadesco.org\/fr\/lutte-contre-les-ist-vih-sida-paludisme-et-tuberculose\/?related_post_from=271\">\r\n\r\n            <img loading=\"lazy\" decoding=\"async\" width=\"150\" height=\"150\" src=\"https:\/\/ongadesco.org\/fr\/wp-content\/uploads\/2022\/12\/WhatsApp-Image-2022-07-23-at-09.10.29-1-150x150-1.jpeg\" class=\"attachment-full size-full wp-post-image\" alt=\"\" \/>\r\n\r\n        <\/a>\r\n    <\/div>\r\n    <p class=\"excerpt post_excerpt\">\r\n        L\u2019ONG ADESCO qui depuis sa cr\u00e9ation en 1995, s\u2019est investie comme une ONG de sant\u00e9, aux c\u00f4t\u00e9s de l\u2019Etat et <a  class=\"read-more\" href=\"https:\/\/ongadesco.org\/fr\/lutte-contre-les-ist-vih-sida-paludisme-et-tuberculose\/?related_post_from=271\"> Lire la suite<\/a>    <\/p>\r\n                <\/div>\r\n                            <div class=\"item\">\r\n                    \r\n    <a class=\"title post_title\"  title=\"Mobilisation Communautaire \/ Renforcement de capacit\u00e9s\" href=\"https:\/\/ongadesco.org\/fr\/mobilisation-communautaire-renforcement-de-capacites\/?related_post_from=275\">\r\n                Mobilisation Communautaire \/ Renforcement de capacit\u00e9s    <\/a>\r\n\r\n    <div class=\"thumb post_thumb\">\r\n        <a  title=\"Mobilisation Communautaire \/ Renforcement de capacit\u00e9s\" href=\"https:\/\/ongadesco.org\/fr\/mobilisation-communautaire-renforcement-de-capacites\/?related_post_from=275\">\r\n\r\n            <img loading=\"lazy\" decoding=\"async\" width=\"150\" height=\"150\" src=\"https:\/\/ongadesco.org\/fr\/wp-content\/uploads\/2022\/12\/WhatsApp-Image-2022-05-30-at-19.56.49-150x150-1.jpeg\" class=\"attachment-full size-full wp-post-image\" alt=\"\" \/>\r\n\r\n        <\/a>\r\n    <\/div>\r\n    <p class=\"excerpt post_excerpt\">\r\n        Avec un ancrage communautaire, ADESCO arrive \u00e0 mobiliser les communaut\u00e9s cibles pour la mise en \u0153uvre des diff\u00e9rents projets\/programmes.    <\/p>\r\n                <\/div>\r\n                            <div class=\"item\">\r\n                    \r\n    <a class=\"title post_title\"  title=\"Offre des services conviviaux adapt\u00e9s aux adolescents et jeunes \u00e0 travers le clinique mobile\" href=\"https:\/\/ongadesco.org\/fr\/offre-des-services-conviviaux-adaptes-aux-adolescents-et-jeunes-a-travers-le-clinique-mobile\/?related_post_from=280\">\r\n                Offre des services conviviaux adapt\u00e9s aux adolescents et jeunes \u00e0 travers le clinique mobile    <\/a>\r\n\r\n    <div class=\"thumb post_thumb\">\r\n        <a  title=\"Offre des services conviviaux adapt\u00e9s aux adolescents et jeunes \u00e0 travers le clinique mobile\" href=\"https:\/\/ongadesco.org\/fr\/offre-des-services-conviviaux-adaptes-aux-adolescents-et-jeunes-a-travers-le-clinique-mobile\/?related_post_from=280\">\r\n\r\n            <img loading=\"lazy\" decoding=\"async\" width=\"150\" height=\"150\" src=\"https:\/\/ongadesco.org\/fr\/wp-content\/uploads\/2022\/12\/WhatsApp-Image-2022-04-26-at-21.52.02-1-150x150-1-1.jpeg\" class=\"attachment-full size-full wp-post-image\" alt=\"\" \/>\r\n\r\n        <\/a>\r\n    <\/div>\r\n    <p class=\"excerpt post_excerpt\">\r\n        Gratuitement offerts aux jeunes et adolescents \u00e0 travers la clinique mobile de l\u2019ONG ADESCO, ces services sont entre autres la <a  class=\"read-more\" href=\"https:\/\/ongadesco.org\/fr\/offre-des-services-conviviaux-adaptes-aux-adolescents-et-jeunes-a-travers-le-clinique-mobile\/?related_post_from=280\"> Lire la suite<\/a>    <\/p>\r\n                <\/div>\r\n                            <div class=\"item\">\r\n                    \r\n    <a class=\"title post_title\"  title=\"Priv\u00e9 : Assainissement Total Pilot\u00e9 par la Communaut\u00e9 (ATPC)\" href=\"https:\/\/ongadesco.org\/fr\/prive-assainissement-total-pilote-par-la-communaute-atpc\/?related_post_from=283\">\r\n                Priv\u00e9 : Assainissement Total Pilot\u00e9 par la Communaut\u00e9 (ATPC)    <\/a>\r\n\r\n    <div class=\"thumb post_thumb\">\r\n        <a  title=\"Priv\u00e9 : Assainissement Total Pilot\u00e9 par la Communaut\u00e9 (ATPC)\" href=\"https:\/\/ongadesco.org\/fr\/prive-assainissement-total-pilote-par-la-communaute-atpc\/?related_post_from=283\">\r\n\r\n            <img loading=\"lazy\" decoding=\"async\" width=\"150\" height=\"150\" src=\"https:\/\/ongadesco.org\/fr\/wp-content\/uploads\/2022\/12\/slide1-1-150x150-1.jpg\" class=\"attachment-full size-full wp-post-image\" alt=\"\" \/>\r\n\r\n        <\/a>\r\n    <\/div>\r\n    <p class=\"excerpt post_excerpt\">\r\n        Dans le cadre de la mise en \u0153uvre du projet ATPC (Assainissement Total Pilot\u00e9 par la Communaut\u00e9), l\u2019ONG ADESCO accompagne <a  class=\"read-more\" href=\"https:\/\/ongadesco.org\/fr\/prive-assainissement-total-pilote-par-la-communaute-atpc\/?related_post_from=283\"> Lire la suite<\/a>    <\/p>\r\n                <\/div>\r\n                            <div class=\"item\">\r\n                    \r\n    <a class=\"title post_title\"  title=\"Priv\u00e9 : D\u00e9veloppement harmonieux de l\u2019Enfant (conseils nutritionnels, vaccination, suivi de la croissance CPC, cantines scolaires)\" href=\"https:\/\/ongadesco.org\/fr\/prive-developpement-harmonieux-de-lenfant-conseils-nutritionnels-vaccination-suivi-de-la-croissance-cpc-cantines-scolaires\/?related_post_from=286\">\r\n                Priv\u00e9 : D\u00e9veloppement harmonieux de l\u2019Enfant (conseils nutritionnels, vaccination, suivi de la croissance CPC, cantines scolaires)    <\/a>\r\n\r\n    <div class=\"thumb post_thumb\">\r\n        <a  title=\"Priv\u00e9 : D\u00e9veloppement harmonieux de l\u2019Enfant (conseils nutritionnels, vaccination, suivi de la croissance CPC, cantines scolaires)\" href=\"https:\/\/ongadesco.org\/fr\/prive-developpement-harmonieux-de-lenfant-conseils-nutritionnels-vaccination-suivi-de-la-croissance-cpc-cantines-scolaires\/?related_post_from=286\">\r\n\r\n            <img loading=\"lazy\" decoding=\"async\" width=\"150\" height=\"150\" src=\"https:\/\/ongadesco.org\/fr\/wp-content\/uploads\/2022\/12\/DSC05445-150x150-1.jpg\" class=\"attachment-full size-full wp-post-image\" alt=\"\" \/>\r\n\r\n        <\/a>\r\n    <\/div>\r\n    <p class=\"excerpt post_excerpt\">\r\n        Le Programme Elargi de Vaccination (PEV) qui a d\u00e9marr\u00e9 au Togo en 1980 reste une priorit\u00e9 pour le pays. Le <a  class=\"read-more\" href=\"https:\/\/ongadesco.org\/fr\/prive-developpement-harmonieux-de-lenfant-conseils-nutritionnels-vaccination-suivi-de-la-croissance-cpc-cantines-scolaires\/?related_post_from=286\"> Lire la suite<\/a>    <\/p>\r\n                <\/div>\r\n            \r\n    <\/div>\r\n\r\n    <script>\r\n            <\/script>\r\n    <style>\r\n        .related-post {}\r\n\r\n        .related-post .post-list {\r\n            text-align: left;\r\n                    }\r\n\r\n        .related-post .post-list .item {\r\n            margin: 10px;\r\n            padding: 0px;\r\n                    }\r\n\r\n        .related-post .headline {\r\n            font-size: 18px !important;\r\n            color: #999999 !important;\r\n                    }\r\n\r\n        .related-post .post-list .item .post_title {\r\n            font-size: 16px;\r\n            color: #dd3333;\r\n            margin: 10px 0px;\r\n            padding: 0px;\r\n            display: block;\r\n            text-decoration: none;\r\n                    }\r\n\r\n        .related-post .post-list .item .post_thumb {\r\n            max-height: 220px;\r\n            margin: 10px 0px;\r\n            padding: 0px;\r\n            display: block;\r\n                    }\r\n\r\n        .related-post .post-list .item .post_excerpt {\r\n            font-size: 13px;\r\n            color: #3f3f3f;\r\n            margin: 10px 0px;\r\n            padding: 0px;\r\n            display: block;\r\n            text-decoration: none;\r\n                    }\r\n\r\n        @media only screen and (min-width: 1024px) {\r\n            .related-post .post-list .item {\r\n                width: 45%;\r\n            }\r\n        }\r\n\r\n        @media only screen and (min-width: 768px) and (max-width: 1023px) {\r\n            .related-post .post-list .item {\r\n                width: 90%;\r\n            }\r\n        }\r\n\r\n        @media only screen and (min-width: 0px) and (max-width: 767px) {\r\n            .related-post .post-list .item {\r\n                width: 90%;\r\n            }\r\n        }\r\n\r\n            <\/style>\r\n        <\/div>\r\n","protected":false},"excerpt":{"rendered":"<p>L\u2019ONG ADESCO qui depuis sa cr\u00e9ation en 1995, s\u2019est investie comme une ONG de sant\u00e9, aux c\u00f4t\u00e9s de l\u2019Etat et des communaut\u00e9s pour la r\u00e9duction de la pr\u00e9valence de ces maladies. Ainsi, avec l\u2019appui du SP\/CNLS-IST, PNLS-IST, PNLT, PNLP, des Plateformes et faiti\u00e8res et d\u2019autres partenaires, ADESCO renforce la communication pour l\u2019adoption des comportements responsables [&hellip;]<\/p>\n","protected":false},"author":1,"featured_media":272,"comment_status":"open","ping_status":"open","sticky":false,"template":"","format":"standard","meta":{"footnotes":""},"categories":[5],"tags":[],"class_list":["post-271","post","type-post","status-publish","format-standard","has-post-thumbnail","hentry","category-prestations"],"yoast_head":"<!-- This site is optimized with the Yoast SEO plugin v19.14 - https:\/\/yoast.com\/wordpress\/plugins\/seo\/ -->\n<title>Lutte contre les IST\/VIH-SIDA, Paludisme et Tuberculose - ONG Adesco<\/title>\n<meta name=\"robots\" content=\"index, follow, max-snippet:-1, max-image-preview:large, max-video-preview:-1\" \/>\n<link rel=\"canonical\" href=\"https:\/\/ongadesco.org\/fr\/lutte-contre-les-ist-vih-sida-paludisme-et-tuberculose\/\" \/>\n<meta property=\"og:locale\" content=\"fr_FR\" \/>\n<meta property=\"og:type\" content=\"article\" \/>\n<meta property=\"og:title\" content=\"Lutte contre les IST\/VIH-SIDA, Paludisme et Tuberculose - ONG Adesco\" \/>\n<meta property=\"og:description\" content=\"L\u2019ONG ADESCO qui depuis sa cr\u00e9ation en 1995, s\u2019est investie comme une ONG de sant\u00e9, aux c\u00f4t\u00e9s de l\u2019Etat et des communaut\u00e9s pour la r\u00e9duction de la pr\u00e9valence de ces maladies. Ainsi, avec l\u2019appui du SP\/CNLS-IST, PNLS-IST, PNLT, PNLP, des Plateformes et faiti\u00e8res et d\u2019autres partenaires, ADESCO renforce la communication pour l\u2019adoption des comportements responsables [&hellip;]\" \/>\n<meta property=\"og:url\" content=\"https:\/\/ongadesco.org\/fr\/lutte-contre-les-ist-vih-sida-paludisme-et-tuberculose\/\" \/>\n<meta property=\"og:site_name\" content=\"ONG Adesco\" \/>\n<meta property=\"article:publisher\" content=\"https:\/\/facebook.com\/adescosantedeveloppement\" \/>\n<meta property=\"article:published_time\" content=\"2022-12-15T12:17:20+00:00\" \/>\n<meta property=\"article:modified_time\" content=\"2022-12-15T12:17:21+00:00\" \/>\n<meta property=\"og:image\" content=\"https:\/\/ongadesco.org\/fr\/wp-content\/uploads\/2022\/12\/WhatsApp-Image-2022-07-23-at-09.10.29-1-150x150-1.jpeg\" \/>\n\t<meta property=\"og:image:width\" content=\"150\" \/>\n\t<meta property=\"og:image:height\" content=\"150\" \/>\n\t<meta property=\"og:image:type\" content=\"image\/jpeg\" \/>\n<meta name=\"author\" content=\"foganbidi2@gmail.com\" \/>\n<meta name=\"twitter:card\" content=\"summary_large_image\" \/>\n<meta name=\"twitter:creator\" content=\"@ongadesco\" \/>\n<meta name=\"twitter:site\" content=\"@ongadesco\" \/>\n<meta name=\"twitter:label1\" content=\"\u00c9crit par\" \/>\n\t<meta name=\"twitter:data1\" content=\"foganbidi2@gmail.com\" \/>\n\t<meta name=\"twitter:label2\" content=\"Dur\u00e9e de lecture estim\u00e9e\" \/>\n\t<meta name=\"twitter:data2\" content=\"3 minutes\" \/>\n<script type=\"application\/ld+json\" class=\"yoast-schema-graph\">{\"@context\":\"https:\/\/schema.org\",\"@graph\":[{\"@type\":\"Article\",\"@id\":\"https:\/\/ongadesco.org\/fr\/lutte-contre-les-ist-vih-sida-paludisme-et-tuberculose\/#article\",\"isPartOf\":{\"@id\":\"https:\/\/ongadesco.org\/fr\/lutte-contre-les-ist-vih-sida-paludisme-et-tuberculose\/\"},\"author\":{\"name\":\"foganbidi2@gmail.com\",\"@id\":\"https:\/\/ongadesco.org\/fr\/#\/schema\/person\/69a26776e2e929d80b99cca5a8fcc0fe\"},\"headline\":\"Lutte contre les IST\/VIH-SIDA, Paludisme et Tuberculose\",\"datePublished\":\"2022-12-15T12:17:20+00:00\",\"dateModified\":\"2022-12-15T12:17:21+00:00\",\"mainEntityOfPage\":{\"@id\":\"https:\/\/ongadesco.org\/fr\/lutte-contre-les-ist-vih-sida-paludisme-et-tuberculose\/\"},\"wordCount\":560,\"commentCount\":0,\"publisher\":{\"@id\":\"https:\/\/ongadesco.org\/fr\/#organization\"},\"articleSection\":[\"prestations\"],\"inLanguage\":\"fr-FR\",\"potentialAction\":[{\"@type\":\"CommentAction\",\"name\":\"Comment\",\"target\":[\"https:\/\/ongadesco.org\/fr\/lutte-contre-les-ist-vih-sida-paludisme-et-tuberculose\/#respond\"]}]},{\"@type\":\"WebPage\",\"@id\":\"https:\/\/ongadesco.org\/fr\/lutte-contre-les-ist-vih-sida-paludisme-et-tuberculose\/\",\"url\":\"https:\/\/ongadesco.org\/fr\/lutte-contre-les-ist-vih-sida-paludisme-et-tuberculose\/\",\"name\":\"Lutte contre les IST\/VIH-SIDA, Paludisme et Tuberculose - ONG Adesco\",\"isPartOf\":{\"@id\":\"https:\/\/ongadesco.org\/fr\/#website\"},\"datePublished\":\"2022-12-15T12:17:20+00:00\",\"dateModified\":\"2022-12-15T12:17:21+00:00\",\"breadcrumb\":{\"@id\":\"https:\/\/ongadesco.org\/fr\/lutte-contre-les-ist-vih-sida-paludisme-et-tuberculose\/#breadcrumb\"},\"inLanguage\":\"fr-FR\",\"potentialAction\":[{\"@type\":\"ReadAction\",\"target\":[\"https:\/\/ongadesco.org\/fr\/lutte-contre-les-ist-vih-sida-paludisme-et-tuberculose\/\"]}]},{\"@type\":\"BreadcrumbList\",\"@id\":\"https:\/\/ongadesco.org\/fr\/lutte-contre-les-ist-vih-sida-paludisme-et-tuberculose\/#breadcrumb\",\"itemListElement\":[{\"@type\":\"ListItem\",\"position\":1,\"name\":\"Accueil\",\"item\":\"https:\/\/ongadesco.org\/fr\/\"},{\"@type\":\"ListItem\",\"position\":2,\"name\":\"Lutte contre les IST\/VIH-SIDA, Paludisme et Tuberculose\"}]},{\"@type\":\"WebSite\",\"@id\":\"https:\/\/ongadesco.org\/fr\/#website\",\"url\":\"https:\/\/ongadesco.org\/fr\/\",\"name\":\"ONG Adesco\",\"description\":\"\",\"publisher\":{\"@id\":\"https:\/\/ongadesco.org\/fr\/#organization\"},\"potentialAction\":[{\"@type\":\"SearchAction\",\"target\":{\"@type\":\"EntryPoint\",\"urlTemplate\":\"https:\/\/ongadesco.org\/fr\/?s={search_term_string}\"},\"query-input\":\"required name=search_term_string\"}],\"inLanguage\":\"fr-FR\"},{\"@type\":\"Organization\",\"@id\":\"https:\/\/ongadesco.org\/fr\/#organization\",\"name\":\"ONG Adesco\",\"url\":\"https:\/\/ongadesco.org\/fr\/\",\"logo\":{\"@type\":\"ImageObject\",\"inLanguage\":\"fr-FR\",\"@id\":\"https:\/\/ongadesco.org\/fr\/#\/schema\/logo\/image\/\",\"url\":\"https:\/\/ongadesco.org\/fr\/wp-content\/uploads\/2022\/12\/logo2.png\",\"contentUrl\":\"https:\/\/ongadesco.org\/fr\/wp-content\/uploads\/2022\/12\/logo2.png\",\"width\":134,\"height\":45,\"caption\":\"ONG Adesco\"},\"image\":{\"@id\":\"https:\/\/ongadesco.org\/fr\/#\/schema\/logo\/image\/\"},\"sameAs\":[\"https:\/\/web.whatsapp.com\/\",\"https:\/\/whatsapp.com\/\",\"https:\/\/facebook.com\/adescosantedeveloppement\",\"https:\/\/twitter.com\/ongadesco\"]},{\"@type\":\"Person\",\"@id\":\"https:\/\/ongadesco.org\/fr\/#\/schema\/person\/69a26776e2e929d80b99cca5a8fcc0fe\",\"name\":\"foganbidi2@gmail.com\",\"image\":{\"@type\":\"ImageObject\",\"inLanguage\":\"fr-FR\",\"@id\":\"https:\/\/ongadesco.org\/fr\/#\/schema\/person\/image\/\",\"url\":\"https:\/\/secure.gravatar.com\/avatar\/1cfd0cba56e073bb0f6a026587d7c778ed740d18351f35945b0249b416024315?s=96&d=mm&r=g\",\"contentUrl\":\"https:\/\/secure.gravatar.com\/avatar\/1cfd0cba56e073bb0f6a026587d7c778ed740d18351f35945b0249b416024315?s=96&d=mm&r=g\",\"caption\":\"foganbidi2@gmail.com\"},\"sameAs\":[\"https:\/\/ongadesco.org\/fr\"],\"url\":\"https:\/\/ongadesco.org\/fr\/author\/foganbidi2gmail-com\/\"}]}<\/script>\n<!-- \/ Yoast SEO plugin. -->","yoast_head_json":{"title":"Lutte contre les IST\/VIH-SIDA, Paludisme et Tuberculose - ONG Adesco","robots":{"index":"index","follow":"follow","max-snippet":"max-snippet:-1","max-image-preview":"max-image-preview:large","max-video-preview":"max-video-preview:-1"},"canonical":"https:\/\/ongadesco.org\/fr\/lutte-contre-les-ist-vih-sida-paludisme-et-tuberculose\/","og_locale":"fr_FR","og_type":"article","og_title":"Lutte contre les IST\/VIH-SIDA, Paludisme et Tuberculose - ONG Adesco","og_description":"L\u2019ONG ADESCO qui depuis sa cr\u00e9ation en 1995, s\u2019est investie comme une ONG de sant\u00e9, aux c\u00f4t\u00e9s de l\u2019Etat et des communaut\u00e9s pour la r\u00e9duction de la pr\u00e9valence de ces maladies. Ainsi, avec l\u2019appui du SP\/CNLS-IST, PNLS-IST, PNLT, PNLP, des Plateformes et faiti\u00e8res et d\u2019autres partenaires, ADESCO renforce la communication pour l\u2019adoption des comportements responsables [&hellip;]","og_url":"https:\/\/ongadesco.org\/fr\/lutte-contre-les-ist-vih-sida-paludisme-et-tuberculose\/","og_site_name":"ONG Adesco","article_publisher":"https:\/\/facebook.com\/adescosantedeveloppement","article_published_time":"2022-12-15T12:17:20+00:00","article_modified_time":"2022-12-15T12:17:21+00:00","og_image":[{"width":150,"height":150,"url":"https:\/\/ongadesco.org\/fr\/wp-content\/uploads\/2022\/12\/WhatsApp-Image-2022-07-23-at-09.10.29-1-150x150-1.jpeg","type":"image\/jpeg"}],"author":"foganbidi2@gmail.com","twitter_card":"summary_large_image","twitter_creator":"@ongadesco","twitter_site":"@ongadesco","twitter_misc":{"\u00c9crit par":"foganbidi2@gmail.com","Dur\u00e9e de lecture estim\u00e9e":"3 minutes"},"schema":{"@context":"https:\/\/schema.org","@graph":[{"@type":"Article","@id":"https:\/\/ongadesco.org\/fr\/lutte-contre-les-ist-vih-sida-paludisme-et-tuberculose\/#article","isPartOf":{"@id":"https:\/\/ongadesco.org\/fr\/lutte-contre-les-ist-vih-sida-paludisme-et-tuberculose\/"},"author":{"name":"foganbidi2@gmail.com","@id":"https:\/\/ongadesco.org\/fr\/#\/schema\/person\/69a26776e2e929d80b99cca5a8fcc0fe"},"headline":"Lutte contre les IST\/VIH-SIDA, Paludisme et Tuberculose","datePublished":"2022-12-15T12:17:20+00:00","dateModified":"2022-12-15T12:17:21+00:00","mainEntityOfPage":{"@id":"https:\/\/ongadesco.org\/fr\/lutte-contre-les-ist-vih-sida-paludisme-et-tuberculose\/"},"wordCount":560,"commentCount":0,"publisher":{"@id":"https:\/\/ongadesco.org\/fr\/#organization"},"articleSection":["prestations"],"inLanguage":"fr-FR","potentialAction":[{"@type":"CommentAction","name":"Comment","target":["https:\/\/ongadesco.org\/fr\/lutte-contre-les-ist-vih-sida-paludisme-et-tuberculose\/#respond"]}]},{"@type":"WebPage","@id":"https:\/\/ongadesco.org\/fr\/lutte-contre-les-ist-vih-sida-paludisme-et-tuberculose\/","url":"https:\/\/ongadesco.org\/fr\/lutte-contre-les-ist-vih-sida-paludisme-et-tuberculose\/","name":"Lutte contre les IST\/VIH-SIDA, Paludisme et Tuberculose - ONG Adesco","isPartOf":{"@id":"https:\/\/ongadesco.org\/fr\/#website"},"datePublished":"2022-12-15T12:17:20+00:00","dateModified":"2022-12-15T12:17:21+00:00","breadcrumb":{"@id":"https:\/\/ongadesco.org\/fr\/lutte-contre-les-ist-vih-sida-paludisme-et-tuberculose\/#breadcrumb"},"inLanguage":"fr-FR","potentialAction":[{"@type":"ReadAction","target":["https:\/\/ongadesco.org\/fr\/lutte-contre-les-ist-vih-sida-paludisme-et-tuberculose\/"]}]},{"@type":"BreadcrumbList","@id":"https:\/\/ongadesco.org\/fr\/lutte-contre-les-ist-vih-sida-paludisme-et-tuberculose\/#breadcrumb","itemListElement":[{"@type":"ListItem","position":1,"name":"Accueil","item":"https:\/\/ongadesco.org\/fr\/"},{"@type":"ListItem","position":2,"name":"Lutte contre les IST\/VIH-SIDA, Paludisme et Tuberculose"}]},{"@type":"WebSite","@id":"https:\/\/ongadesco.org\/fr\/#website","url":"https:\/\/ongadesco.org\/fr\/","name":"ONG Adesco","description":"","publisher":{"@id":"https:\/\/ongadesco.org\/fr\/#organization"},"potentialAction":[{"@type":"SearchAction","target":{"@type":"EntryPoint","urlTemplate":"https:\/\/ongadesco.org\/fr\/?s={search_term_string}"},"query-input":"required name=search_term_string"}],"inLanguage":"fr-FR"},{"@type":"Organization","@id":"https:\/\/ongadesco.org\/fr\/#organization","name":"ONG Adesco","url":"https:\/\/ongadesco.org\/fr\/","logo":{"@type":"ImageObject","inLanguage":"fr-FR","@id":"https:\/\/ongadesco.org\/fr\/#\/schema\/logo\/image\/","url":"https:\/\/ongadesco.org\/fr\/wp-content\/uploads\/2022\/12\/logo2.png","contentUrl":"https:\/\/ongadesco.org\/fr\/wp-content\/uploads\/2022\/12\/logo2.png","width":134,"height":45,"caption":"ONG Adesco"},"image":{"@id":"https:\/\/ongadesco.org\/fr\/#\/schema\/logo\/image\/"},"sameAs":["https:\/\/web.whatsapp.com\/","https:\/\/whatsapp.com\/","https:\/\/facebook.com\/adescosantedeveloppement","https:\/\/twitter.com\/ongadesco"]},{"@type":"Person","@id":"https:\/\/ongadesco.org\/fr\/#\/schema\/person\/69a26776e2e929d80b99cca5a8fcc0fe","name":"foganbidi2@gmail.com","image":{"@type":"ImageObject","inLanguage":"fr-FR","@id":"https:\/\/ongadesco.org\/fr\/#\/schema\/person\/image\/","url":"https:\/\/secure.gravatar.com\/avatar\/1cfd0cba56e073bb0f6a026587d7c778ed740d18351f35945b0249b416024315?s=96&d=mm&r=g","contentUrl":"https:\/\/secure.gravatar.com\/avatar\/1cfd0cba56e073bb0f6a026587d7c778ed740d18351f35945b0249b416024315?s=96&d=mm&r=g","caption":"foganbidi2@gmail.com"},"sameAs":["https:\/\/ongadesco.org\/fr"],"url":"https:\/\/ongadesco.org\/fr\/author\/foganbidi2gmail-com\/"}]}},"_links":{"self":[{"href":"https:\/\/ongadesco.org\/fr\/wp-json\/wp\/v2\/posts\/271","targetHints":{"allow":["GET"]}}],"collection":[{"href":"https:\/\/ongadesco.org\/fr\/wp-json\/wp\/v2\/posts"}],"about":[{"href":"https:\/\/ongadesco.org\/fr\/wp-json\/wp\/v2\/types\/post"}],"author":[{"embeddable":true,"href":"https:\/\/ongadesco.org\/fr\/wp-json\/wp\/v2\/users\/1"}],"replies":[{"embeddable":true,"href":"https:\/\/ongadesco.org\/fr\/wp-json\/wp\/v2\/comments?post=271"}],"version-history":[{"count":1,"href":"https:\/\/ongadesco.org\/fr\/wp-json\/wp\/v2\/posts\/271\/revisions"}],"predecessor-version":[{"id":273,"href":"https:\/\/ongadesco.org\/fr\/wp-json\/wp\/v2\/posts\/271\/revisions\/273"}],"wp:featuredmedia":[{"embeddable":true,"href":"https:\/\/ongadesco.org\/fr\/wp-json\/wp\/v2\/media\/272"}],"wp:attachment":[{"href":"https:\/\/ongadesco.org\/fr\/wp-json\/wp\/v2\/media?parent=271"}],"wp:term":[{"taxonomy":"category","embeddable":true,"href":"https:\/\/ongadesco.org\/fr\/wp-json\/wp\/v2\/categories?post=271"},{"taxonomy":"post_tag","embeddable":true,"href":"https:\/\/ongadesco.org\/fr\/wp-json\/wp\/v2\/tags?post=271"}],"curies":[{"name":"wp","href":"https:\/\/api.w.org\/{rel}","templated":true}]}}