{"id":825,"date":"2025-03-22T21:29:20","date_gmt":"2025-03-22T20:29:20","guid":{"rendered":"https:\/\/ongadesco.org\/fr\/?p=825"},"modified":"2025-03-22T21:52:55","modified_gmt":"2025-03-22T20:52:55","slug":"assemblee-generale-ordinaire-2025-de-long-adesco-a-sokode","status":"publish","type":"post","link":"https:\/\/ongadesco.org\/fr\/assemblee-generale-ordinaire-2025-de-long-adesco-a-sokode\/","title":{"rendered":"Assembl\u00e9e G\u00e9n\u00e9rale Ordinaire 2025 d&rsquo;ADESCO \u00e0 Sokod\u00e9."},"content":{"rendered":"\n<p>Le samedi 22 mars 2025, l&rsquo;H\u00f4tel Solim Palace de Sokod\u00e9 a accueilli l&rsquo;Assembl\u00e9e G\u00e9n\u00e9rale Ordinaire (AGO) d\u2019ADESCO. Cet \u00e9v\u00e9nement annuel a rassembl\u00e9 en ligne et en pr\u00e9sentielle, les membres de l&rsquo;organisation, les partenaires techniques et financiers ainsi que les autorit\u00e9s locales pour un bilan des activit\u00e9s de l&rsquo;ann\u00e9e \u00e9coul\u00e9e et la planification des actions futures.<\/p>\n\n\n<div class=\"wp-block-image\">\n<figure class=\"aligncenter size-large\"><img loading=\"lazy\" decoding=\"async\" width=\"1024\" height=\"683\" src=\"https:\/\/ongadesco.org\/fr\/wp-content\/uploads\/2025\/03\/IMG_8085-1024x683.jpg\" alt=\"\" class=\"wp-image-829\" srcset=\"https:\/\/ongadesco.org\/fr\/wp-content\/uploads\/2025\/03\/IMG_8085-1024x683.jpg 1024w, https:\/\/ongadesco.org\/fr\/wp-content\/uploads\/2025\/03\/IMG_8085-300x200.jpg 300w, https:\/\/ongadesco.org\/fr\/wp-content\/uploads\/2025\/03\/IMG_8085-768x512.jpg 768w, https:\/\/ongadesco.org\/fr\/wp-content\/uploads\/2025\/03\/IMG_8085-1536x1024.jpg 1536w, https:\/\/ongadesco.org\/fr\/wp-content\/uploads\/2025\/03\/IMG_8085-2048x1365.jpg 2048w\" sizes=\"auto, (max-width: 1024px) 100vw, 1024px\" \/><figcaption class=\"wp-element-caption\"><em><strong>le 1er conseiller de la commune Tchaoudjo 1 M. YERIMA pronon\u00e7ant son mot de bienvenue<\/strong><\/em><\/figcaption><\/figure>\n<\/div>\n\n\n<p>La rencontre a d\u00e9but\u00e9 \u00e0 8h30 avec l&rsquo;arriv\u00e9e des participants, suivie du mot de bienvenue du repr\u00e9sentant du Maire de Tchaoudjo 1, de l&rsquo;intervention du Pr\u00e9sident du Conseil d&rsquo;Administration (PCA) et du discours d&rsquo;ouverture prononc\u00e9 par le Directeur R\u00e9gional du Planification, du D\u00e9veloppement et de l&rsquo;Am\u00e9nagement du Territoire (DRPDAT).<br>L\u2019un apr\u00e8s l\u2019autre, ils ont soulign\u00e9 l\u2019importance d\u2019une gouvernance efficace et de la transparence financi\u00e8re pour garantir la p\u00e9rennit\u00e9 des actions d\u2019ADESCO puis souhait\u00e9 une bonne s\u00e9ance assortie d&rsquo;\u00e9changes fructueuses.<\/p>\n\n\n<div class=\"wp-block-image\">\n<figure class=\"aligncenter size-large\"><img loading=\"lazy\" decoding=\"async\" width=\"1024\" height=\"683\" src=\"https:\/\/ongadesco.org\/fr\/wp-content\/uploads\/2025\/03\/IMG_8209-1024x683.jpg\" alt=\"\" class=\"wp-image-833\" srcset=\"https:\/\/ongadesco.org\/fr\/wp-content\/uploads\/2025\/03\/IMG_8209-1024x683.jpg 1024w, https:\/\/ongadesco.org\/fr\/wp-content\/uploads\/2025\/03\/IMG_8209-300x200.jpg 300w, https:\/\/ongadesco.org\/fr\/wp-content\/uploads\/2025\/03\/IMG_8209-768x512.jpg 768w, https:\/\/ongadesco.org\/fr\/wp-content\/uploads\/2025\/03\/IMG_8209-1536x1024.jpg 1536w, https:\/\/ongadesco.org\/fr\/wp-content\/uploads\/2025\/03\/IMG_8209-2048x1365.jpg 2048w\" sizes=\"auto, (max-width: 1024px) 100vw, 1024px\" \/><figcaption class=\"wp-element-caption\"><strong><em>les membres du CA en pr\u00e9sentielle \u00e0  l&rsquo;AGO<\/em><\/strong><\/figcaption><\/figure>\n<\/div>\n\n\n<p>Les moments forts de cette AGO ont \u00e9t\u00e9 marqu\u00e9s par le partage des r\u00e9sultats cl\u00e9s des activit\u00e9s r\u00e9alis\u00e9es en 2024, la pr\u00e9sentation du rapport financier valid\u00e9 par le Cabinet SYNEX, ainsi que la pr\u00e9sentation du Plan de Travail Annuel (PTA) 2025. Ces s\u00e9ances ont permis des \u00e9changes constructifs et des d\u00e9bats enrichissants sur les r\u00e9alisations et les d\u00e9fis de l&rsquo;organisation.<\/p>\n\n\n<div class=\"wp-block-image\">\n<figure class=\"aligncenter size-large\"><img loading=\"lazy\" decoding=\"async\" width=\"1024\" height=\"683\" src=\"https:\/\/ongadesco.org\/fr\/wp-content\/uploads\/2025\/03\/IMG_8067-1024x683.jpg\" alt=\"\" class=\"wp-image-831\" srcset=\"https:\/\/ongadesco.org\/fr\/wp-content\/uploads\/2025\/03\/IMG_8067-1024x683.jpg 1024w, https:\/\/ongadesco.org\/fr\/wp-content\/uploads\/2025\/03\/IMG_8067-300x200.jpg 300w, https:\/\/ongadesco.org\/fr\/wp-content\/uploads\/2025\/03\/IMG_8067-768x512.jpg 768w, https:\/\/ongadesco.org\/fr\/wp-content\/uploads\/2025\/03\/IMG_8067-1536x1024.jpg 1536w, https:\/\/ongadesco.org\/fr\/wp-content\/uploads\/2025\/03\/IMG_8067-2048x1365.jpg 2048w\" sizes=\"auto, (max-width: 1024px) 100vw, 1024px\" \/><figcaption class=\"wp-element-caption\"><em><strong>Discussion des membres actifs autour des pr\u00e9sentations<\/strong><\/em><\/figcaption><\/figure>\n<\/div>\n\n\n<p>Les r\u00e9solutions majeures adopt\u00e9es lors de cette AGO incluent :<\/p>\n\n\n\n<ul class=\"wp-block-list\">\n<li>L&rsquo;approbation des comptes sociaux et du rapport financier de l&rsquo;exercice 2024,<\/li>\n\n\n\n<li>La prise d&rsquo;acte du rapport sp\u00e9cial de l&rsquo;auditeur,<\/li>\n\n\n\n<li>L&rsquo;approbation du budget 2025 et la nomination d&rsquo;un nouvel auditeur conform\u00e9ment \u00e0 l&rsquo;acte uniforme SYCEBNL<\/li>\n<\/ul>\n\n\n<div class=\"wp-block-image\">\n<figure class=\"aligncenter size-large\"><img loading=\"lazy\" decoding=\"async\" width=\"1024\" height=\"683\" src=\"https:\/\/ongadesco.org\/fr\/wp-content\/uploads\/2025\/03\/IMG_8295-1024x683.jpg\" alt=\"\" class=\"wp-image-832\" srcset=\"https:\/\/ongadesco.org\/fr\/wp-content\/uploads\/2025\/03\/IMG_8295-1024x683.jpg 1024w, https:\/\/ongadesco.org\/fr\/wp-content\/uploads\/2025\/03\/IMG_8295-300x200.jpg 300w, https:\/\/ongadesco.org\/fr\/wp-content\/uploads\/2025\/03\/IMG_8295-768x512.jpg 768w, https:\/\/ongadesco.org\/fr\/wp-content\/uploads\/2025\/03\/IMG_8295-1536x1024.jpg 1536w, https:\/\/ongadesco.org\/fr\/wp-content\/uploads\/2025\/03\/IMG_8295-2048x1365.jpg 2048w\" sizes=\"auto, (max-width: 1024px) 100vw, 1024px\" \/><figcaption class=\"wp-element-caption\"><em><strong>Adoption des r\u00e9solutions \u00e0 main lev\u00e9e<\/strong><\/em><\/figcaption><\/figure>\n<\/div>\n\n\n<p>L&rsquo;adoption du proc\u00e8s-verbal de la s\u00e9ance, suivie de l&rsquo;intervention du Directeur Ex\u00e9cutif et du mot de cl\u00f4ture du PCA ont mis fin \u00e0 cette s\u00e9ance . Cette Assembl\u00e9e G\u00e9n\u00e9rale Ordinaire a permis de renforcer l&rsquo;engagement d&rsquo;ADESCO envers ses b\u00e9n\u00e9ficiaires et ses partenaires, tout en tra\u00e7ant des perspectives ambitieuses pour l&rsquo;ann\u00e9e 2025. <\/p>\n\n\n\n<p>Les participants se sont s\u00e9par\u00e9s sur une note de satisfaction, dans l&rsquo;espoir que l&rsquo;ann\u00e9e 2025 soit marqu\u00e9e par des actions encore plus impactantes et des r\u00e9sultats significatifs pour le d\u00e9veloppement communautaire et la mission d&rsquo;ADESCO.<\/p>\n\n\n\n<p><\/p>\n    <div class=\"related-post grid\">\r\n                <div class=\"headline\">Publications similaires<\/div>\r\n        <div class=\"post-list \">\r\n\r\n                        <div class=\"item\">\r\n                    \r\n    <a class=\"title post_title\"  title=\"CELEBRATION DE LA JOURNEE MONDIALE DU SIDA : Distribution des pr\u00e9servatifs \u00e0 Sokod\u00e9 par l\u2019ONG ADESCO\" href=\"https:\/\/ongadesco.org\/fr\/celebration-de-la-journee-mondiale-du-sida-distribution-des-preservatifs-a-sokode-par-long-adesco\/?related_post_from=162\">\r\n                CELEBRATION DE LA JOURNEE MONDIALE DU SIDA : Distribution des pr\u00e9servatifs \u00e0 Sokod\u00e9 par l\u2019ONG ADESCO    <\/a>\r\n\r\n    <div class=\"thumb post_thumb\">\r\n        <a  title=\"CELEBRATION DE LA JOURNEE MONDIALE DU SIDA : Distribution des pr\u00e9servatifs \u00e0 Sokod\u00e9 par l\u2019ONG ADESCO\" href=\"https:\/\/ongadesco.org\/fr\/celebration-de-la-journee-mondiale-du-sida-distribution-des-preservatifs-a-sokode-par-long-adesco\/?related_post_from=162\">\r\n\r\n            <img loading=\"lazy\" decoding=\"async\" width=\"150\" height=\"150\" src=\"https:\/\/ongadesco.org\/fr\/wp-content\/uploads\/2022\/12\/WhatsApp-Image-2022-07-23-at-09.10.29-1-150x150-1.jpeg\" class=\"attachment-full size-full wp-post-image\" alt=\"\" \/>\r\n\r\n        <\/a>\r\n    <\/div>\r\n    <p class=\"excerpt post_excerpt\">\r\n        A l\u2019occasion de la c\u00e9l\u00e9bration de la journ\u00e9e mondiale du SIDA le 1er&nbsp;d\u00e9cembre 2021, l\u2019ONG&nbsp;ADESCO&nbsp;en collaboration avec la plateforme nationale <a  class=\"read-more\" href=\"https:\/\/ongadesco.org\/fr\/celebration-de-la-journee-mondiale-du-sida-distribution-des-preservatifs-a-sokode-par-long-adesco\/?related_post_from=162\"> Lire la suite<\/a>    <\/p>\r\n                <\/div>\r\n                            <div class=\"item\">\r\n                    \r\n    <a class=\"title post_title\"  title=\"SANTE-TRANSFORMATION-APPRENTISSAGE : Suivi des activit\u00e9s du projet STARS \u00e0 Dankpen par le staff de l\u2019ONG ADESCO\" href=\"https:\/\/ongadesco.org\/fr\/sante-transformation-apprentissage-suivi-des-activites-du-projet-stars-a-dankpen-par-le-staff-de-long-adesco\/?related_post_from=165\">\r\n                SANTE-TRANSFORMATION-APPRENTISSAGE : Suivi des activit\u00e9s du projet STARS \u00e0 Dankpen par le staff de l\u2019ONG ADESCO    <\/a>\r\n\r\n    <div class=\"thumb post_thumb\">\r\n        <a  title=\"SANTE-TRANSFORMATION-APPRENTISSAGE : Suivi des activit\u00e9s du projet STARS \u00e0 Dankpen par le staff de l\u2019ONG ADESCO\" href=\"https:\/\/ongadesco.org\/fr\/sante-transformation-apprentissage-suivi-des-activites-du-projet-stars-a-dankpen-par-le-staff-de-long-adesco\/?related_post_from=165\">\r\n\r\n            <img loading=\"lazy\" decoding=\"async\" width=\"150\" height=\"145\" src=\"https:\/\/ongadesco.org\/fr\/wp-content\/uploads\/2022\/12\/WhatsApp-Image-2021-12-22-at-16.25.11-240x145-1-150x145-1.jpeg\" class=\"attachment-full size-full wp-post-image\" alt=\"\" \/>\r\n\r\n        <\/a>\r\n    <\/div>\r\n    <p class=\"excerpt post_excerpt\">\r\n        Les activit\u00e9s pr\u00e9vues sur le volet \u00e9cole int\u00e9gr\u00e9 du projet Sant\u00e9, Transformation, Apprentissage pour une R\u00e9ussite Scolaire (STARS) incluent entre <a  class=\"read-more\" href=\"https:\/\/ongadesco.org\/fr\/sante-transformation-apprentissage-suivi-des-activites-du-projet-stars-a-dankpen-par-le-staff-de-long-adesco\/?related_post_from=165\"> Lire la suite<\/a>    <\/p>\r\n                <\/div>\r\n                            <div class=\"item\">\r\n                    \r\n    <a class=\"title post_title\"  title=\"SANTE ET NUTRITION : Histoires de succ\u00e8s : CRS et ses partenaires accompagnent les \u00e9coles \u00e0 cantines scolaires STARS dans la r\u00e9alisation des Champs communautaires\" href=\"https:\/\/ongadesco.org\/fr\/sante-et-nutrition-histoires-de-succes-crs-et-ses-partenaires-accompagnent-les-ecoles-a-cantines-scolaires-stars-dans-la-realisation-des-champs-communautaires\/?related_post_from=168\">\r\n                SANTE ET NUTRITION : Histoires de succ\u00e8s : CRS et ses partenaires accompagnent les \u00e9coles \u00e0 cantines scolaires STARS dans la r\u00e9alisation des Champs communautaires    <\/a>\r\n\r\n    <div class=\"thumb post_thumb\">\r\n        <a  title=\"SANTE ET NUTRITION : Histoires de succ\u00e8s : CRS et ses partenaires accompagnent les \u00e9coles \u00e0 cantines scolaires STARS dans la r\u00e9alisation des Champs communautaires\" href=\"https:\/\/ongadesco.org\/fr\/sante-et-nutrition-histoires-de-succes-crs-et-ses-partenaires-accompagnent-les-ecoles-a-cantines-scolaires-stars-dans-la-realisation-des-champs-communautaires\/?related_post_from=168\">\r\n\r\n            <img loading=\"lazy\" decoding=\"async\" width=\"150\" height=\"150\" src=\"https:\/\/ongadesco.org\/fr\/wp-content\/uploads\/2022\/12\/QD-150x150-1.jpg\" class=\"attachment-full size-full wp-post-image\" alt=\"\" \/>\r\n\r\n        <\/a>\r\n    <\/div>\r\n    <p class=\"excerpt post_excerpt\">\r\n        Catholic Relief Services (CRS) a re\u00e7u un financement de la part du d\u00e9partement des USA en charge de l\u2019agriculture (USDA) <a  class=\"read-more\" href=\"https:\/\/ongadesco.org\/fr\/sante-et-nutrition-histoires-de-succes-crs-et-ses-partenaires-accompagnent-les-ecoles-a-cantines-scolaires-stars-dans-la-realisation-des-champs-communautaires\/?related_post_from=168\"> Lire la suite<\/a>    <\/p>\r\n                <\/div>\r\n                            <div class=\"item\">\r\n                    \r\n    <a class=\"title post_title\"  title=\"Apport du CMS Bon-Secours de l\u2019ONG ADESCO dans la pr\u00e9vention et le traitement des maladies non transmissibles\" href=\"https:\/\/ongadesco.org\/fr\/apport-du-cms-bon-secours-de-long-adesco-dans-la-prevention-et-le-traitement-des-maladies-non-transmissibles\/?related_post_from=171\">\r\n                Apport du CMS Bon-Secours de l\u2019ONG ADESCO dans la pr\u00e9vention et le traitement des maladies non transmissibles    <\/a>\r\n\r\n    <div class=\"thumb post_thumb\">\r\n        <a  title=\"Apport du CMS Bon-Secours de l\u2019ONG ADESCO dans la pr\u00e9vention et le traitement des maladies non transmissibles\" href=\"https:\/\/ongadesco.org\/fr\/apport-du-cms-bon-secours-de-long-adesco-dans-la-prevention-et-le-traitement-des-maladies-non-transmissibles\/?related_post_from=171\">\r\n\r\n            <img loading=\"lazy\" decoding=\"async\" width=\"150\" height=\"150\" src=\"https:\/\/ongadesco.org\/fr\/wp-content\/uploads\/2022\/12\/IMG_20220112_082427_5-150x150-1.jpg\" class=\"attachment-full size-full wp-post-image\" alt=\"\" \/>\r\n\r\n        <\/a>\r\n    <\/div>\r\n    <p class=\"excerpt post_excerpt\">\r\n        Une campagne de sensibilisation, d\u00e9pistage et de traitement gratuit de l'hypertension art\u00e9rielle et du diab\u00e8te est organis\u00e9e les 10, 11 <a  class=\"read-more\" href=\"https:\/\/ongadesco.org\/fr\/apport-du-cms-bon-secours-de-long-adesco-dans-la-prevention-et-le-traitement-des-maladies-non-transmissibles\/?related_post_from=171\"> Lire la suite<\/a>    <\/p>\r\n                <\/div>\r\n                            <div class=\"item\">\r\n                    \r\n    <a class=\"title post_title\"  title=\"VIVRE DANS UN ENVIRONNEMENT SAINT : Trois cantons de la pr\u00e9fecture de M\u00f4 s\u2019engagent\" href=\"https:\/\/ongadesco.org\/fr\/vivre-dans-un-environnement-saint-trois-cantons-de-la-prefecture-de-mo-sengagent\/?related_post_from=174\">\r\n                VIVRE DANS UN ENVIRONNEMENT SAINT : Trois cantons de la pr\u00e9fecture de M\u00f4 s\u2019engagent    <\/a>\r\n\r\n    <div class=\"thumb post_thumb\">\r\n        <a  title=\"VIVRE DANS UN ENVIRONNEMENT SAINT : Trois cantons de la pr\u00e9fecture de M\u00f4 s\u2019engagent\" href=\"https:\/\/ongadesco.org\/fr\/vivre-dans-un-environnement-saint-trois-cantons-de-la-prefecture-de-mo-sengagent\/?related_post_from=174\">\r\n\r\n            <img loading=\"lazy\" decoding=\"async\" width=\"150\" height=\"145\" src=\"https:\/\/ongadesco.org\/fr\/wp-content\/uploads\/2022\/12\/D-240x145-1-150x145-1.jpeg\" class=\"attachment-full size-full wp-post-image\" alt=\"\" \/>\r\n\r\n        <\/a>\r\n    <\/div>\r\n    <p class=\"excerpt post_excerpt\">\r\n        Amener les communaut\u00e9s \u00e0 r\u00e9aliser les latrines familiales pour mettre fin \u00e0 la d\u00e9f\u00e9cation \u00e0 l\u2019air libre, tel est l\u2019objectif <a  class=\"read-more\" href=\"https:\/\/ongadesco.org\/fr\/vivre-dans-un-environnement-saint-trois-cantons-de-la-prefecture-de-mo-sengagent\/?related_post_from=174\"> Lire la suite<\/a>    <\/p>\r\n                <\/div>\r\n                            <div class=\"item\">\r\n                    \r\n    <a class=\"title post_title\"  title=\"Rapprochement des services SSR aux jeunes et adolescents \u00e0 travers la clinique mobile\" href=\"https:\/\/ongadesco.org\/fr\/rapprochement-des-services-ssr-aux-jeunes-et-adolescents-a-travers-la-clinique-mobile\/?related_post_from=177\">\r\n                Rapprochement des services SSR aux jeunes et adolescents \u00e0 travers la clinique mobile    <\/a>\r\n\r\n    <div class=\"thumb post_thumb\">\r\n        <a  title=\"Rapprochement des services SSR aux jeunes et adolescents \u00e0 travers la clinique mobile\" href=\"https:\/\/ongadesco.org\/fr\/rapprochement-des-services-ssr-aux-jeunes-et-adolescents-a-travers-la-clinique-mobile\/?related_post_from=177\">\r\n\r\n            <img loading=\"lazy\" decoding=\"async\" width=\"150\" height=\"145\" src=\"https:\/\/ongadesco.org\/fr\/wp-content\/uploads\/2022\/12\/1-240x145-1-150x145-1.jpeg\" class=\"attachment-full size-full wp-post-image\" alt=\"\" \/>\r\n\r\n        <\/a>\r\n    <\/div>\r\n    <p class=\"excerpt post_excerpt\">\r\n        Gratuitement offerts aux jeunes et adolescents \u00e0 travers la clinique mobile de l\u2019ONG ADESCO, ces services sont entre autres la <a  class=\"read-more\" href=\"https:\/\/ongadesco.org\/fr\/rapprochement-des-services-ssr-aux-jeunes-et-adolescents-a-travers-la-clinique-mobile\/?related_post_from=177\"> Lire la suite<\/a>    <\/p>\r\n                <\/div>\r\n                            <div class=\"item\">\r\n                    \r\n    <a class=\"title post_title\"  title=\"Genre Transformateur et l\u2019Inclusion : 160 membres des r\u00e9seaux villageois de groupes d\u2019\u00e9pargne renforc\u00e9s dans la pr\u00e9fecture de Sotouboua\" href=\"https:\/\/ongadesco.org\/fr\/genre-transformateur-et-linclusion-160-membres-des-reseaux-villageois-de-groupes-depargne-renforces-dans-la-prefecture-de-sotouboua\/?related_post_from=180\">\r\n                Genre Transformateur et l\u2019Inclusion : 160 membres des r\u00e9seaux villageois de groupes d\u2019\u00e9pargne renforc\u00e9s dans la pr\u00e9fecture de Sotouboua    <\/a>\r\n\r\n    <div class=\"thumb post_thumb\">\r\n        <a  title=\"Genre Transformateur et l\u2019Inclusion : 160 membres des r\u00e9seaux villageois de groupes d\u2019\u00e9pargne renforc\u00e9s dans la pr\u00e9fecture de Sotouboua\" href=\"https:\/\/ongadesco.org\/fr\/genre-transformateur-et-linclusion-160-membres-des-reseaux-villageois-de-groupes-depargne-renforces-dans-la-prefecture-de-sotouboua\/?related_post_from=180\">\r\n\r\n            <img loading=\"lazy\" decoding=\"async\" width=\"150\" height=\"145\" src=\"https:\/\/ongadesco.org\/fr\/wp-content\/uploads\/2022\/12\/WhatsApp-Image-2022-02-23-at-15.42.55-1-240x145-1-150x145-1.jpeg\" class=\"attachment-full size-full wp-post-image\" alt=\"\" \/>\r\n\r\n        <\/a>\r\n    <\/div>\r\n    <p class=\"excerpt post_excerpt\">\r\n        A travers des questions-r\u00e9ponses, travaux de groupes, simulations\u2026, 160 membres de 80 r\u00e9seaux villageois de groupes d\u2019\u00e9pargne ont \u00e9t\u00e9 renforc\u00e9s <a  class=\"read-more\" href=\"https:\/\/ongadesco.org\/fr\/genre-transformateur-et-linclusion-160-membres-des-reseaux-villageois-de-groupes-depargne-renforces-dans-la-prefecture-de-sotouboua\/?related_post_from=180\"> Lire la suite<\/a>    <\/p>\r\n                <\/div>\r\n                            <div class=\"item\">\r\n                    \r\n    <a class=\"title post_title\"  title=\"POUR UNE MEILLEURE GESTION DE L\u2019HYGIENE MENSTRUELLE CHEZ LA FEMME ET LA JEUNE FILLE, 120 Encadreurs de clubs sont renforc\u00e9s\" href=\"https:\/\/ongadesco.org\/fr\/pour-une-meilleure-gestion-de-lhygiene-menstruelle-chez-la-femme-et-la-jeune-fille-120-encadreurs-de-clubs-sont-renforces\/?related_post_from=183\">\r\n                POUR UNE MEILLEURE GESTION DE L\u2019HYGIENE MENSTRUELLE CHEZ LA FEMME ET LA JEUNE FILLE, 120 Encadreurs de clubs sont renforc\u00e9s    <\/a>\r\n\r\n    <div class=\"thumb post_thumb\">\r\n        <a  title=\"POUR UNE MEILLEURE GESTION DE L\u2019HYGIENE MENSTRUELLE CHEZ LA FEMME ET LA JEUNE FILLE, 120 Encadreurs de clubs sont renforc\u00e9s\" href=\"https:\/\/ongadesco.org\/fr\/pour-une-meilleure-gestion-de-lhygiene-menstruelle-chez-la-femme-et-la-jeune-fille-120-encadreurs-de-clubs-sont-renforces\/?related_post_from=183\">\r\n\r\n            <img loading=\"lazy\" decoding=\"async\" width=\"150\" height=\"145\" src=\"https:\/\/ongadesco.org\/fr\/wp-content\/uploads\/2022\/12\/IMG_20220311_140847_8-6-240x145-1-150x145-1.jpg\" class=\"attachment-full size-full wp-post-image\" alt=\"\" \/>\r\n\r\n        <\/a>\r\n    <\/div>\r\n    <p class=\"excerpt post_excerpt\">\r\n        Ils sont au total 120 Enseignants identifi\u00e9s comme Encadreurs de clubs et les Points Focaux GHM (Gestion de l\u2019Hygi\u00e8ne Menstruelle) <a  class=\"read-more\" href=\"https:\/\/ongadesco.org\/fr\/pour-une-meilleure-gestion-de-lhygiene-menstruelle-chez-la-femme-et-la-jeune-fille-120-encadreurs-de-clubs-sont-renforces\/?related_post_from=183\"> Lire la suite<\/a>    <\/p>\r\n                <\/div>\r\n                            <div class=\"item\">\r\n                    \r\n    <a class=\"title post_title\"  title=\"Rapprochement des services SSR aux jeunes et adolescents \u00e0 travers la clinique mobile\" href=\"https:\/\/ongadesco.org\/fr\/rapprochement-des-services-ssr-aux-jeunes-et-adolescents-a-travers-la-clinique-mobile-2\/?related_post_from=186\">\r\n                Rapprochement des services SSR aux jeunes et adolescents \u00e0 travers la clinique mobile    <\/a>\r\n\r\n    <div class=\"thumb post_thumb\">\r\n        <a  title=\"Rapprochement des services SSR aux jeunes et adolescents \u00e0 travers la clinique mobile\" href=\"https:\/\/ongadesco.org\/fr\/rapprochement-des-services-ssr-aux-jeunes-et-adolescents-a-travers-la-clinique-mobile-2\/?related_post_from=186\">\r\n\r\n            <img loading=\"lazy\" decoding=\"async\" width=\"150\" height=\"145\" src=\"https:\/\/ongadesco.org\/fr\/wp-content\/uploads\/2022\/12\/DSC06707-240x145-1-150x145-1.jpg\" class=\"attachment-full size-full wp-post-image\" alt=\"\" \/>\r\n\r\n        <\/a>\r\n    <\/div>\r\n    <p class=\"excerpt post_excerpt\">\r\n        Apr\u00e8s la pr\u00e9fecture de Sotouboua, c\u2019est le tour de celle de M\u00f4 d\u2019accueillir la clinique mobile. Pour cette tourn\u00e9e de <a  class=\"read-more\" href=\"https:\/\/ongadesco.org\/fr\/rapprochement-des-services-ssr-aux-jeunes-et-adolescents-a-travers-la-clinique-mobile-2\/?related_post_from=186\"> Lire la suite<\/a>    <\/p>\r\n                <\/div>\r\n                            <div class=\"item\">\r\n                    \r\n    <a class=\"title post_title\"  title=\"60 Encadrants de clubs renforc\u00e9s sur les comp\u00e9tences de vie des Adolescents et Jeunes\" href=\"https:\/\/ongadesco.org\/fr\/60-encadrants-de-clubs-renforces-sur-les-competences-de-vie-des-adolescents-et-jeunes\/?related_post_from=192\">\r\n                60 Encadrants de clubs renforc\u00e9s sur les comp\u00e9tences de vie des Adolescents et Jeunes    <\/a>\r\n\r\n    <div class=\"thumb post_thumb\">\r\n        <a  title=\"60 Encadrants de clubs renforc\u00e9s sur les comp\u00e9tences de vie des Adolescents et Jeunes\" href=\"https:\/\/ongadesco.org\/fr\/60-encadrants-de-clubs-renforces-sur-les-competences-de-vie-des-adolescents-et-jeunes\/?related_post_from=192\">\r\n\r\n            <img loading=\"lazy\" decoding=\"async\" width=\"150\" height=\"150\" src=\"https:\/\/ongadesco.org\/fr\/wp-content\/uploads\/2022\/12\/Encadrants-clubs-150x150-1.jpeg\" class=\"attachment-full size-full wp-post-image\" alt=\"\" \/>\r\n\r\n        <\/a>\r\n    <\/div>\r\n    <p class=\"excerpt post_excerpt\">\r\n        Avec pour objectif sp\u00e9cifique de fournir aux encadrants des clubs des informations et des connaissances de base sur les comp\u00e9tences <a  class=\"read-more\" href=\"https:\/\/ongadesco.org\/fr\/60-encadrants-de-clubs-renforces-sur-les-competences-de-vie-des-adolescents-et-jeunes\/?related_post_from=192\"> Lire la suite<\/a>    <\/p>\r\n                <\/div>\r\n            \r\n    <\/div>\r\n\r\n    <script>\r\n            <\/script>\r\n    <style>\r\n        .related-post {}\r\n\r\n        .related-post .post-list {\r\n            text-align: left;\r\n                    }\r\n\r\n        .related-post .post-list .item {\r\n            margin: 10px;\r\n            padding: 0px;\r\n                    }\r\n\r\n        .related-post .headline {\r\n            font-size: 18px !important;\r\n            color: #999999 !important;\r\n                    }\r\n\r\n        .related-post .post-list .item .post_title {\r\n            font-size: 16px;\r\n            color: #dd3333;\r\n            margin: 10px 0px;\r\n            padding: 0px;\r\n            display: block;\r\n            text-decoration: none;\r\n                    }\r\n\r\n        .related-post .post-list .item .post_thumb {\r\n            max-height: 220px;\r\n            margin: 10px 0px;\r\n            padding: 0px;\r\n            display: block;\r\n                    }\r\n\r\n        .related-post .post-list .item .post_excerpt {\r\n            font-size: 13px;\r\n            color: #3f3f3f;\r\n            margin: 10px 0px;\r\n            padding: 0px;\r\n            display: block;\r\n            text-decoration: none;\r\n                    }\r\n\r\n        @media only screen and (min-width: 1024px) {\r\n            .related-post .post-list .item {\r\n                width: 45%;\r\n            }\r\n        }\r\n\r\n        @media only screen and (min-width: 768px) and (max-width: 1023px) {\r\n            .related-post .post-list .item {\r\n                width: 90%;\r\n            }\r\n        }\r\n\r\n        @media only screen and (min-width: 0px) and (max-width: 767px) {\r\n            .related-post .post-list .item {\r\n                width: 90%;\r\n            }\r\n        }\r\n\r\n            <\/style>\r\n        <\/div>\r\n","protected":false},"excerpt":{"rendered":"<p>Le samedi 22 mars 2025, l&rsquo;H\u00f4tel Solim Palace de Sokod\u00e9 a accueilli l&rsquo;Assembl\u00e9e G\u00e9n\u00e9rale Ordinaire (AGO) d\u2019ADESCO. Cet \u00e9v\u00e9nement annuel a rassembl\u00e9 en ligne et en pr\u00e9sentielle, les membres de l&rsquo;organisation, les partenaires techniques et financiers ainsi que les autorit\u00e9s locales pour un bilan des activit\u00e9s de l&rsquo;ann\u00e9e \u00e9coul\u00e9e et la planification des actions futures. [&hellip;]<\/p>\n","protected":false},"author":2,"featured_media":834,"comment_status":"open","ping_status":"open","sticky":false,"template":"","format":"standard","meta":{"footnotes":""},"categories":[6],"tags":[],"class_list":["post-825","post","type-post","status-publish","format-standard","has-post-thumbnail","hentry","category-activites_realisees"],"yoast_head":"<!-- This site is optimized with the Yoast SEO plugin v19.14 - https:\/\/yoast.com\/wordpress\/plugins\/seo\/ -->\n<title>Assembl\u00e9e G\u00e9n\u00e9rale Ordinaire 2025 d&#039;ADESCO \u00e0 Sokod\u00e9. - ONG Adesco<\/title>\n<meta name=\"robots\" content=\"index, follow, max-snippet:-1, max-image-preview:large, max-video-preview:-1\" \/>\n<link rel=\"canonical\" href=\"https:\/\/ongadesco.org\/fr\/assemblee-generale-ordinaire-2025-de-long-adesco-a-sokode\/\" \/>\n<meta property=\"og:locale\" content=\"fr_FR\" \/>\n<meta property=\"og:type\" content=\"article\" \/>\n<meta property=\"og:title\" content=\"Assembl\u00e9e G\u00e9n\u00e9rale Ordinaire 2025 d&#039;ADESCO \u00e0 Sokod\u00e9. - ONG Adesco\" \/>\n<meta property=\"og:description\" content=\"Le samedi 22 mars 2025, l&rsquo;H\u00f4tel Solim Palace de Sokod\u00e9 a accueilli l&rsquo;Assembl\u00e9e G\u00e9n\u00e9rale Ordinaire (AGO) d\u2019ADESCO. Cet \u00e9v\u00e9nement annuel a rassembl\u00e9 en ligne et en pr\u00e9sentielle, les membres de l&rsquo;organisation, les partenaires techniques et financiers ainsi que les autorit\u00e9s locales pour un bilan des activit\u00e9s de l&rsquo;ann\u00e9e \u00e9coul\u00e9e et la planification des actions futures. [&hellip;]\" \/>\n<meta property=\"og:url\" content=\"https:\/\/ongadesco.org\/fr\/assemblee-generale-ordinaire-2025-de-long-adesco-a-sokode\/\" \/>\n<meta property=\"og:site_name\" content=\"ONG Adesco\" \/>\n<meta property=\"article:publisher\" content=\"https:\/\/facebook.com\/adescosantedeveloppement\" \/>\n<meta property=\"article:published_time\" content=\"2025-03-22T20:29:20+00:00\" \/>\n<meta property=\"article:modified_time\" content=\"2025-03-22T20:52:55+00:00\" \/>\n<meta property=\"og:image\" content=\"https:\/\/ongadesco.org\/fr\/wp-content\/uploads\/2025\/03\/IMG_8252-scaled.jpg\" \/>\n\t<meta property=\"og:image:width\" content=\"2560\" \/>\n\t<meta property=\"og:image:height\" content=\"1707\" \/>\n\t<meta property=\"og:image:type\" content=\"image\/jpeg\" \/>\n<meta name=\"author\" content=\"BON SECOURS\" \/>\n<meta name=\"twitter:card\" content=\"summary_large_image\" \/>\n<meta name=\"twitter:creator\" content=\"@ongadesco\" \/>\n<meta name=\"twitter:site\" content=\"@ongadesco\" \/>\n<meta name=\"twitter:label1\" content=\"\u00c9crit par\" \/>\n\t<meta name=\"twitter:data1\" content=\"BON SECOURS\" \/>\n\t<meta name=\"twitter:label2\" content=\"Dur\u00e9e de lecture estim\u00e9e\" \/>\n\t<meta name=\"twitter:data2\" content=\"3 minutes\" \/>\n<script type=\"application\/ld+json\" class=\"yoast-schema-graph\">{\"@context\":\"https:\/\/schema.org\",\"@graph\":[{\"@type\":\"Article\",\"@id\":\"https:\/\/ongadesco.org\/fr\/assemblee-generale-ordinaire-2025-de-long-adesco-a-sokode\/#article\",\"isPartOf\":{\"@id\":\"https:\/\/ongadesco.org\/fr\/assemblee-generale-ordinaire-2025-de-long-adesco-a-sokode\/\"},\"author\":{\"name\":\"BON SECOURS\",\"@id\":\"https:\/\/ongadesco.org\/fr\/#\/schema\/person\/c751615d9fec211bdc52993ffda2914c\"},\"headline\":\"Assembl\u00e9e G\u00e9n\u00e9rale Ordinaire 2025 d&rsquo;ADESCO \u00e0 Sokod\u00e9.\",\"datePublished\":\"2025-03-22T20:29:20+00:00\",\"dateModified\":\"2025-03-22T20:52:55+00:00\",\"mainEntityOfPage\":{\"@id\":\"https:\/\/ongadesco.org\/fr\/assemblee-generale-ordinaire-2025-de-long-adesco-a-sokode\/\"},\"wordCount\":445,\"commentCount\":0,\"publisher\":{\"@id\":\"https:\/\/ongadesco.org\/fr\/#organization\"},\"articleSection\":[\"activit\u00e9s r\u00e9alis\u00e9es\"],\"inLanguage\":\"fr-FR\",\"potentialAction\":[{\"@type\":\"CommentAction\",\"name\":\"Comment\",\"target\":[\"https:\/\/ongadesco.org\/fr\/assemblee-generale-ordinaire-2025-de-long-adesco-a-sokode\/#respond\"]}]},{\"@type\":\"WebPage\",\"@id\":\"https:\/\/ongadesco.org\/fr\/assemblee-generale-ordinaire-2025-de-long-adesco-a-sokode\/\",\"url\":\"https:\/\/ongadesco.org\/fr\/assemblee-generale-ordinaire-2025-de-long-adesco-a-sokode\/\",\"name\":\"Assembl\u00e9e G\u00e9n\u00e9rale Ordinaire 2025 d'ADESCO \u00e0 Sokod\u00e9. - ONG Adesco\",\"isPartOf\":{\"@id\":\"https:\/\/ongadesco.org\/fr\/#website\"},\"datePublished\":\"2025-03-22T20:29:20+00:00\",\"dateModified\":\"2025-03-22T20:52:55+00:00\",\"breadcrumb\":{\"@id\":\"https:\/\/ongadesco.org\/fr\/assemblee-generale-ordinaire-2025-de-long-adesco-a-sokode\/#breadcrumb\"},\"inLanguage\":\"fr-FR\",\"potentialAction\":[{\"@type\":\"ReadAction\",\"target\":[\"https:\/\/ongadesco.org\/fr\/assemblee-generale-ordinaire-2025-de-long-adesco-a-sokode\/\"]}]},{\"@type\":\"BreadcrumbList\",\"@id\":\"https:\/\/ongadesco.org\/fr\/assemblee-generale-ordinaire-2025-de-long-adesco-a-sokode\/#breadcrumb\",\"itemListElement\":[{\"@type\":\"ListItem\",\"position\":1,\"name\":\"Accueil\",\"item\":\"https:\/\/ongadesco.org\/fr\/\"},{\"@type\":\"ListItem\",\"position\":2,\"name\":\"Assembl\u00e9e G\u00e9n\u00e9rale Ordinaire 2025 d&rsquo;ADESCO \u00e0 Sokod\u00e9.\"}]},{\"@type\":\"WebSite\",\"@id\":\"https:\/\/ongadesco.org\/fr\/#website\",\"url\":\"https:\/\/ongadesco.org\/fr\/\",\"name\":\"ONG Adesco\",\"description\":\"\",\"publisher\":{\"@id\":\"https:\/\/ongadesco.org\/fr\/#organization\"},\"potentialAction\":[{\"@type\":\"SearchAction\",\"target\":{\"@type\":\"EntryPoint\",\"urlTemplate\":\"https:\/\/ongadesco.org\/fr\/?s={search_term_string}\"},\"query-input\":\"required name=search_term_string\"}],\"inLanguage\":\"fr-FR\"},{\"@type\":\"Organization\",\"@id\":\"https:\/\/ongadesco.org\/fr\/#organization\",\"name\":\"ONG Adesco\",\"url\":\"https:\/\/ongadesco.org\/fr\/\",\"logo\":{\"@type\":\"ImageObject\",\"inLanguage\":\"fr-FR\",\"@id\":\"https:\/\/ongadesco.org\/fr\/#\/schema\/logo\/image\/\",\"url\":\"https:\/\/ongadesco.org\/fr\/wp-content\/uploads\/2022\/12\/logo2.png\",\"contentUrl\":\"https:\/\/ongadesco.org\/fr\/wp-content\/uploads\/2022\/12\/logo2.png\",\"width\":134,\"height\":45,\"caption\":\"ONG Adesco\"},\"image\":{\"@id\":\"https:\/\/ongadesco.org\/fr\/#\/schema\/logo\/image\/\"},\"sameAs\":[\"https:\/\/web.whatsapp.com\/\",\"https:\/\/whatsapp.com\/\",\"https:\/\/facebook.com\/adescosantedeveloppement\",\"https:\/\/twitter.com\/ongadesco\"]},{\"@type\":\"Person\",\"@id\":\"https:\/\/ongadesco.org\/fr\/#\/schema\/person\/c751615d9fec211bdc52993ffda2914c\",\"name\":\"BON SECOURS\",\"image\":{\"@type\":\"ImageObject\",\"inLanguage\":\"fr-FR\",\"@id\":\"https:\/\/ongadesco.org\/fr\/#\/schema\/person\/image\/\",\"url\":\"https:\/\/secure.gravatar.com\/avatar\/292d38eb73f2110d75394647166a77246c4f6245c850e83e574755eb8bc46316?s=96&d=mm&r=g\",\"contentUrl\":\"https:\/\/secure.gravatar.com\/avatar\/292d38eb73f2110d75394647166a77246c4f6245c850e83e574755eb8bc46316?s=96&d=mm&r=g\",\"caption\":\"BON SECOURS\"},\"sameAs\":[\"http:\/\/ongadesco.org\"],\"url\":\"https:\/\/ongadesco.org\/fr\/author\/adesco\/\"}]}<\/script>\n<!-- \/ Yoast SEO plugin. -->","yoast_head_json":{"title":"Assembl\u00e9e G\u00e9n\u00e9rale Ordinaire 2025 d'ADESCO \u00e0 Sokod\u00e9. - ONG Adesco","robots":{"index":"index","follow":"follow","max-snippet":"max-snippet:-1","max-image-preview":"max-image-preview:large","max-video-preview":"max-video-preview:-1"},"canonical":"https:\/\/ongadesco.org\/fr\/assemblee-generale-ordinaire-2025-de-long-adesco-a-sokode\/","og_locale":"fr_FR","og_type":"article","og_title":"Assembl\u00e9e G\u00e9n\u00e9rale Ordinaire 2025 d'ADESCO \u00e0 Sokod\u00e9. - ONG Adesco","og_description":"Le samedi 22 mars 2025, l&rsquo;H\u00f4tel Solim Palace de Sokod\u00e9 a accueilli l&rsquo;Assembl\u00e9e G\u00e9n\u00e9rale Ordinaire (AGO) d\u2019ADESCO. Cet \u00e9v\u00e9nement annuel a rassembl\u00e9 en ligne et en pr\u00e9sentielle, les membres de l&rsquo;organisation, les partenaires techniques et financiers ainsi que les autorit\u00e9s locales pour un bilan des activit\u00e9s de l&rsquo;ann\u00e9e \u00e9coul\u00e9e et la planification des actions futures. [&hellip;]","og_url":"https:\/\/ongadesco.org\/fr\/assemblee-generale-ordinaire-2025-de-long-adesco-a-sokode\/","og_site_name":"ONG Adesco","article_publisher":"https:\/\/facebook.com\/adescosantedeveloppement","article_published_time":"2025-03-22T20:29:20+00:00","article_modified_time":"2025-03-22T20:52:55+00:00","og_image":[{"width":2560,"height":1707,"url":"https:\/\/ongadesco.org\/fr\/wp-content\/uploads\/2025\/03\/IMG_8252-scaled.jpg","type":"image\/jpeg"}],"author":"BON SECOURS","twitter_card":"summary_large_image","twitter_creator":"@ongadesco","twitter_site":"@ongadesco","twitter_misc":{"\u00c9crit par":"BON SECOURS","Dur\u00e9e de lecture estim\u00e9e":"3 minutes"},"schema":{"@context":"https:\/\/schema.org","@graph":[{"@type":"Article","@id":"https:\/\/ongadesco.org\/fr\/assemblee-generale-ordinaire-2025-de-long-adesco-a-sokode\/#article","isPartOf":{"@id":"https:\/\/ongadesco.org\/fr\/assemblee-generale-ordinaire-2025-de-long-adesco-a-sokode\/"},"author":{"name":"BON SECOURS","@id":"https:\/\/ongadesco.org\/fr\/#\/schema\/person\/c751615d9fec211bdc52993ffda2914c"},"headline":"Assembl\u00e9e G\u00e9n\u00e9rale Ordinaire 2025 d&rsquo;ADESCO \u00e0 Sokod\u00e9.","datePublished":"2025-03-22T20:29:20+00:00","dateModified":"2025-03-22T20:52:55+00:00","mainEntityOfPage":{"@id":"https:\/\/ongadesco.org\/fr\/assemblee-generale-ordinaire-2025-de-long-adesco-a-sokode\/"},"wordCount":445,"commentCount":0,"publisher":{"@id":"https:\/\/ongadesco.org\/fr\/#organization"},"articleSection":["activit\u00e9s r\u00e9alis\u00e9es"],"inLanguage":"fr-FR","potentialAction":[{"@type":"CommentAction","name":"Comment","target":["https:\/\/ongadesco.org\/fr\/assemblee-generale-ordinaire-2025-de-long-adesco-a-sokode\/#respond"]}]},{"@type":"WebPage","@id":"https:\/\/ongadesco.org\/fr\/assemblee-generale-ordinaire-2025-de-long-adesco-a-sokode\/","url":"https:\/\/ongadesco.org\/fr\/assemblee-generale-ordinaire-2025-de-long-adesco-a-sokode\/","name":"Assembl\u00e9e G\u00e9n\u00e9rale Ordinaire 2025 d'ADESCO \u00e0 Sokod\u00e9. - ONG Adesco","isPartOf":{"@id":"https:\/\/ongadesco.org\/fr\/#website"},"datePublished":"2025-03-22T20:29:20+00:00","dateModified":"2025-03-22T20:52:55+00:00","breadcrumb":{"@id":"https:\/\/ongadesco.org\/fr\/assemblee-generale-ordinaire-2025-de-long-adesco-a-sokode\/#breadcrumb"},"inLanguage":"fr-FR","potentialAction":[{"@type":"ReadAction","target":["https:\/\/ongadesco.org\/fr\/assemblee-generale-ordinaire-2025-de-long-adesco-a-sokode\/"]}]},{"@type":"BreadcrumbList","@id":"https:\/\/ongadesco.org\/fr\/assemblee-generale-ordinaire-2025-de-long-adesco-a-sokode\/#breadcrumb","itemListElement":[{"@type":"ListItem","position":1,"name":"Accueil","item":"https:\/\/ongadesco.org\/fr\/"},{"@type":"ListItem","position":2,"name":"Assembl\u00e9e G\u00e9n\u00e9rale Ordinaire 2025 d&rsquo;ADESCO \u00e0 Sokod\u00e9."}]},{"@type":"WebSite","@id":"https:\/\/ongadesco.org\/fr\/#website","url":"https:\/\/ongadesco.org\/fr\/","name":"ONG Adesco","description":"","publisher":{"@id":"https:\/\/ongadesco.org\/fr\/#organization"},"potentialAction":[{"@type":"SearchAction","target":{"@type":"EntryPoint","urlTemplate":"https:\/\/ongadesco.org\/fr\/?s={search_term_string}"},"query-input":"required name=search_term_string"}],"inLanguage":"fr-FR"},{"@type":"Organization","@id":"https:\/\/ongadesco.org\/fr\/#organization","name":"ONG Adesco","url":"https:\/\/ongadesco.org\/fr\/","logo":{"@type":"ImageObject","inLanguage":"fr-FR","@id":"https:\/\/ongadesco.org\/fr\/#\/schema\/logo\/image\/","url":"https:\/\/ongadesco.org\/fr\/wp-content\/uploads\/2022\/12\/logo2.png","contentUrl":"https:\/\/ongadesco.org\/fr\/wp-content\/uploads\/2022\/12\/logo2.png","width":134,"height":45,"caption":"ONG Adesco"},"image":{"@id":"https:\/\/ongadesco.org\/fr\/#\/schema\/logo\/image\/"},"sameAs":["https:\/\/web.whatsapp.com\/","https:\/\/whatsapp.com\/","https:\/\/facebook.com\/adescosantedeveloppement","https:\/\/twitter.com\/ongadesco"]},{"@type":"Person","@id":"https:\/\/ongadesco.org\/fr\/#\/schema\/person\/c751615d9fec211bdc52993ffda2914c","name":"BON SECOURS","image":{"@type":"ImageObject","inLanguage":"fr-FR","@id":"https:\/\/ongadesco.org\/fr\/#\/schema\/person\/image\/","url":"https:\/\/secure.gravatar.com\/avatar\/292d38eb73f2110d75394647166a77246c4f6245c850e83e574755eb8bc46316?s=96&d=mm&r=g","contentUrl":"https:\/\/secure.gravatar.com\/avatar\/292d38eb73f2110d75394647166a77246c4f6245c850e83e574755eb8bc46316?s=96&d=mm&r=g","caption":"BON SECOURS"},"sameAs":["http:\/\/ongadesco.org"],"url":"https:\/\/ongadesco.org\/fr\/author\/adesco\/"}]}},"_links":{"self":[{"href":"https:\/\/ongadesco.org\/fr\/wp-json\/wp\/v2\/posts\/825","targetHints":{"allow":["GET"]}}],"collection":[{"href":"https:\/\/ongadesco.org\/fr\/wp-json\/wp\/v2\/posts"}],"about":[{"href":"https:\/\/ongadesco.org\/fr\/wp-json\/wp\/v2\/types\/post"}],"author":[{"embeddable":true,"href":"https:\/\/ongadesco.org\/fr\/wp-json\/wp\/v2\/users\/2"}],"replies":[{"embeddable":true,"href":"https:\/\/ongadesco.org\/fr\/wp-json\/wp\/v2\/comments?post=825"}],"version-history":[{"count":4,"href":"https:\/\/ongadesco.org\/fr\/wp-json\/wp\/v2\/posts\/825\/revisions"}],"predecessor-version":[{"id":838,"href":"https:\/\/ongadesco.org\/fr\/wp-json\/wp\/v2\/posts\/825\/revisions\/838"}],"wp:featuredmedia":[{"embeddable":true,"href":"https:\/\/ongadesco.org\/fr\/wp-json\/wp\/v2\/media\/834"}],"wp:attachment":[{"href":"https:\/\/ongadesco.org\/fr\/wp-json\/wp\/v2\/media?parent=825"}],"wp:term":[{"taxonomy":"category","embeddable":true,"href":"https:\/\/ongadesco.org\/fr\/wp-json\/wp\/v2\/categories?post=825"},{"taxonomy":"post_tag","embeddable":true,"href":"https:\/\/ongadesco.org\/fr\/wp-json\/wp\/v2\/tags?post=825"}],"curies":[{"name":"wp","href":"https:\/\/api.w.org\/{rel}","templated":true}]}}