{"id":841,"date":"2025-04-19T11:56:46","date_gmt":"2025-04-19T09:56:46","guid":{"rendered":"https:\/\/ongadesco.org\/fr\/?p=841"},"modified":"2025-04-19T11:56:47","modified_gmt":"2025-04-19T09:56:47","slug":"projet-bia-laafia-lancement-officiel-des-activites-des-communautes-depargne-et-de-credit-interne-ceci-dans-la-keran","status":"publish","type":"post","link":"https:\/\/ongadesco.org\/fr\/projet-bia-laafia-lancement-officiel-des-activites-des-communautes-depargne-et-de-credit-interne-ceci-dans-la-keran\/","title":{"rendered":"Projet Bia-Laafia: Lancement officiel des activit\u00e9s des Communaut\u00e9s d\u2019\u00c9pargne et de Cr\u00e9dit Interne (CECI) dans la K\u00e9ran"},"content":{"rendered":"\n<p>Le vendredi 18 avril 2025 restera une date marquante dans la mise en \u0153uvre du projet Bia Laafia dans la pr\u00e9fecture de la K\u00e9ran, avec la tenue de la c\u00e9r\u00e9monie officielle de lancement des Communaut\u00e9s d\u2019\u00c9pargne et de Cr\u00e9dit Interne (CECI).<\/p>\n\n\n\n<p>Organis\u00e9e dans une ambiance conviviale et solennelle, la c\u00e9r\u00e9monie a \u00e9t\u00e9 pr\u00e9sid\u00e9e par Monsieur le Pr\u00e9fet de la K\u00e9ran en pr\u00e9sence des repr\u00e9sentants des mairies des trois communes (K\u00e9ran 1, 2 et 3), du Repr\u00e9sentant R\u00e9sident de CRS Togo, Directeur Ex\u00e9cutif d\u2019ADESCO, du Responsable Sauvegarde CRS, de la SILC Officer, du PMSBC, ainsi que de plusieurs partenaires et acteurs locaux, parmi lesquels, l\u2019\u00e9quipe de coordination du projet Bia Laafia, les services d\u00e9concentr\u00e9s de l\u2019\u00c9tat, et les forces de s\u00e9curit\u00e9.<\/p>\n\n\n\n<figure class=\"wp-block-image size-large\"><img loading=\"lazy\" decoding=\"async\" width=\"1024\" height=\"576\" src=\"https:\/\/ongadesco.org\/fr\/wp-content\/uploads\/2025\/04\/WhatsApp-Image-2025-04-19-a-09.39.45_7bd9e417-1024x576.jpg\" alt=\"\" class=\"wp-image-846\" srcset=\"https:\/\/ongadesco.org\/fr\/wp-content\/uploads\/2025\/04\/WhatsApp-Image-2025-04-19-a-09.39.45_7bd9e417-1024x576.jpg 1024w, https:\/\/ongadesco.org\/fr\/wp-content\/uploads\/2025\/04\/WhatsApp-Image-2025-04-19-a-09.39.45_7bd9e417-300x169.jpg 300w, https:\/\/ongadesco.org\/fr\/wp-content\/uploads\/2025\/04\/WhatsApp-Image-2025-04-19-a-09.39.45_7bd9e417-768x432.jpg 768w, https:\/\/ongadesco.org\/fr\/wp-content\/uploads\/2025\/04\/WhatsApp-Image-2025-04-19-a-09.39.45_7bd9e417-1536x864.jpg 1536w, https:\/\/ongadesco.org\/fr\/wp-content\/uploads\/2025\/04\/WhatsApp-Image-2025-04-19-a-09.39.45_7bd9e417-2048x1152.jpg 2048w\" sizes=\"auto, (max-width: 1024px) 100vw, 1024px\" \/><figcaption class=\"wp-element-caption\">Table des officiels pronon\u00e7ant les discours de circonstance <\/figcaption><\/figure>\n\n\n\n<p>Ce lancement marque le fruit d\u2019un processus rigoureux de s\u00e9lection et de formation de 16 Agents de Terrains (AT) potentiels, parmi lesquels 8 ont \u00e9t\u00e9 retenus pour accompagner le d\u00e9ploiement des activit\u00e9s CECI dans 36 villages de la K\u00e9ran.<\/p>\n\n\n\n<p>Dans son allocution, Monsieur le Pr\u00e9fet a salu\u00e9 l\u2019initiative conjointe d\u2019ADESCO et de CRS en faveur du renforcement du tissu \u00e9conomique local \u00e0 travers les CECI. Il a exprim\u00e9 son soutien total au projet et a encourag\u00e9 les acteurs \u00e0 maintenir le cap sur les objectifs de d\u00e9veloppement durable et d\u2019autonomisation des communaut\u00e9s.<\/p>\n\n\n<div class=\"wp-block-image\">\n<figure class=\"aligncenter size-large\"><img loading=\"lazy\" decoding=\"async\" width=\"1024\" height=\"576\" src=\"https:\/\/ongadesco.org\/fr\/wp-content\/uploads\/2025\/04\/WhatsApp-Image-2025-04-18-a-14.37.41_2f32b991-1-1024x576.jpg\" alt=\"\" class=\"wp-image-844\" srcset=\"https:\/\/ongadesco.org\/fr\/wp-content\/uploads\/2025\/04\/WhatsApp-Image-2025-04-18-a-14.37.41_2f32b991-1-1024x576.jpg 1024w, https:\/\/ongadesco.org\/fr\/wp-content\/uploads\/2025\/04\/WhatsApp-Image-2025-04-18-a-14.37.41_2f32b991-1-300x169.jpg 300w, https:\/\/ongadesco.org\/fr\/wp-content\/uploads\/2025\/04\/WhatsApp-Image-2025-04-18-a-14.37.41_2f32b991-1-768x432.jpg 768w, https:\/\/ongadesco.org\/fr\/wp-content\/uploads\/2025\/04\/WhatsApp-Image-2025-04-18-a-14.37.41_2f32b991-1-1536x864.jpg 1536w, https:\/\/ongadesco.org\/fr\/wp-content\/uploads\/2025\/04\/WhatsApp-Image-2025-04-18-a-14.37.41_2f32b991-1-2048x1152.jpg 2048w\" sizes=\"auto, (max-width: 1024px) 100vw, 1024px\" \/><figcaption class=\"wp-element-caption\"><em><strong>M. le Pr\u00e9fet de la K\u00e9ran remettant le mat\u00e9riel de travail a un Agent de Terrain<\/strong><\/em><\/figcaption><\/figure>\n<\/div>\n\n\n<p>Le point culminant de la c\u00e9r\u00e9monie fut la remise officielle du mat\u00e9riel de travail aux Agents Terrains, accompagn\u00e9e de conseils et d&rsquo;encouragements des autorit\u00e9s locales, marquant ainsi le coup d\u2019envoi op\u00e9rationnel des activit\u00e9s dans les villages cibl\u00e9s. Ce lancement augure d\u2019une nouvelle dynamique dans les communes de la K\u00e9ran, o\u00f9 les communaut\u00e9s seront d\u00e9sormais outill\u00e9es pour renforcer leur r\u00e9silience \u00e9conomique \u00e0 travers les principes de l\u2019\u00e9pargne solidaire.<\/p>\n\n\n<div class=\"wp-block-image\">\n<figure class=\"aligncenter size-large\"><img loading=\"lazy\" decoding=\"async\" width=\"1024\" height=\"576\" src=\"https:\/\/ongadesco.org\/fr\/wp-content\/uploads\/2025\/04\/WhatsApp-Image-2025-04-18-a-14.37.40_bb9e1c08-1024x576.jpg\" alt=\"\" class=\"wp-image-847\" srcset=\"https:\/\/ongadesco.org\/fr\/wp-content\/uploads\/2025\/04\/WhatsApp-Image-2025-04-18-a-14.37.40_bb9e1c08-1024x576.jpg 1024w, https:\/\/ongadesco.org\/fr\/wp-content\/uploads\/2025\/04\/WhatsApp-Image-2025-04-18-a-14.37.40_bb9e1c08-300x169.jpg 300w, https:\/\/ongadesco.org\/fr\/wp-content\/uploads\/2025\/04\/WhatsApp-Image-2025-04-18-a-14.37.40_bb9e1c08-768x432.jpg 768w, https:\/\/ongadesco.org\/fr\/wp-content\/uploads\/2025\/04\/WhatsApp-Image-2025-04-18-a-14.37.40_bb9e1c08-1536x864.jpg 1536w, https:\/\/ongadesco.org\/fr\/wp-content\/uploads\/2025\/04\/WhatsApp-Image-2025-04-18-a-14.37.40_bb9e1c08-2048x1152.jpg 2048w\" sizes=\"auto, (max-width: 1024px) 100vw, 1024px\" \/><figcaption class=\"wp-element-caption\"><strong><em>les 8 AT retenus recevant des conseils du Directeur Ex\u00e9cutif de ADESCO<\/em><\/strong><\/figcaption><\/figure>\n<\/div>\n\n\n<p><\/p>\n    <div class=\"related-post grid\">\r\n                <div class=\"headline\">Publications similaires<\/div>\r\n        <div class=\"post-list \">\r\n\r\n                        <div class=\"item\">\r\n                    \r\n    <a class=\"title post_title\"  title=\"\" href=\"https:\/\/ongadesco.org\/fr\/674-2\/?related_post_from=674\">\r\n                    <\/a>\r\n\r\n    <div class=\"thumb post_thumb\">\r\n        <a  title=\"\" href=\"https:\/\/ongadesco.org\/fr\/674-2\/?related_post_from=674\">\r\n\r\n                            <img decoding=\"async\" src=\"\" title=\"\" alt=\"\">\r\n\r\n            \r\n\r\n        <\/a>\r\n    <\/div>\r\n    <p class=\"excerpt post_excerpt\">\r\n        AVIS DE RECRUTEMENT: L'ONG ADESCO RECRUTE (01) UN ASSISTANT AU GESTIONNAIRE DE PROJET ET 10 (DIX) ANIMATEURS DE PROJET POUR <a  class=\"read-more\" href=\"https:\/\/ongadesco.org\/fr\/674-2\/?related_post_from=674\"> Lire la suite<\/a>    <\/p>\r\n                <\/div>\r\n                            <div class=\"item\">\r\n                    \r\n    <a class=\"title post_title\"  title=\"Avis de recrutement: L&rsquo;ONG ADESCO recrute pour le CMS \u00ab\u00a0Bon Secours\u00a0\u00bb un (01) M\u00e9decin\/ Assistant (e) m\u00e9dical (e) bas\u00e9 \u00e0 Sokod\u00e9.\" href=\"https:\/\/ongadesco.org\/fr\/avis-de-recrutement-long-adesco-recrute-pour-le-cms-bon-secours-un-01-medecin-assistant-e-medical-e-base-a-sokode\/?related_post_from=679\">\r\n                Avis de recrutement: L&rsquo;ONG ADESCO recrute pour le CMS \u00ab\u00a0Bon Secours\u00a0\u00bb un (01) M\u00e9decin\/ Assistant (e) m\u00e9dical (e) bas\u00e9 \u00e0 Sokod\u00e9.    <\/a>\r\n\r\n    <div class=\"thumb post_thumb\">\r\n        <a  title=\"Avis de recrutement: L&rsquo;ONG ADESCO recrute pour le CMS \u00ab\u00a0Bon Secours\u00a0\u00bb un (01) M\u00e9decin\/ Assistant (e) m\u00e9dical (e) bas\u00e9 \u00e0 Sokod\u00e9.\" href=\"https:\/\/ongadesco.org\/fr\/avis-de-recrutement-long-adesco-recrute-pour-le-cms-bon-secours-un-01-medecin-assistant-e-medical-e-base-a-sokode\/?related_post_from=679\">\r\n\r\n                            <img decoding=\"async\" src=\"\" title=\"Avis de recrutement: L&rsquo;ONG ADESCO recrute pour le CMS \u00ab\u00a0Bon Secours\u00a0\u00bb un (01) M\u00e9decin\/ Assistant (e) m\u00e9dical (e) bas\u00e9 \u00e0 Sokod\u00e9.\" alt=\"Avis de recrutement: L&rsquo;ONG ADESCO recrute pour le CMS \u00ab\u00a0Bon Secours\u00a0\u00bb un (01) M\u00e9decin\/ Assistant (e) m\u00e9dical (e) bas\u00e9 \u00e0 Sokod\u00e9.\">\r\n\r\n            \r\n\r\n        <\/a>\r\n    <\/div>\r\n    <p class=\"excerpt post_excerpt\">\r\n        Avis-de-recrutement_-CMS-Bon-SecoursT\u00e9l\u00e9charger    <\/p>\r\n                <\/div>\r\n                            <div class=\"item\">\r\n                    \r\n    <a class=\"title post_title\"  title=\"L&rsquo;ONG ADESCO Recrute : Un (e) (01) Assistant(e) au gestionnaire de projet et dix (10) animateurs (trices) de projet\" href=\"https:\/\/ongadesco.org\/fr\/long-adesco-recrute-un-e-01-assistante-au-gestionnaire-de-projet-et-dix-10-animateurs-trices-de-projet\/?related_post_from=682\">\r\n                L&rsquo;ONG ADESCO Recrute : Un (e) (01) Assistant(e) au gestionnaire de projet et dix (10) animateurs (trices) de projet    <\/a>\r\n\r\n    <div class=\"thumb post_thumb\">\r\n        <a  title=\"L&rsquo;ONG ADESCO Recrute : Un (e) (01) Assistant(e) au gestionnaire de projet et dix (10) animateurs (trices) de projet\" href=\"https:\/\/ongadesco.org\/fr\/long-adesco-recrute-un-e-01-assistante-au-gestionnaire-de-projet-et-dix-10-animateurs-trices-de-projet\/?related_post_from=682\">\r\n\r\n                            <img decoding=\"async\" src=\"\" title=\"L&rsquo;ONG ADESCO Recrute : Un (e) (01) Assistant(e) au gestionnaire de projet et dix (10) animateurs (trices) de projet\" alt=\"L&rsquo;ONG ADESCO Recrute : Un (e) (01) Assistant(e) au gestionnaire de projet et dix (10) animateurs (trices) de projet\">\r\n\r\n            \r\n\r\n        <\/a>\r\n    <\/div>\r\n    <p class=\"excerpt post_excerpt\">\r\n        Avis-de-recrutement-des-ressources-humaines_ADESCO-1T\u00e9l\u00e9charger    <\/p>\r\n                <\/div>\r\n                            <div class=\"item\">\r\n                    \r\n    <a class=\"title post_title\"  title=\"L\u00a0\u00bbONG ADESCO a \u00e9t\u00e9 nomin\u00e9 dans la categorie meilleur projet social de l&rsquo;ann\u00e9e.\" href=\"https:\/\/ongadesco.org\/fr\/long-adesco-a-ete-nomine-dans-la-categorie-meilleur-projet-social-de-lannee\/?related_post_from=782\">\r\n                L\u00a0\u00bbONG ADESCO a \u00e9t\u00e9 nomin\u00e9 dans la categorie meilleur projet social de l&rsquo;ann\u00e9e.    <\/a>\r\n\r\n    <div class=\"thumb post_thumb\">\r\n        <a  title=\"L\u00a0\u00bbONG ADESCO a \u00e9t\u00e9 nomin\u00e9 dans la categorie meilleur projet social de l&rsquo;ann\u00e9e.\" href=\"https:\/\/ongadesco.org\/fr\/long-adesco-a-ete-nomine-dans-la-categorie-meilleur-projet-social-de-lannee\/?related_post_from=782\">\r\n\r\n            <img loading=\"lazy\" decoding=\"async\" width=\"526\" height=\"526\" src=\"https:\/\/ongadesco.org\/fr\/wp-content\/uploads\/2024\/12\/470791252_997272059093819_6249824756862086798_n.jpg\" class=\"attachment-full size-full wp-post-image\" alt=\"\" srcset=\"https:\/\/ongadesco.org\/fr\/wp-content\/uploads\/2024\/12\/470791252_997272059093819_6249824756862086798_n.jpg 526w, https:\/\/ongadesco.org\/fr\/wp-content\/uploads\/2024\/12\/470791252_997272059093819_6249824756862086798_n-300x300.jpg 300w, https:\/\/ongadesco.org\/fr\/wp-content\/uploads\/2024\/12\/470791252_997272059093819_6249824756862086798_n-150x150.jpg 150w\" sizes=\"auto, (max-width: 526px) 100vw, 526px\" \/>\r\n\r\n        <\/a>\r\n    <\/div>\r\n    <p class=\"excerpt post_excerpt\">\r\n        Bonjour \u00e0 tous. L'ONG ADESCO a \u00e9t\u00e9 nomin\u00e9 par TOGO TOP IMPACT 2024 dans la cat\u00e9gorie: \u25cfMEILLEUR PROJET SOCIAL DE <a  class=\"read-more\" href=\"https:\/\/ongadesco.org\/fr\/long-adesco-a-ete-nomine-dans-la-categorie-meilleur-projet-social-de-lannee\/?related_post_from=782\"> Lire la suite<\/a>    <\/p>\r\n                <\/div>\r\n                            <div class=\"item\">\r\n                    \r\n    <a class=\"title post_title\"  title=\"Projet Bia-Laafia: Lancement officiel des activit\u00e9s des Communaut\u00e9s d\u2019\u00c9pargne et de Cr\u00e9dit Interne (CECI) dans la K\u00e9ran\" href=\"https:\/\/ongadesco.org\/fr\/projet-bia-laafia-lancement-officiel-des-activites-des-communautes-depargne-et-de-credit-interne-ceci-dans-la-keran\/?related_post_from=841\">\r\n                Projet Bia-Laafia: Lancement officiel des activit\u00e9s des Communaut\u00e9s d\u2019\u00c9pargne et de Cr\u00e9dit Interne (CECI) dans la K\u00e9ran    <\/a>\r\n\r\n    <div class=\"thumb post_thumb\">\r\n        <a  title=\"Projet Bia-Laafia: Lancement officiel des activit\u00e9s des Communaut\u00e9s d\u2019\u00c9pargne et de Cr\u00e9dit Interne (CECI) dans la K\u00e9ran\" href=\"https:\/\/ongadesco.org\/fr\/projet-bia-laafia-lancement-officiel-des-activites-des-communautes-depargne-et-de-credit-interne-ceci-dans-la-keran\/?related_post_from=841\">\r\n\r\n            <img loading=\"lazy\" decoding=\"async\" width=\"2560\" height=\"1440\" src=\"https:\/\/ongadesco.org\/fr\/wp-content\/uploads\/2025\/04\/WhatsApp-Image-2025-04-18-a-14.37.41_2dcad08b.jpg\" class=\"attachment-full size-full wp-post-image\" alt=\"\" srcset=\"https:\/\/ongadesco.org\/fr\/wp-content\/uploads\/2025\/04\/WhatsApp-Image-2025-04-18-a-14.37.41_2dcad08b.jpg 2560w, https:\/\/ongadesco.org\/fr\/wp-content\/uploads\/2025\/04\/WhatsApp-Image-2025-04-18-a-14.37.41_2dcad08b-300x169.jpg 300w, https:\/\/ongadesco.org\/fr\/wp-content\/uploads\/2025\/04\/WhatsApp-Image-2025-04-18-a-14.37.41_2dcad08b-1024x576.jpg 1024w, https:\/\/ongadesco.org\/fr\/wp-content\/uploads\/2025\/04\/WhatsApp-Image-2025-04-18-a-14.37.41_2dcad08b-768x432.jpg 768w, https:\/\/ongadesco.org\/fr\/wp-content\/uploads\/2025\/04\/WhatsApp-Image-2025-04-18-a-14.37.41_2dcad08b-1536x864.jpg 1536w, https:\/\/ongadesco.org\/fr\/wp-content\/uploads\/2025\/04\/WhatsApp-Image-2025-04-18-a-14.37.41_2dcad08b-2048x1152.jpg 2048w\" sizes=\"auto, (max-width: 2560px) 100vw, 2560px\" \/>\r\n\r\n        <\/a>\r\n    <\/div>\r\n    <p class=\"excerpt post_excerpt\">\r\n        Le vendredi 18 avril 2025 restera une date marquante dans la mise en \u0153uvre du projet Bia Laafia dans la <a  class=\"read-more\" href=\"https:\/\/ongadesco.org\/fr\/projet-bia-laafia-lancement-officiel-des-activites-des-communautes-depargne-et-de-credit-interne-ceci-dans-la-keran\/?related_post_from=841\"> Lire la suite<\/a>    <\/p>\r\n                <\/div>\r\n            \r\n    <\/div>\r\n\r\n    <script>\r\n            <\/script>\r\n    <style>\r\n        .related-post {}\r\n\r\n        .related-post .post-list {\r\n            text-align: left;\r\n                    }\r\n\r\n        .related-post .post-list .item {\r\n            margin: 10px;\r\n            padding: 0px;\r\n                    }\r\n\r\n        .related-post .headline {\r\n            font-size: 18px !important;\r\n            color: #999999 !important;\r\n                    }\r\n\r\n        .related-post .post-list .item .post_title {\r\n            font-size: 16px;\r\n            color: #dd3333;\r\n            margin: 10px 0px;\r\n            padding: 0px;\r\n            display: block;\r\n            text-decoration: none;\r\n                    }\r\n\r\n        .related-post .post-list .item .post_thumb {\r\n            max-height: 220px;\r\n            margin: 10px 0px;\r\n            padding: 0px;\r\n            display: block;\r\n                    }\r\n\r\n        .related-post .post-list .item .post_excerpt {\r\n            font-size: 13px;\r\n            color: #3f3f3f;\r\n            margin: 10px 0px;\r\n            padding: 0px;\r\n            display: block;\r\n            text-decoration: none;\r\n                    }\r\n\r\n        @media only screen and (min-width: 1024px) {\r\n            .related-post .post-list .item {\r\n                width: 45%;\r\n            }\r\n        }\r\n\r\n        @media only screen and (min-width: 768px) and (max-width: 1023px) {\r\n            .related-post .post-list .item {\r\n                width: 90%;\r\n            }\r\n        }\r\n\r\n        @media only screen and (min-width: 0px) and (max-width: 767px) {\r\n            .related-post .post-list .item {\r\n                width: 90%;\r\n            }\r\n        }\r\n\r\n            <\/style>\r\n        <\/div>\r\n","protected":false},"excerpt":{"rendered":"<p>Le vendredi 18 avril 2025 restera une date marquante dans la mise en \u0153uvre du projet Bia Laafia dans la pr\u00e9fecture de la K\u00e9ran, avec la tenue de la c\u00e9r\u00e9monie officielle de lancement des Communaut\u00e9s d\u2019\u00c9pargne et de Cr\u00e9dit Interne (CECI). Organis\u00e9e dans une ambiance conviviale et solennelle, la c\u00e9r\u00e9monie a \u00e9t\u00e9 pr\u00e9sid\u00e9e par Monsieur [&hellip;]<\/p>\n","protected":false},"author":1,"featured_media":845,"comment_status":"open","ping_status":"open","sticky":false,"template":"","format":"standard","meta":{"footnotes":""},"categories":[1],"tags":[],"class_list":["post-841","post","type-post","status-publish","format-standard","has-post-thumbnail","hentry","category-non-classe"],"yoast_head":"<!-- This site is optimized with the Yoast SEO plugin v19.14 - https:\/\/yoast.com\/wordpress\/plugins\/seo\/ -->\n<title>Projet Bia-Laafia: Lancement officiel des activit\u00e9s des Communaut\u00e9s d\u2019\u00c9pargne et de Cr\u00e9dit Interne (CECI) dans la K\u00e9ran - ONG Adesco<\/title>\n<meta name=\"robots\" content=\"index, follow, max-snippet:-1, max-image-preview:large, max-video-preview:-1\" \/>\n<link rel=\"canonical\" href=\"https:\/\/ongadesco.org\/fr\/projet-bia-laafia-lancement-officiel-des-activites-des-communautes-depargne-et-de-credit-interne-ceci-dans-la-keran\/\" \/>\n<meta property=\"og:locale\" content=\"fr_FR\" \/>\n<meta property=\"og:type\" content=\"article\" \/>\n<meta property=\"og:title\" content=\"Projet Bia-Laafia: Lancement officiel des activit\u00e9s des Communaut\u00e9s d\u2019\u00c9pargne et de Cr\u00e9dit Interne (CECI) dans la K\u00e9ran - ONG Adesco\" \/>\n<meta property=\"og:description\" content=\"Le vendredi 18 avril 2025 restera une date marquante dans la mise en \u0153uvre du projet Bia Laafia dans la pr\u00e9fecture de la K\u00e9ran, avec la tenue de la c\u00e9r\u00e9monie officielle de lancement des Communaut\u00e9s d\u2019\u00c9pargne et de Cr\u00e9dit Interne (CECI). Organis\u00e9e dans une ambiance conviviale et solennelle, la c\u00e9r\u00e9monie a \u00e9t\u00e9 pr\u00e9sid\u00e9e par Monsieur [&hellip;]\" \/>\n<meta property=\"og:url\" content=\"https:\/\/ongadesco.org\/fr\/projet-bia-laafia-lancement-officiel-des-activites-des-communautes-depargne-et-de-credit-interne-ceci-dans-la-keran\/\" \/>\n<meta property=\"og:site_name\" content=\"ONG Adesco\" \/>\n<meta property=\"article:publisher\" content=\"https:\/\/facebook.com\/adescosantedeveloppement\" \/>\n<meta property=\"article:published_time\" content=\"2025-04-19T09:56:46+00:00\" \/>\n<meta property=\"article:modified_time\" content=\"2025-04-19T09:56:47+00:00\" \/>\n<meta property=\"og:image\" content=\"https:\/\/ongadesco.org\/fr\/wp-content\/uploads\/2025\/04\/WhatsApp-Image-2025-04-18-a-14.37.41_2dcad08b.jpg\" \/>\n\t<meta property=\"og:image:width\" content=\"2560\" \/>\n\t<meta property=\"og:image:height\" content=\"1440\" \/>\n\t<meta property=\"og:image:type\" content=\"image\/jpeg\" \/>\n<meta name=\"author\" content=\"foganbidi2@gmail.com\" \/>\n<meta name=\"twitter:card\" content=\"summary_large_image\" \/>\n<meta name=\"twitter:creator\" content=\"@ongadesco\" \/>\n<meta name=\"twitter:site\" content=\"@ongadesco\" \/>\n<meta name=\"twitter:label1\" content=\"\u00c9crit par\" \/>\n\t<meta name=\"twitter:data1\" content=\"foganbidi2@gmail.com\" \/>\n\t<meta name=\"twitter:label2\" content=\"Dur\u00e9e de lecture estim\u00e9e\" \/>\n\t<meta name=\"twitter:data2\" content=\"3 minutes\" \/>\n<script type=\"application\/ld+json\" class=\"yoast-schema-graph\">{\"@context\":\"https:\/\/schema.org\",\"@graph\":[{\"@type\":\"Article\",\"@id\":\"https:\/\/ongadesco.org\/fr\/projet-bia-laafia-lancement-officiel-des-activites-des-communautes-depargne-et-de-credit-interne-ceci-dans-la-keran\/#article\",\"isPartOf\":{\"@id\":\"https:\/\/ongadesco.org\/fr\/projet-bia-laafia-lancement-officiel-des-activites-des-communautes-depargne-et-de-credit-interne-ceci-dans-la-keran\/\"},\"author\":{\"name\":\"foganbidi2@gmail.com\",\"@id\":\"https:\/\/ongadesco.org\/fr\/#\/schema\/person\/69a26776e2e929d80b99cca5a8fcc0fe\"},\"headline\":\"Projet Bia-Laafia: Lancement officiel des activit\u00e9s des Communaut\u00e9s d\u2019\u00c9pargne et de Cr\u00e9dit Interne (CECI) dans la K\u00e9ran\",\"datePublished\":\"2025-04-19T09:56:46+00:00\",\"dateModified\":\"2025-04-19T09:56:47+00:00\",\"mainEntityOfPage\":{\"@id\":\"https:\/\/ongadesco.org\/fr\/projet-bia-laafia-lancement-officiel-des-activites-des-communautes-depargne-et-de-credit-interne-ceci-dans-la-keran\/\"},\"wordCount\":384,\"commentCount\":0,\"publisher\":{\"@id\":\"https:\/\/ongadesco.org\/fr\/#organization\"},\"inLanguage\":\"fr-FR\",\"potentialAction\":[{\"@type\":\"CommentAction\",\"name\":\"Comment\",\"target\":[\"https:\/\/ongadesco.org\/fr\/projet-bia-laafia-lancement-officiel-des-activites-des-communautes-depargne-et-de-credit-interne-ceci-dans-la-keran\/#respond\"]}]},{\"@type\":\"WebPage\",\"@id\":\"https:\/\/ongadesco.org\/fr\/projet-bia-laafia-lancement-officiel-des-activites-des-communautes-depargne-et-de-credit-interne-ceci-dans-la-keran\/\",\"url\":\"https:\/\/ongadesco.org\/fr\/projet-bia-laafia-lancement-officiel-des-activites-des-communautes-depargne-et-de-credit-interne-ceci-dans-la-keran\/\",\"name\":\"Projet Bia-Laafia: Lancement officiel des activit\u00e9s des Communaut\u00e9s d\u2019\u00c9pargne et de Cr\u00e9dit Interne (CECI) dans la K\u00e9ran - ONG Adesco\",\"isPartOf\":{\"@id\":\"https:\/\/ongadesco.org\/fr\/#website\"},\"datePublished\":\"2025-04-19T09:56:46+00:00\",\"dateModified\":\"2025-04-19T09:56:47+00:00\",\"breadcrumb\":{\"@id\":\"https:\/\/ongadesco.org\/fr\/projet-bia-laafia-lancement-officiel-des-activites-des-communautes-depargne-et-de-credit-interne-ceci-dans-la-keran\/#breadcrumb\"},\"inLanguage\":\"fr-FR\",\"potentialAction\":[{\"@type\":\"ReadAction\",\"target\":[\"https:\/\/ongadesco.org\/fr\/projet-bia-laafia-lancement-officiel-des-activites-des-communautes-depargne-et-de-credit-interne-ceci-dans-la-keran\/\"]}]},{\"@type\":\"BreadcrumbList\",\"@id\":\"https:\/\/ongadesco.org\/fr\/projet-bia-laafia-lancement-officiel-des-activites-des-communautes-depargne-et-de-credit-interne-ceci-dans-la-keran\/#breadcrumb\",\"itemListElement\":[{\"@type\":\"ListItem\",\"position\":1,\"name\":\"Accueil\",\"item\":\"https:\/\/ongadesco.org\/fr\/\"},{\"@type\":\"ListItem\",\"position\":2,\"name\":\"Projet Bia-Laafia: Lancement officiel des activit\u00e9s des Communaut\u00e9s d\u2019\u00c9pargne et de Cr\u00e9dit Interne (CECI) dans la K\u00e9ran\"}]},{\"@type\":\"WebSite\",\"@id\":\"https:\/\/ongadesco.org\/fr\/#website\",\"url\":\"https:\/\/ongadesco.org\/fr\/\",\"name\":\"ONG Adesco\",\"description\":\"\",\"publisher\":{\"@id\":\"https:\/\/ongadesco.org\/fr\/#organization\"},\"potentialAction\":[{\"@type\":\"SearchAction\",\"target\":{\"@type\":\"EntryPoint\",\"urlTemplate\":\"https:\/\/ongadesco.org\/fr\/?s={search_term_string}\"},\"query-input\":\"required name=search_term_string\"}],\"inLanguage\":\"fr-FR\"},{\"@type\":\"Organization\",\"@id\":\"https:\/\/ongadesco.org\/fr\/#organization\",\"name\":\"ONG Adesco\",\"url\":\"https:\/\/ongadesco.org\/fr\/\",\"logo\":{\"@type\":\"ImageObject\",\"inLanguage\":\"fr-FR\",\"@id\":\"https:\/\/ongadesco.org\/fr\/#\/schema\/logo\/image\/\",\"url\":\"https:\/\/ongadesco.org\/fr\/wp-content\/uploads\/2022\/12\/logo2.png\",\"contentUrl\":\"https:\/\/ongadesco.org\/fr\/wp-content\/uploads\/2022\/12\/logo2.png\",\"width\":134,\"height\":45,\"caption\":\"ONG Adesco\"},\"image\":{\"@id\":\"https:\/\/ongadesco.org\/fr\/#\/schema\/logo\/image\/\"},\"sameAs\":[\"https:\/\/web.whatsapp.com\/\",\"https:\/\/whatsapp.com\/\",\"https:\/\/facebook.com\/adescosantedeveloppement\",\"https:\/\/twitter.com\/ongadesco\"]},{\"@type\":\"Person\",\"@id\":\"https:\/\/ongadesco.org\/fr\/#\/schema\/person\/69a26776e2e929d80b99cca5a8fcc0fe\",\"name\":\"foganbidi2@gmail.com\",\"image\":{\"@type\":\"ImageObject\",\"inLanguage\":\"fr-FR\",\"@id\":\"https:\/\/ongadesco.org\/fr\/#\/schema\/person\/image\/\",\"url\":\"https:\/\/secure.gravatar.com\/avatar\/1cfd0cba56e073bb0f6a026587d7c778ed740d18351f35945b0249b416024315?s=96&d=mm&r=g\",\"contentUrl\":\"https:\/\/secure.gravatar.com\/avatar\/1cfd0cba56e073bb0f6a026587d7c778ed740d18351f35945b0249b416024315?s=96&d=mm&r=g\",\"caption\":\"foganbidi2@gmail.com\"},\"sameAs\":[\"https:\/\/ongadesco.org\/fr\"],\"url\":\"https:\/\/ongadesco.org\/fr\/author\/foganbidi2gmail-com\/\"}]}<\/script>\n<!-- \/ Yoast SEO plugin. -->","yoast_head_json":{"title":"Projet Bia-Laafia: Lancement officiel des activit\u00e9s des Communaut\u00e9s d\u2019\u00c9pargne et de Cr\u00e9dit Interne (CECI) dans la K\u00e9ran - ONG Adesco","robots":{"index":"index","follow":"follow","max-snippet":"max-snippet:-1","max-image-preview":"max-image-preview:large","max-video-preview":"max-video-preview:-1"},"canonical":"https:\/\/ongadesco.org\/fr\/projet-bia-laafia-lancement-officiel-des-activites-des-communautes-depargne-et-de-credit-interne-ceci-dans-la-keran\/","og_locale":"fr_FR","og_type":"article","og_title":"Projet Bia-Laafia: Lancement officiel des activit\u00e9s des Communaut\u00e9s d\u2019\u00c9pargne et de Cr\u00e9dit Interne (CECI) dans la K\u00e9ran - ONG Adesco","og_description":"Le vendredi 18 avril 2025 restera une date marquante dans la mise en \u0153uvre du projet Bia Laafia dans la pr\u00e9fecture de la K\u00e9ran, avec la tenue de la c\u00e9r\u00e9monie officielle de lancement des Communaut\u00e9s d\u2019\u00c9pargne et de Cr\u00e9dit Interne (CECI). Organis\u00e9e dans une ambiance conviviale et solennelle, la c\u00e9r\u00e9monie a \u00e9t\u00e9 pr\u00e9sid\u00e9e par Monsieur [&hellip;]","og_url":"https:\/\/ongadesco.org\/fr\/projet-bia-laafia-lancement-officiel-des-activites-des-communautes-depargne-et-de-credit-interne-ceci-dans-la-keran\/","og_site_name":"ONG Adesco","article_publisher":"https:\/\/facebook.com\/adescosantedeveloppement","article_published_time":"2025-04-19T09:56:46+00:00","article_modified_time":"2025-04-19T09:56:47+00:00","og_image":[{"width":2560,"height":1440,"url":"https:\/\/ongadesco.org\/fr\/wp-content\/uploads\/2025\/04\/WhatsApp-Image-2025-04-18-a-14.37.41_2dcad08b.jpg","type":"image\/jpeg"}],"author":"foganbidi2@gmail.com","twitter_card":"summary_large_image","twitter_creator":"@ongadesco","twitter_site":"@ongadesco","twitter_misc":{"\u00c9crit par":"foganbidi2@gmail.com","Dur\u00e9e de lecture estim\u00e9e":"3 minutes"},"schema":{"@context":"https:\/\/schema.org","@graph":[{"@type":"Article","@id":"https:\/\/ongadesco.org\/fr\/projet-bia-laafia-lancement-officiel-des-activites-des-communautes-depargne-et-de-credit-interne-ceci-dans-la-keran\/#article","isPartOf":{"@id":"https:\/\/ongadesco.org\/fr\/projet-bia-laafia-lancement-officiel-des-activites-des-communautes-depargne-et-de-credit-interne-ceci-dans-la-keran\/"},"author":{"name":"foganbidi2@gmail.com","@id":"https:\/\/ongadesco.org\/fr\/#\/schema\/person\/69a26776e2e929d80b99cca5a8fcc0fe"},"headline":"Projet Bia-Laafia: Lancement officiel des activit\u00e9s des Communaut\u00e9s d\u2019\u00c9pargne et de Cr\u00e9dit Interne (CECI) dans la K\u00e9ran","datePublished":"2025-04-19T09:56:46+00:00","dateModified":"2025-04-19T09:56:47+00:00","mainEntityOfPage":{"@id":"https:\/\/ongadesco.org\/fr\/projet-bia-laafia-lancement-officiel-des-activites-des-communautes-depargne-et-de-credit-interne-ceci-dans-la-keran\/"},"wordCount":384,"commentCount":0,"publisher":{"@id":"https:\/\/ongadesco.org\/fr\/#organization"},"inLanguage":"fr-FR","potentialAction":[{"@type":"CommentAction","name":"Comment","target":["https:\/\/ongadesco.org\/fr\/projet-bia-laafia-lancement-officiel-des-activites-des-communautes-depargne-et-de-credit-interne-ceci-dans-la-keran\/#respond"]}]},{"@type":"WebPage","@id":"https:\/\/ongadesco.org\/fr\/projet-bia-laafia-lancement-officiel-des-activites-des-communautes-depargne-et-de-credit-interne-ceci-dans-la-keran\/","url":"https:\/\/ongadesco.org\/fr\/projet-bia-laafia-lancement-officiel-des-activites-des-communautes-depargne-et-de-credit-interne-ceci-dans-la-keran\/","name":"Projet Bia-Laafia: Lancement officiel des activit\u00e9s des Communaut\u00e9s d\u2019\u00c9pargne et de Cr\u00e9dit Interne (CECI) dans la K\u00e9ran - ONG Adesco","isPartOf":{"@id":"https:\/\/ongadesco.org\/fr\/#website"},"datePublished":"2025-04-19T09:56:46+00:00","dateModified":"2025-04-19T09:56:47+00:00","breadcrumb":{"@id":"https:\/\/ongadesco.org\/fr\/projet-bia-laafia-lancement-officiel-des-activites-des-communautes-depargne-et-de-credit-interne-ceci-dans-la-keran\/#breadcrumb"},"inLanguage":"fr-FR","potentialAction":[{"@type":"ReadAction","target":["https:\/\/ongadesco.org\/fr\/projet-bia-laafia-lancement-officiel-des-activites-des-communautes-depargne-et-de-credit-interne-ceci-dans-la-keran\/"]}]},{"@type":"BreadcrumbList","@id":"https:\/\/ongadesco.org\/fr\/projet-bia-laafia-lancement-officiel-des-activites-des-communautes-depargne-et-de-credit-interne-ceci-dans-la-keran\/#breadcrumb","itemListElement":[{"@type":"ListItem","position":1,"name":"Accueil","item":"https:\/\/ongadesco.org\/fr\/"},{"@type":"ListItem","position":2,"name":"Projet Bia-Laafia: Lancement officiel des activit\u00e9s des Communaut\u00e9s d\u2019\u00c9pargne et de Cr\u00e9dit Interne (CECI) dans la K\u00e9ran"}]},{"@type":"WebSite","@id":"https:\/\/ongadesco.org\/fr\/#website","url":"https:\/\/ongadesco.org\/fr\/","name":"ONG Adesco","description":"","publisher":{"@id":"https:\/\/ongadesco.org\/fr\/#organization"},"potentialAction":[{"@type":"SearchAction","target":{"@type":"EntryPoint","urlTemplate":"https:\/\/ongadesco.org\/fr\/?s={search_term_string}"},"query-input":"required name=search_term_string"}],"inLanguage":"fr-FR"},{"@type":"Organization","@id":"https:\/\/ongadesco.org\/fr\/#organization","name":"ONG Adesco","url":"https:\/\/ongadesco.org\/fr\/","logo":{"@type":"ImageObject","inLanguage":"fr-FR","@id":"https:\/\/ongadesco.org\/fr\/#\/schema\/logo\/image\/","url":"https:\/\/ongadesco.org\/fr\/wp-content\/uploads\/2022\/12\/logo2.png","contentUrl":"https:\/\/ongadesco.org\/fr\/wp-content\/uploads\/2022\/12\/logo2.png","width":134,"height":45,"caption":"ONG Adesco"},"image":{"@id":"https:\/\/ongadesco.org\/fr\/#\/schema\/logo\/image\/"},"sameAs":["https:\/\/web.whatsapp.com\/","https:\/\/whatsapp.com\/","https:\/\/facebook.com\/adescosantedeveloppement","https:\/\/twitter.com\/ongadesco"]},{"@type":"Person","@id":"https:\/\/ongadesco.org\/fr\/#\/schema\/person\/69a26776e2e929d80b99cca5a8fcc0fe","name":"foganbidi2@gmail.com","image":{"@type":"ImageObject","inLanguage":"fr-FR","@id":"https:\/\/ongadesco.org\/fr\/#\/schema\/person\/image\/","url":"https:\/\/secure.gravatar.com\/avatar\/1cfd0cba56e073bb0f6a026587d7c778ed740d18351f35945b0249b416024315?s=96&d=mm&r=g","contentUrl":"https:\/\/secure.gravatar.com\/avatar\/1cfd0cba56e073bb0f6a026587d7c778ed740d18351f35945b0249b416024315?s=96&d=mm&r=g","caption":"foganbidi2@gmail.com"},"sameAs":["https:\/\/ongadesco.org\/fr"],"url":"https:\/\/ongadesco.org\/fr\/author\/foganbidi2gmail-com\/"}]}},"_links":{"self":[{"href":"https:\/\/ongadesco.org\/fr\/wp-json\/wp\/v2\/posts\/841","targetHints":{"allow":["GET"]}}],"collection":[{"href":"https:\/\/ongadesco.org\/fr\/wp-json\/wp\/v2\/posts"}],"about":[{"href":"https:\/\/ongadesco.org\/fr\/wp-json\/wp\/v2\/types\/post"}],"author":[{"embeddable":true,"href":"https:\/\/ongadesco.org\/fr\/wp-json\/wp\/v2\/users\/1"}],"replies":[{"embeddable":true,"href":"https:\/\/ongadesco.org\/fr\/wp-json\/wp\/v2\/comments?post=841"}],"version-history":[{"count":1,"href":"https:\/\/ongadesco.org\/fr\/wp-json\/wp\/v2\/posts\/841\/revisions"}],"predecessor-version":[{"id":848,"href":"https:\/\/ongadesco.org\/fr\/wp-json\/wp\/v2\/posts\/841\/revisions\/848"}],"wp:featuredmedia":[{"embeddable":true,"href":"https:\/\/ongadesco.org\/fr\/wp-json\/wp\/v2\/media\/845"}],"wp:attachment":[{"href":"https:\/\/ongadesco.org\/fr\/wp-json\/wp\/v2\/media?parent=841"}],"wp:term":[{"taxonomy":"category","embeddable":true,"href":"https:\/\/ongadesco.org\/fr\/wp-json\/wp\/v2\/categories?post=841"},{"taxonomy":"post_tag","embeddable":true,"href":"https:\/\/ongadesco.org\/fr\/wp-json\/wp\/v2\/tags?post=841"}],"curies":[{"name":"wp","href":"https:\/\/api.w.org\/{rel}","templated":true}]}}